{"id":24638,"date":"2021-06-17T17:05:00","date_gmt":"2021-06-17T20:05:00","guid":{"rendered":"https:\/\/blogopara.com.br\/?p=24638"},"modified":"2021-06-17T11:13:31","modified_gmt":"2021-06-17T14:13:31","slug":"lula-avalia-ida-a-manifestacao-contra-bolsonaro-mas-aliados-temem-efeito-negativo","status":"publish","type":"post","link":"https:\/\/blogopara.com.br\/index.php\/2021\/06\/17\/lula-avalia-ida-a-manifestacao-contra-bolsonaro-mas-aliados-temem-efeito-negativo","title":{"rendered":"Lula avalia ida a manifesta\u00e7\u00e3o contra Bolsonaro, mas aliados temem efeito negativo"},"content":{"rendered":"<p style=\"text-align: justify;\">Em movimento para consolidar a sua candidatura ao Pal\u00e1cio do Planalto em 2022, o ex-presidente Lula avalia testar e refor\u00e7ar a sua popularidade em ato nacional contra o governo Bolsonaro marcado para este s\u00e1bado (22). No entanto, aliados temem que a sua presen\u00e7a contamine eleitoralmente a manifesta\u00e7\u00e3o como de &#8220;petistas&#8221; e sirva de combust\u00edvel para a narrativa bolsonarista.<\/p>\n<p>De acordo com a Folha de S. Paulo, a tend\u00eancia \u00e9 que ele recue desta possibilidade e n\u00e3o v\u00e1 ao protesto convocado por diferentes setores da sociedade, al\u00e9m do PT, PSOL, PCdoB, centrais sindicais e movimentos estudantis e progressistas.<\/p>\n<p>Outro fator que pesa contra a ida de Lula \u00e9 a pr\u00f3pria crise sanit\u00e1ria de Covid-19. Apesar da tentativa de organiza\u00e7\u00e3o e da predomin\u00e2ncia de pessoas de m\u00e1scaras, os atos espalhados pelo pa\u00eds inevitavelmente geram aglomera\u00e7\u00e3o e sempre s\u00e3o alvos de cr\u00edticas, por vezes, de pessoas ligadas \u00e0 esquerda e de autoridades da \u00e1rea de sa\u00fade.<\/p>\n<p>Imagens com Lula no meio da multid\u00e3o e a possibilidade de ass\u00e9dio ao petista podem se tornar uma arma para o atual presidente Jair Bolsonaro e seus aliados.<\/p>\n<p>No \u00faltimo dia 29 de maio, o ex-presidente n\u00e3o apareceu em nenhuma das manifesta\u00e7\u00f5es, que foram as maiores at\u00e9 ent\u00e3o contra o governo desde o in\u00edcio da pandemia.<\/p>\n<p>Uma outra ala, no entanto, v\u00e1 a sua aus\u00eancia como um distanciamento do seu discurso de incentivo \u00e0\u00a0participa\u00e7\u00e3o das ruas.<\/p>\n<p>A Campanha Nacional Fora, Bolsonaro, que re\u00fane frentes como a Povo sem Medo, Brasil Popular e Coaliz\u00e3o Negra por Direitos, defende que as pautas no pr\u00f3ximo s\u00e1bado sejam mais amplas e engajadas.<\/p>\n<p>As principais reivindica\u00e7\u00f5es s\u00e3o o impeachment do presidente Jair Bolsonaro e o retorno do aux\u00edlio-emergencial no valor de R$ 600. As organiza\u00e7\u00f5es t\u00eam dialogado para tentar unificar o seu discurso e evitar a dispers\u00e3o.<\/p>\n<p>Pelo menos 319 atos est\u00e3o confirmados, no Brasil e no exterior, incluindo passeatas e carreatas. A orienta\u00e7\u00e3o \u00e9 que todos usem m\u00e1scaras PFF2, usem \u00e1lcool em gel e tentem, na medida do poss\u00edvel, manter uma dist\u00e2ncia segura de outras pessoas. Os organizadores refor\u00e7am que quem puder, leve m\u00e1scaras para doa\u00e7\u00e3o e tamb\u00e9m frascos de \u00e1lcool em gel.<\/p>\n<p>Fonte: BNews<\/p>\n","protected":false},"excerpt":{"rendered":"<p>Em movimento para consolidar a sua candidatura ao Pal\u00e1cio do Planalto em 2022, o ex-presidente Lula avalia testar e refor\u00e7ar a sua popularidade em ato nacional contra o governo Bolsonaro marcado para este s\u00e1bado (22). No entanto, aliados temem que a sua presen\u00e7a contamine eleitoralmente a manifesta\u00e7\u00e3o como de &#8220;petistas&#8221; e sirva de combust\u00edvel para [&hellip;]<\/p>\n","protected":false},"author":1,"featured_media":24639,"comment_status":"closed","ping_status":"open","sticky":false,"template":"","format":"standard","meta":{"_uag_custom_page_level_css":"","_monsterinsights_skip_tracking":false,"_monsterinsights_sitenote_active":false,"_monsterinsights_sitenote_note":"","_monsterinsights_sitenote_category":0,"jetpack_post_was_ever_published":false,"_jetpack_newsletter_access":"","_jetpack_dont_email_post_to_subs":false,"_jetpack_newsletter_tier_id":0,"_jetpack_memberships_contains_paywalled_content":false,"_jetpack_memberships_contains_paid_content":false,"footnotes":"","jetpack_publicize_message":"","jetpack_publicize_feature_enabled":true,"jetpack_social_post_already_shared":true,"jetpack_social_options":{"image_generator_settings":{"template":"highway","default_image_id":0,"font":"","enabled":false},"version":2}},"categories":[200,197],"tags":[1298,21,554,3537],"class_list":["post-24638","post","type-post","status-publish","format-standard","has-post-thumbnail","hentry","category-brasil","category-politica","tag-avaliacao","tag-bolsonaro","tag-lula","tag-manisfestacao"],"jetpack_publicize_connections":[],"jetpack_featured_media_url":"https:\/\/blogopara.com.br\/wp-content\/uploads\/2021\/06\/311354-IMAGEM_NOTICIA_0.jpg","uagb_featured_image_src":{"full":["https:\/\/blogopara.com.br\/wp-content\/uploads\/2021\/06\/311354-IMAGEM_NOTICIA_0.jpg",500,246,false],"thumbnail":["https:\/\/blogopara.com.br\/wp-content\/uploads\/2021\/06\/311354-IMAGEM_NOTICIA_0-150x150.jpg",150,150,true],"medium":["https:\/\/blogopara.com.br\/wp-content\/uploads\/2021\/06\/311354-IMAGEM_NOTICIA_0-300x148.jpg",300,148,true],"medium_large":["https:\/\/blogopara.com.br\/wp-content\/uploads\/2021\/06\/311354-IMAGEM_NOTICIA_0.jpg",500,246,false],"large":["https:\/\/blogopara.com.br\/wp-content\/uploads\/2021\/06\/311354-IMAGEM_NOTICIA_0.jpg",500,246,false],"1536x1536":["https:\/\/blogopara.com.br\/wp-content\/uploads\/2021\/06\/311354-IMAGEM_NOTICIA_0.jpg",500,246,false],"2048x2048":["https:\/\/blogopara.com.br\/wp-content\/uploads\/2021\/06\/311354-IMAGEM_NOTICIA_0.jpg",500,246,false],"mantranews-slider-large":["https:\/\/blogopara.com.br\/wp-content\/uploads\/2021\/06\/311354-IMAGEM_NOTICIA_0.jpg",500,246,false],"mantranews-featured-medium":["https:\/\/blogopara.com.br\/wp-content\/uploads\/2021\/06\/311354-IMAGEM_NOTICIA_0-420x246.jpg",420,246,true],"mantranews-featured-long":["https:\/\/blogopara.com.br\/wp-content\/uploads\/2021\/06\/311354-IMAGEM_NOTICIA_0-300x246.jpg",300,246,true],"mantranews-block-medium":["https:\/\/blogopara.com.br\/wp-content\/uploads\/2021\/06\/311354-IMAGEM_NOTICIA_0-464x246.jpg",464,246,true],"mantranews-carousel-image":["https:\/\/blogopara.com.br\/wp-content\/uploads\/2021\/06\/311354-IMAGEM_NOTICIA_0.jpg",500,246,false],"mantranews-block-thumb":["https:\/\/blogopara.com.br\/wp-content\/uploads\/2021\/06\/311354-IMAGEM_NOTICIA_0-322x230.jpg",322,230,true],"mantranews-single-large":["https:\/\/blogopara.com.br\/wp-content\/uploads\/2021\/06\/311354-IMAGEM_NOTICIA_0.jpg",500,246,false]},"uagb_author_info":{"display_name":"Reda\u00e7\u00e3o geral","author_link":"https:\/\/blogopara.com.br\/index.php\/author\/blogopara"},"uagb_comment_info":0,"uagb_excerpt":"Em movimento para consolidar a sua candidatura ao Pal\u00e1cio do Planalto em 2022, o ex-presidente Lula avalia testar e refor\u00e7ar a sua popularidade em ato nacional contra o governo Bolsonaro marcado para este s\u00e1bado (22). No entanto, aliados temem que a sua presen\u00e7a contamine eleitoralmente a manifesta\u00e7\u00e3o como de &#8220;petistas&#8221; e sirva de combust\u00edvel para&hellip;","jetpack_sharing_enabled":true,"jetpack_likes_enabled":true,"_links":{"self":[{"href":"https:\/\/blogopara.com.br\/index.php\/wp-json\/wp\/v2\/posts\/24638","targetHints":{"allow":["GET"]}}],"collection":[{"href":"https:\/\/blogopara.com.br\/index.php\/wp-json\/wp\/v2\/posts"}],"about":[{"href":"https:\/\/blogopara.com.br\/index.php\/wp-json\/wp\/v2\/types\/post"}],"author":[{"embeddable":true,"href":"https:\/\/blogopara.com.br\/index.php\/wp-json\/wp\/v2\/users\/1"}],"replies":[{"embeddable":true,"href":"https:\/\/blogopara.com.br\/index.php\/wp-json\/wp\/v2\/comments?post=24638"}],"version-history":[{"count":2,"href":"https:\/\/blogopara.com.br\/index.php\/wp-json\/wp\/v2\/posts\/24638\/revisions"}],"predecessor-version":[{"id":24641,"href":"https:\/\/blogopara.com.br\/index.php\/wp-json\/wp\/v2\/posts\/24638\/revisions\/24641"}],"wp:featuredmedia":[{"embeddable":true,"href":"https:\/\/blogopara.com.br\/index.php\/wp-json\/wp\/v2\/media\/24639"}],"wp:attachment":[{"href":"https:\/\/blogopara.com.br\/index.php\/wp-json\/wp\/v2\/media?parent=24638"}],"wp:term":[{"taxonomy":"category","embeddable":true,"href":"https:\/\/blogopara.com.br\/index.php\/wp-json\/wp\/v2\/categories?post=24638"},{"taxonomy":"post_tag","embeddable":true,"href":"https:\/\/blogopara.com.br\/index.php\/wp-json\/wp\/v2\/tags?post=24638"}],"curies":[{"name":"wp","href":"https:\/\/api.w.org\/{rel}","templated":true}]}}