{"id":24655,"date":"2021-06-17T08:45:00","date_gmt":"2021-06-17T11:45:00","guid":{"rendered":"https:\/\/blogopara.com.br\/?p=24655"},"modified":"2021-06-17T17:14:26","modified_gmt":"2021-06-17T20:14:26","slug":"camara-aprova-projeto-que-amplia-categorias-prioritarias-na-vacinacao","status":"publish","type":"post","link":"https:\/\/blogopara.com.br\/index.php\/2021\/06\/17\/camara-aprova-projeto-que-amplia-categorias-prioritarias-na-vacinacao","title":{"rendered":"C\u00e2mara aprova projeto que amplia categorias priorit\u00e1rias na vacina\u00e7\u00e3o"},"content":{"rendered":"<p style=\"text-align: justify;\">A C\u00e2mara dos Deputados concluiu, hoje (17), a vota\u00e7\u00e3o do Projeto de Lei (PL) 1011\/20, estabelecendo prioridade de grupos no plano de vacina\u00e7\u00e3o contra a covid-19. O texto-base, aprovado em mar\u00e7o, estabelecia prioridade para 16 grupos, mas na vota\u00e7\u00e3o desta quinta-feira (17) foram inclu\u00eddos os banc\u00e1rios, as empregadas dom\u00e9sticas e os motoristas de aplicativos. A proposta segue agora para an\u00e1lise do Senado.<\/p>\n<p style=\"text-align: justify;\"><span style=\"font-size: inherit;\">O texto original, do deputado Vicentinho J\u00fanior (PL-TO) e outros, inclu\u00eda nos grupos priorit\u00e1rios os caminhoneiros aut\u00f4nomos e profissionais do transporte de cargas e mercadorias, mas foi alterado pela relatora deputada Celina Le\u00e3o (PP-DF) para abranger mais categorias.<\/span><\/p>\n<p style=\"text-align: justify;\">O projeto aprovado tem como grupos priorit\u00e1rios para vacina\u00e7\u00e3o contra a covid-19 os profissionais de sa\u00fade; os idosos; as pessoas com defici\u00eancia e com doen\u00e7as cr\u00f4nicas e as que tiveram embolia pulmonar; os povos ind\u00edgenas; os caminhoneiros e demais motoristas de transporte rodovi\u00e1rio de cargas; os trabalhadores de transporte coletivo rodovi\u00e1rio e metrovi\u00e1rio; os trabalhadores de transporte aquavi\u00e1rio de cargas e passageiros; os agentes de seguran\u00e7a p\u00fablica e privada; os trabalhadores do Sistema \u00danico de Assist\u00eancia Social e das entidades e organiza\u00e7\u00f5es de assist\u00eancia social, bem como dos conselheiros tutelares; os trabalhadores da educa\u00e7\u00e3o do Ensino B\u00e1sico; os coveiros e agentes funer\u00e1rios; os taxistas e os mototaxistas; os profissionais que trabalham em farm\u00e1cias; os profissionais de limpeza p\u00fablica e os oficiais de justi\u00e7a.<\/p>\n<p style=\"text-align: justify;\"><strong>Encceja exterior<\/strong><\/p>\n<p style=\"text-align: justify;\">Os deputados tamb\u00e9m aprovaram o projeto que altera o Plano Nacional de Educa\u00e7\u00e3o (PNE), para incluir entre suas metas a realiza\u00e7\u00e3o de exame nacional no exterior, a fim de certificar compet\u00eancias de jovens e adultos. O texto tamb\u00e9m segue para an\u00e1lise do Senado.<\/p>\n<p style=\"text-align: justify;\">A proposta estabelece que caber\u00e1 ao governo ampliar e garantir a realiza\u00e7\u00e3o do Exame Nacional para Certifica\u00e7\u00e3o de Compet\u00eancias de Jovens e Adultos aplicado no exterior (Encceja Exterior) e tamb\u00e9m coletar dados a respeito do n\u00edvel de escolariza\u00e7\u00e3o dos brasileiros residentes no exterior.<\/p>\n<p style=\"text-align: justify;\">O Encceja \u00e9 aplicado no Brasil desde 20021 pelo Minist\u00e9rio da Educa\u00e7\u00e3o. O exame serve para conceder o diploma de conclus\u00e3o do ensino fundamental ou m\u00e9dio para os jovens e adultos que n\u00e3o conseguiram obter na idade adequada.<\/p>\n<p style=\"text-align: justify;\">De acordo com a relatora do projeto, deputada Soraya Santos (PL-RJ), o exame no exterior vai se voltar para pa\u00edses que abrigam comunidades de brasileiros emigrados, como Jap\u00e3o, Estados Unidos e Portugal.<\/p>\n<p style=\"text-align: justify;\">\u201cEsse projeto vai servir para o governo orientar pol\u00edticas p\u00fablicas destinadas a promover o direito \u00e0 educa\u00e7\u00e3o de seus cidad\u00e3os residentes em outros pa\u00edses\u201c, disse a relatora.<\/p>\n<p style=\"text-align: justify;\">Fonte: Informe Baiano<\/p>\n\n\n<p><\/p>\n","protected":false},"excerpt":{"rendered":"<p>A C\u00e2mara dos Deputados concluiu, hoje (17), a vota\u00e7\u00e3o do Projeto de Lei (PL) 1011\/20, estabelecendo prioridade de grupos no plano de vacina\u00e7\u00e3o contra a covid-19. O texto-base, aprovado em mar\u00e7o, estabelecia prioridade para 16 grupos, mas na vota\u00e7\u00e3o desta quinta-feira (17) foram inclu\u00eddos os banc\u00e1rios, as empregadas dom\u00e9sticas e os motoristas de aplicativos. A [&hellip;]<\/p>\n","protected":false},"author":1,"featured_media":24656,"comment_status":"closed","ping_status":"open","sticky":false,"template":"","format":"standard","meta":{"_uag_custom_page_level_css":"","_monsterinsights_skip_tracking":false,"_monsterinsights_sitenote_active":false,"_monsterinsights_sitenote_note":"","_monsterinsights_sitenote_category":0,"jetpack_post_was_ever_published":false,"_jetpack_newsletter_access":"","_jetpack_dont_email_post_to_subs":false,"_jetpack_newsletter_tier_id":0,"_jetpack_memberships_contains_paywalled_content":false,"_jetpack_memberships_contains_paid_content":false,"footnotes":"","jetpack_publicize_message":"","jetpack_publicize_feature_enabled":true,"jetpack_social_post_already_shared":true,"jetpack_social_options":{"image_generator_settings":{"template":"highway","default_image_id":0,"font":"","enabled":false},"version":2}},"categories":[2801],"tags":[3549,2499,3550,3107],"class_list":["post-24655","post","type-post","status-publish","format-standard","has-post-thumbnail","hentry","category-covid19","tag-ampliacao","tag-aprovacao-de-projeto","tag-categorias-prioritarias","tag-vacinacao"],"jetpack_publicize_connections":[],"jetpack_featured_media_url":"https:\/\/blogopara.com.br\/wp-content\/uploads\/2021\/06\/vacina_sp_210520211170_0-696x416-1.jpg","uagb_featured_image_src":{"full":["https:\/\/blogopara.com.br\/wp-content\/uploads\/2021\/06\/vacina_sp_210520211170_0-696x416-1.jpg",500,298,false],"thumbnail":["https:\/\/blogopara.com.br\/wp-content\/uploads\/2021\/06\/vacina_sp_210520211170_0-696x416-1-150x150.jpg",150,150,true],"medium":["https:\/\/blogopara.com.br\/wp-content\/uploads\/2021\/06\/vacina_sp_210520211170_0-696x416-1-300x179.jpg",300,179,true],"medium_large":["https:\/\/blogopara.com.br\/wp-content\/uploads\/2021\/06\/vacina_sp_210520211170_0-696x416-1.jpg",500,298,false],"large":["https:\/\/blogopara.com.br\/wp-content\/uploads\/2021\/06\/vacina_sp_210520211170_0-696x416-1.jpg",500,298,false],"1536x1536":["https:\/\/blogopara.com.br\/wp-content\/uploads\/2021\/06\/vacina_sp_210520211170_0-696x416-1.jpg",500,298,false],"2048x2048":["https:\/\/blogopara.com.br\/wp-content\/uploads\/2021\/06\/vacina_sp_210520211170_0-696x416-1.jpg",500,298,false],"mantranews-slider-large":["https:\/\/blogopara.com.br\/wp-content\/uploads\/2021\/06\/vacina_sp_210520211170_0-696x416-1.jpg",500,298,false],"mantranews-featured-medium":["https:\/\/blogopara.com.br\/wp-content\/uploads\/2021\/06\/vacina_sp_210520211170_0-696x416-1-420x298.jpg",420,298,true],"mantranews-featured-long":["https:\/\/blogopara.com.br\/wp-content\/uploads\/2021\/06\/vacina_sp_210520211170_0-696x416-1-300x298.jpg",300,298,true],"mantranews-block-medium":["https:\/\/blogopara.com.br\/wp-content\/uploads\/2021\/06\/vacina_sp_210520211170_0-696x416-1-464x290.jpg",464,290,true],"mantranews-carousel-image":["https:\/\/blogopara.com.br\/wp-content\/uploads\/2021\/06\/vacina_sp_210520211170_0-696x416-1.jpg",500,298,false],"mantranews-block-thumb":["https:\/\/blogopara.com.br\/wp-content\/uploads\/2021\/06\/vacina_sp_210520211170_0-696x416-1-322x230.jpg",322,230,true],"mantranews-single-large":["https:\/\/blogopara.com.br\/wp-content\/uploads\/2021\/06\/vacina_sp_210520211170_0-696x416-1.jpg",500,298,false]},"uagb_author_info":{"display_name":"Reda\u00e7\u00e3o geral","author_link":"https:\/\/blogopara.com.br\/index.php\/author\/blogopara"},"uagb_comment_info":0,"uagb_excerpt":"A C\u00e2mara dos Deputados concluiu, hoje (17), a vota\u00e7\u00e3o do Projeto de Lei (PL) 1011\/20, estabelecendo prioridade de grupos no plano de vacina\u00e7\u00e3o contra a covid-19. O texto-base, aprovado em mar\u00e7o, estabelecia prioridade para 16 grupos, mas na vota\u00e7\u00e3o desta quinta-feira (17) foram inclu\u00eddos os banc\u00e1rios, as empregadas dom\u00e9sticas e os motoristas de aplicativos. A&hellip;","jetpack_sharing_enabled":true,"jetpack_likes_enabled":true,"_links":{"self":[{"href":"https:\/\/blogopara.com.br\/index.php\/wp-json\/wp\/v2\/posts\/24655","targetHints":{"allow":["GET"]}}],"collection":[{"href":"https:\/\/blogopara.com.br\/index.php\/wp-json\/wp\/v2\/posts"}],"about":[{"href":"https:\/\/blogopara.com.br\/index.php\/wp-json\/wp\/v2\/types\/post"}],"author":[{"embeddable":true,"href":"https:\/\/blogopara.com.br\/index.php\/wp-json\/wp\/v2\/users\/1"}],"replies":[{"embeddable":true,"href":"https:\/\/blogopara.com.br\/index.php\/wp-json\/wp\/v2\/comments?post=24655"}],"version-history":[{"count":1,"href":"https:\/\/blogopara.com.br\/index.php\/wp-json\/wp\/v2\/posts\/24655\/revisions"}],"predecessor-version":[{"id":24657,"href":"https:\/\/blogopara.com.br\/index.php\/wp-json\/wp\/v2\/posts\/24655\/revisions\/24657"}],"wp:featuredmedia":[{"embeddable":true,"href":"https:\/\/blogopara.com.br\/index.php\/wp-json\/wp\/v2\/media\/24656"}],"wp:attachment":[{"href":"https:\/\/blogopara.com.br\/index.php\/wp-json\/wp\/v2\/media?parent=24655"}],"wp:term":[{"taxonomy":"category","embeddable":true,"href":"https:\/\/blogopara.com.br\/index.php\/wp-json\/wp\/v2\/categories?post=24655"},{"taxonomy":"post_tag","embeddable":true,"href":"https:\/\/blogopara.com.br\/index.php\/wp-json\/wp\/v2\/tags?post=24655"}],"curies":[{"name":"wp","href":"https:\/\/api.w.org\/{rel}","templated":true}]}}