{"id":24723,"date":"2021-06-20T07:40:00","date_gmt":"2021-06-20T10:40:00","guid":{"rendered":"https:\/\/blogopara.com.br\/?p=24723"},"modified":"2021-06-20T10:02:42","modified_gmt":"2021-06-20T13:02:42","slug":"milhares-saem-as-ruas-do-pais-em-novos-protestos-pelo-impeachment-de-bolsonaro","status":"publish","type":"post","link":"https:\/\/blogopara.com.br\/index.php\/2021\/06\/20\/milhares-saem-as-ruas-do-pais-em-novos-protestos-pelo-impeachment-de-bolsonaro","title":{"rendered":"Milhares saem \u00e0s ruas do pa\u00eds em novos protestos pelo impeachment de Bolsonaro"},"content":{"rendered":"<p style=\"text-align: justify;\">Milhares de manifestantes se re\u00fanem na manh\u00e3 deste s\u00e1bado (19) em diferentes cidades do pa\u00eds em protestos contra o presidente Jair Bolsonaro. Entre os maiores atos, est\u00e3o os de Bras\u00edlia, com manifestantes na Esplanada dos Minist\u00e9rios, e no Rio de Janeiro. Em S\u00e3o Paulo, o protesto est\u00e1 marcado para \u00e0s 16h, na avenida Paulista.<\/p>\n<p>As manifesta\u00e7\u00f5es ocorrem no momento em que o pa\u00eds se aproxima de 500 mil mortos pela Covid e menos de um m\u00eas ap\u00f3s os atos de 29 de maio, que atra\u00edram milhares de pessoas. Os protestos nacionais s\u00e3o pelo impeachment do presidente, por mais vacinas contra a Covid-19 e por aux\u00edlio emergencial.<\/p>\n<p>As manifesta\u00e7\u00f5es s\u00e3o convocadas e apoiadas por movimentos sociais, partidos pol\u00edticos, centrais sindicais, entidades estudantis, torcidas organizadas e grupos envolvidos em causas como feminismo e antirracismo. A organiza\u00e7\u00e3o est\u00e1 centralizada no f\u00f3rum Campanha Nacional Fora, Bolsonaro.<\/p>\n<p>A expectativa deles era de um volume maior de participantes desta vez. A quantidade de organiza\u00e7\u00f5es que endossam a realiza\u00e7\u00e3o dos protestos e o n\u00famero de cidades com atividades programadas cresceram em rela\u00e7\u00e3o ao final de maio.<\/p>\n<p>Em Bras\u00edlia e no Rio, manifestantes inclu\u00edram na pauta dos atos protestos contra a privatiza\u00e7\u00e3o da Eletrobras, que deve ser aprovada na C\u00e2mara no in\u00edcio da pr\u00f3xima semana.<\/p>\n<p>Na capital federal, o ato contou com uma carreata que percorreu algumas vias principais da cidade at\u00e9 a concentra\u00e7\u00e3o para uma passeata. Ind\u00edgenas de v\u00e1rias partes do pa\u00eds tamb\u00e9m se juntaram aos manifestantes para condenar a omiss\u00e3o do governo na prote\u00e7\u00e3o desses povos na pandemia e tamb\u00e9m em protesto contra a mudan\u00e7a na demarca\u00e7\u00e3o de terras.<\/p>\n<p>Ao contr\u00e1rio dos atos em favor do governo, os manifestantes n\u00e3o foram autorizados a descer para a pra\u00e7a dos Tr\u00eas Poderes e se concentram no gramado em frente ao Congresso Nacional.<\/p>\n<p>O evento no DF colocou no mesmo carro de som parlamentares de diversos partidos de esquerda.<\/p>\n<p>Discursam com palavras duras contra o presidente, especialmente condenando a condu\u00e7\u00e3o no enfrentamento da pandemia e o autoritarismo do governo, parlamentares como os deputados federais Tal\u00edria Petrone (PSOL-RJ) e Pedro Uczai (PT-SC) e o deputado distrital Leandro Grass (Rede).<\/p>\n<p>Tamb\u00e9m h\u00e1 diversas bandeiras de partidos, como PT, PSOL e PCdoB, al\u00e9m de in\u00fameras camisetas com a imagem do ex-presidente Luiz In\u00e1cio Lula da Silva.<\/p>\n<p>No Recife, mesmo sob chuva, o evento foi maior do que o anterior. O ato tamb\u00e9m uniu representantes de partidos \u00e0 esquerda que disputam espa\u00e7o na corrida eleitoral de 2022, como PT e PDT. O estado e a cidade s\u00e3o governados pelo PSB, que tamb\u00e9m teve representantes no protesto.<\/p>\n<p>No ato anterior, realizado no dia 29 de maio, a Pol\u00edcia Militar de Pernambuco atacou violentamente as pessoas que protestavam pacificamente contra o governo federal.<\/p>\n<p>Diante do desgaste pol\u00edtico, o governo estadual escalou agentes de concilia\u00e7\u00e3o para evitar qualquer tipo de animosidade entre pol\u00edcia e manifestantes. Poucos policiais militares acompanharam os manifestantes \u00e0 dist\u00e2ncia<\/p>\n<p>Os manifestantes tentaram cumprir normas de distanciamento social e se organizaram em tr\u00eas grandes filas. Em megafones, pessoas da organiza\u00e7\u00e3o do ato alertavam para a necessidade de manter o distanciamento e usar o equipamento de prote\u00e7\u00e3o.<\/p>\n<p>O Minist\u00e9rio P\u00fablico de Pernambuco, baseado em decreto estadual que pro\u00edbe a realiza\u00e7\u00e3o de eventos p\u00fablicos e privados para evitar aglomera\u00e7\u00f5es, expediu recomenda\u00e7\u00e3o para que o protesto n\u00e3o fosse realizado.<\/p>\n<p>Em Macei\u00f3, a manifesta\u00e7\u00e3o se concentrou na pra\u00e7a Centen\u00e1rio, no bairro do Farol, e seguiu pela avenida Fernandes Lima.<\/p>\n<p>Tamb\u00e9m ocorreram protestos em Aracaju, Bel\u00e9m, Jo\u00e3o Pessoa, S\u00e3o Lu\u00eds e Teresina.<\/p>\n<p><strong>OUTRAS CIDADES<\/strong><br>At\u00e9 sexta-feira (18), estavam confirmados atos em mais de 400 cidades de todos os estados brasileiros, incluindo as 27 capitais. No exterior, a previs\u00e3o era a de concentra\u00e7\u00f5es em 41 cidades, em pa\u00edses como Estados Unidos, Canad\u00e1, Alemanha, Fran\u00e7a, Portugal, It\u00e1lia, Finl\u00e2ndia e Argentina.<\/p>\n<p>No m\u00eas passado, segundo a coordena\u00e7\u00e3o, houve no total movimenta\u00e7\u00f5es em 210 cidades no Brasil -algumas, assim como agora, tiveram mais de uma atividade. No exterior, o n\u00famero tamb\u00e9m foi menor: 14 cidades. No total, foram 227 atos.<\/p>\n<p>A recomenda\u00e7\u00e3o \u00e9 que os manifestantes usem m\u00e1scaras (preferencialmente do tipo PFF2), se poss\u00edvel levem m\u00e1scaras para doa\u00e7\u00e3o, carreguem \u00e1lcool em gel e mantenham o distanciamento social. Nos protestos de maio, as orienta\u00e7\u00f5es foram seguidas, mas houve registros de aglomera\u00e7\u00f5es.<\/p>\n<p>No s\u00e1bado passado (12), Bolsonaro participou na capital paulista de um passeio de moto com apoiadores, depois de eventos semelhantes em Bras\u00edlia e no Rio.<\/p>\n<div class=\"teads-inread sm-screen\" style=\"text-align: justify;\">\n<div>\n<div id=\"teads0\" class=\"teads-player\"><span style=\"font-size: inherit;\">O presidente e auxiliares foram multados pelo governo Jo\u00e3o Doria (PSDB) por n\u00e3o usarem m\u00e1scara contra a Covid-19 no evento. Motociclistas simpatizantes do governo tamb\u00e9m deixaram de usar a prote\u00e7\u00e3o facial -item que os protestos da oposi\u00e7\u00e3o dizem diferenci\u00e1-los em rela\u00e7\u00e3o aos dos bolsonaristas.<\/span><\/div>\n<div>&nbsp;<\/div>\n<div class=\"teads-player\"><span style=\"font-size: inherit;\">A Campanha Fora, Bolsonaro \u00e9 composta por frentes como a Povo sem Medo, a Brasil Popular e a Coaliz\u00e3o Negra por Direitos, que re\u00fanem centenas de entidades, entre elas MTST (Movimento dos Trabalhadores Sem Teto), UNE (Uni\u00e3o Nacional dos Estudantes), CMP (Central de Movimentos Populares) e Uneafro Brasil.<\/span><\/div>\n<\/div>\n<\/div>\n<p style=\"text-align: justify;\">Partidos de esquerda como PT, PSOL e PC do B tamb\u00e9m integram a campanha. O PT, que apoiou com mais afinco na v\u00e9spera o ato anterior, desta vez decidiu entrar para valer na mobiliza\u00e7\u00e3o.<\/p>\n<p>O ex-presidente Lula anunciou que avalia comparecer, mas a tend\u00eancia \u00e9 que ele n\u00e3o v\u00e1. O envolvimento dele no assunto tinha sido discreto em maio e assim continuou at\u00e9 meados desta semana, quando se pronunciou em suas redes sociais sobre a possibilidade de ir.<\/p>\n<p>PSOL, PC do B, PCB, UP, PCO e PSTU, que j\u00e1 estavam participando ativamente da articula\u00e7\u00e3o, continuam envolvidas. Al\u00e9m disso, outros partidos anunciaram apoio \u00e0 iniciativa.<\/p>\n<p>O Cidadania, que se apresenta como um partido de centro, comunicou nesta semana sua ades\u00e3o \u00e0s manifesta\u00e7\u00f5es, em nota assinada pelo presidente nacional, Roberto Freire. Ele tamb\u00e9m afirmou que ir\u00e1 comparecer.<\/p>\n<p>Siglas como PSB, PDT e Rede Sustentabilidade adotaram, institucionalmente, posi\u00e7\u00e3o mais cautelosa -dizendo que n\u00e3o estimulam a forma\u00e7\u00e3o de aglomera\u00e7\u00f5es-, mas sem proibir a presen\u00e7a de seus quadros. Com isso, n\u00facleos e se\u00e7\u00f5es regionais desses tr\u00eas partidos decidiram se juntar \u00e0s manifesta\u00e7\u00f5es.<\/p>\n<p>Partidos de oposi\u00e7\u00e3o a Bolsonaro mais \u00e0 direita ignoraram o tema ou simplesmente deixaram a decis\u00e3o a crit\u00e9rio de cada filiado ou corrente interna.<\/p>\n<p>Bolsonaro minimizou o impacto das marchas contra ele em maio e lan\u00e7ou m\u00e3o de uma estrat\u00e9gia para tachar a iniciativa como evento de campanha de Lula. O advers\u00e1rio, que n\u00e3o esteve presente, lidera as pesquisas de inten\u00e7\u00e3o de voto para as elei\u00e7\u00f5es de 2022.<\/p>\n<p>Fora do ambiente partid\u00e1rio, a mobiliza\u00e7\u00e3o somou a ades\u00e3o das dez principais centrais sindicais, que ficaram reticentes da outra vez, muito pela press\u00e3o de categorias profissionais que demonstraram preocupa\u00e7\u00e3o com a incoer\u00eancia de se juntar \u00e0s multid\u00f5es e defender o distanciamento social.<\/p>\n<p>Na semana passada, o apoio \u00e0s manifesta\u00e7\u00f5es foi deliberado em um f\u00f3rum das centrais, que inclui CUT (Central \u00danica dos Trabalhadores), For\u00e7a Sindical, UGT (Uni\u00e3o Geral dos Trabalhadores), CTB (Central dos Trabalhadores e Trabalhadoras do Brasil) e CSB (Central dos Sindicatos Brasileiros), entre outras.<\/p>\n<p>O MST (Movimento dos Trabalhadores Rurais Sem Terra), que em maio preferiu manter discri\u00e7\u00e3o na fase de prepara\u00e7\u00e3o dos atos, desta vez incentiva a participa\u00e7\u00e3o de seus integrantes.<\/p>\n<p>O movimento Acredito, que prega renova\u00e7\u00e3o pol\u00edtica e est\u00e1 posicionado mais ao centro, tamb\u00e9m se integrou \u00e0 organiza\u00e7\u00e3o dos protestos. J\u00e1 MBL (Movimento Brasil Livre) e VPR (Vem Pra Rua), que levaram a direita \u00e0s ruas contra governos do PT e hoje se op\u00f5em a Bolsonaro, mantiveram dist\u00e2ncia.<\/p>\n<p>Ativistas envolvidos na convoca\u00e7\u00e3o deste s\u00e1bado dizem que a chegada de novas for\u00e7as e a esperada ades\u00e3o de mais manifestantes se devem \u00e0 crescente insatisfa\u00e7\u00e3o com o governo Bolsonaro, mas tamb\u00e9m ao clima pac\u00edfico e organizado e \u00e0s precau\u00e7\u00f5es sanit\u00e1rias do protesto anterior.<\/p>\n<p>As principais bandeiras s\u00e3o o impeachment de Bolsonaro, a vacina\u00e7\u00e3o ampla contra a Covid e o pagamento de aux\u00edlio emergencial de R$ 600. As pautas foram definidas por centenas de organiza\u00e7\u00f5es, que t\u00eam buscado unidade de discurso e se blindado contra atritos que comprometam a coes\u00e3o.<\/p>\n<p>Entre os objetivos, est\u00e1 ainda expressar apoio \u00e0 CPI da Covid, vista como caminho que pode levar \u00e0 responsabiliza\u00e7\u00e3o do presidente pelo agravamento da pandemia e servir de impulso para a C\u00e2mara dos Deputados abrir o processo de deposi\u00e7\u00e3o dele, possibilidade tratada hoje com ceticismo.<\/p>\n<p>Promover atos de rua em um cen\u00e1rio de descontrole da Covid foi um dilema que provocou debate em setores da esquerda nos \u00faltimos meses, mas a diverg\u00eancia de opini\u00f5es foi superada com as convoca\u00e7\u00f5es para o dia 29 que atra\u00edram milhares de pessoas em cidades do Brasil e de outros pa\u00edses.<\/p>\n<p>O racha foi contornado diante do diagn\u00f3stico, feito por l\u00edderes do chamado campo progressista, de que solucionar as crises sanit\u00e1ria, econ\u00f4mica, institucional e pol\u00edtica \u00e9 invi\u00e1vel com Bolsonaro no poder.<\/p>\n<p><strong>O CAMINHO DO IMPEACHMENT<\/strong><br>&#8211; O presidente da C\u00e2mara dos Deputados \u00e9 o respons\u00e1vel por analisar pedidos de impeachment do presidente da Rep\u00fablica e encaminh\u00e1-los;<\/p>\n<p>&#8211; O atual presidente da C\u00e2mara, Arthur Lira (PP-AL), \u00e9 aliado de Jair Bolsonaro. Ele pode decidir sozinho o destino dos pedidos e n\u00e3o tem prazo para faz\u00ea-lo;<\/p>\n<p>&#8211; Nos casos encaminhados, o m\u00e9rito da den\u00fancia deve ser analisado por uma comiss\u00e3o especial e depois pelo plen\u00e1rio da C\u00e2mara. S\u00e3o necess\u00e1rios os votos de pelo menos 342 dos 513 deputados para autorizar o Senado a abrir o processo;<\/p>\n<p>&#8211; Iniciado o processo pelo Senado, o presidente \u00e9 afastado do cargo at\u00e9 a conclus\u00e3o do julgamento e \u00e9 substitu\u00eddo pelo vice. Se for condenado por pelo menos 54 dos 81 senadores, perde o mandato;<\/p>\n<p>&#8211; Os sete presidentes eleitos ap\u00f3s a redemocratiza\u00e7\u00e3o do pa\u00eds foram alvo de pedidos de impeachment. Dois foram processados e afastados: Fernando Collor (1992), que renunciou antes da decis\u00e3o final do Senado, e Dilma Rousseff (2016).<\/p>\n<p style=\"text-align: justify;\"><strong>Por: Folhapress<\/strong><\/p>\n<section class=\"bannerBillboardDetalhe\">\n<div id=\"middle\" data-google-query-id=\"CNusgvrapPECFas0uQYdL6kOuw\">\n<div id=\"google_ads_iframe_\/88816410\/folhape\/noticias_2__container__\" style=\"text-align: justify;\">&nbsp;<\/div>\n<\/div>\n<\/section>\n\n\n<p><\/p>\n","protected":false},"excerpt":{"rendered":"<p>Milhares de manifestantes se re\u00fanem na manh\u00e3 deste s\u00e1bado (19) em diferentes cidades do pa\u00eds em protestos contra o presidente Jair Bolsonaro. Entre os maiores atos, est\u00e3o os de Bras\u00edlia, com manifestantes na Esplanada dos Minist\u00e9rios, e no Rio de Janeiro. Em S\u00e3o Paulo, o protesto est\u00e1 marcado para \u00e0s 16h, na avenida Paulista. As [&hellip;]<\/p>\n","protected":false},"author":1,"featured_media":24724,"comment_status":"closed","ping_status":"open","sticky":false,"template":"","format":"standard","meta":{"_uag_custom_page_level_css":"","_monsterinsights_skip_tracking":false,"_monsterinsights_sitenote_active":false,"_monsterinsights_sitenote_note":"","_monsterinsights_sitenote_category":0,"jetpack_post_was_ever_published":false,"_jetpack_newsletter_access":"","_jetpack_dont_email_post_to_subs":false,"_jetpack_newsletter_tier_id":0,"_jetpack_memberships_contains_paywalled_content":false,"_jetpack_memberships_contains_paid_content":false,"footnotes":"","jetpack_publicize_message":"","jetpack_publicize_feature_enabled":true,"jetpack_social_post_already_shared":true,"jetpack_social_options":{"image_generator_settings":{"template":"highway","default_image_id":0,"font":"","enabled":false},"version":2}},"categories":[200],"tags":[21,839,524,3594],"class_list":["post-24723","post","type-post","status-publish","format-standard","has-post-thumbnail","hentry","category-brasil","tag-bolsonaro","tag-impeachment","tag-manifestacao","tag-novos-protestos"],"jetpack_publicize_connections":[],"jetpack_featured_media_url":"https:\/\/blogopara.com.br\/wp-content\/uploads\/2021\/06\/whatsapp-image-2021-06-19-at-12817-pm.jpeg","uagb_featured_image_src":{"full":["https:\/\/blogopara.com.br\/wp-content\/uploads\/2021\/06\/whatsapp-image-2021-06-19-at-12817-pm.jpeg",500,332,false],"thumbnail":["https:\/\/blogopara.com.br\/wp-content\/uploads\/2021\/06\/whatsapp-image-2021-06-19-at-12817-pm-150x150.jpeg",150,150,true],"medium":["https:\/\/blogopara.com.br\/wp-content\/uploads\/2021\/06\/whatsapp-image-2021-06-19-at-12817-pm-300x199.jpeg",300,199,true],"medium_large":["https:\/\/blogopara.com.br\/wp-content\/uploads\/2021\/06\/whatsapp-image-2021-06-19-at-12817-pm.jpeg",500,332,false],"large":["https:\/\/blogopara.com.br\/wp-content\/uploads\/2021\/06\/whatsapp-image-2021-06-19-at-12817-pm.jpeg",500,332,false],"1536x1536":["https:\/\/blogopara.com.br\/wp-content\/uploads\/2021\/06\/whatsapp-image-2021-06-19-at-12817-pm.jpeg",500,332,false],"2048x2048":["https:\/\/blogopara.com.br\/wp-content\/uploads\/2021\/06\/whatsapp-image-2021-06-19-at-12817-pm.jpeg",500,332,false],"mantranews-slider-large":["https:\/\/blogopara.com.br\/wp-content\/uploads\/2021\/06\/whatsapp-image-2021-06-19-at-12817-pm.jpeg",500,332,false],"mantranews-featured-medium":["https:\/\/blogopara.com.br\/wp-content\/uploads\/2021\/06\/whatsapp-image-2021-06-19-at-12817-pm-420x307.jpeg",420,307,true],"mantranews-featured-long":["https:\/\/blogopara.com.br\/wp-content\/uploads\/2021\/06\/whatsapp-image-2021-06-19-at-12817-pm-300x332.jpeg",300,332,true],"mantranews-block-medium":["https:\/\/blogopara.com.br\/wp-content\/uploads\/2021\/06\/whatsapp-image-2021-06-19-at-12817-pm-464x290.jpeg",464,290,true],"mantranews-carousel-image":["https:\/\/blogopara.com.br\/wp-content\/uploads\/2021\/06\/whatsapp-image-2021-06-19-at-12817-pm.jpeg",500,332,false],"mantranews-block-thumb":["https:\/\/blogopara.com.br\/wp-content\/uploads\/2021\/06\/whatsapp-image-2021-06-19-at-12817-pm-322x230.jpeg",322,230,true],"mantranews-single-large":["https:\/\/blogopara.com.br\/wp-content\/uploads\/2021\/06\/whatsapp-image-2021-06-19-at-12817-pm.jpeg",500,332,false]},"uagb_author_info":{"display_name":"Reda\u00e7\u00e3o geral","author_link":"https:\/\/blogopara.com.br\/index.php\/author\/blogopara"},"uagb_comment_info":0,"uagb_excerpt":"Milhares de manifestantes se re\u00fanem na manh\u00e3 deste s\u00e1bado (19) em diferentes cidades do pa\u00eds em protestos contra o presidente Jair Bolsonaro. Entre os maiores atos, est\u00e3o os de Bras\u00edlia, com manifestantes na Esplanada dos Minist\u00e9rios, e no Rio de Janeiro. Em S\u00e3o Paulo, o protesto est\u00e1 marcado para \u00e0s 16h, na avenida Paulista. As&hellip;","jetpack_sharing_enabled":true,"jetpack_likes_enabled":true,"_links":{"self":[{"href":"https:\/\/blogopara.com.br\/index.php\/wp-json\/wp\/v2\/posts\/24723","targetHints":{"allow":["GET"]}}],"collection":[{"href":"https:\/\/blogopara.com.br\/index.php\/wp-json\/wp\/v2\/posts"}],"about":[{"href":"https:\/\/blogopara.com.br\/index.php\/wp-json\/wp\/v2\/types\/post"}],"author":[{"embeddable":true,"href":"https:\/\/blogopara.com.br\/index.php\/wp-json\/wp\/v2\/users\/1"}],"replies":[{"embeddable":true,"href":"https:\/\/blogopara.com.br\/index.php\/wp-json\/wp\/v2\/comments?post=24723"}],"version-history":[{"count":2,"href":"https:\/\/blogopara.com.br\/index.php\/wp-json\/wp\/v2\/posts\/24723\/revisions"}],"predecessor-version":[{"id":24734,"href":"https:\/\/blogopara.com.br\/index.php\/wp-json\/wp\/v2\/posts\/24723\/revisions\/24734"}],"wp:featuredmedia":[{"embeddable":true,"href":"https:\/\/blogopara.com.br\/index.php\/wp-json\/wp\/v2\/media\/24724"}],"wp:attachment":[{"href":"https:\/\/blogopara.com.br\/index.php\/wp-json\/wp\/v2\/media?parent=24723"}],"wp:term":[{"taxonomy":"category","embeddable":true,"href":"https:\/\/blogopara.com.br\/index.php\/wp-json\/wp\/v2\/categories?post=24723"},{"taxonomy":"post_tag","embeddable":true,"href":"https:\/\/blogopara.com.br\/index.php\/wp-json\/wp\/v2\/tags?post=24723"}],"curies":[{"name":"wp","href":"https:\/\/api.w.org\/{rel}","templated":true}]}}