{"id":24788,"date":"2021-06-22T07:46:00","date_gmt":"2021-06-22T10:46:00","guid":{"rendered":"https:\/\/blogopara.com.br\/?p=24788"},"modified":"2021-06-22T12:31:00","modified_gmt":"2021-06-22T15:31:00","slug":"juazeiro-durante-visita-a-liderancas-politicas-em-salvador-o-ex-vereador-allan-jones-reitera-pre-candidatura-em-2022-nossa-regiao-anseia-por-novas-representacoes","status":"publish","type":"post","link":"https:\/\/blogopara.com.br\/index.php\/2021\/06\/22\/juazeiro-durante-visita-a-liderancas-politicas-em-salvador-o-ex-vereador-allan-jones-reitera-pre-candidatura-em-2022-nossa-regiao-anseia-por-novas-representacoes","title":{"rendered":"Juazeiro: Durante visita a lideran\u00e7as pol\u00edticas em Salvador, o ex-vereador Allan Jones reitera pr\u00e9-candidatura em 2022: \u201cNossa regi\u00e3o anseia por novas representa\u00e7\u00f5es."},"content":{"rendered":"<p style=\"text-align: justify;\">Pr\u00e9-candidato a deputado estadual, o ex-vereador de Juazeiro Allan Jones (PSDB) segue articulando com vistas \u00e0s elei\u00e7\u00f5es do ano que vem. Em visita \u00e0 Salvador, Jones, que \u00e9 sobrinho da atual prefeita de Juazeiro, Suzana Ramos (PSDB), vem cumprindo agenda em gabinetes de lideran\u00e7as pol\u00edticas da capital. Em entrevista exclusiva ao Bahia Sem Fronteiras, o pr\u00e9-candidato falou sobre essas reuni\u00f5es e reafirmou a sua inten\u00e7\u00e3o de concorrer a uma vaga na Assembleia Legislativa da Bahia.<\/p>\n<p style=\"text-align: justify;\">\u201cJ\u00e1 est\u00e1vamos planejando fazer essa visita \u00e0 capital baiana para que a gente possa rever amigos e voltar a conversar com lideran\u00e7as maiores, a n\u00edvel estadual. Continuaremos com essas visitas discutindo a Bahia e planejando melhorias para o Estado, em espacial, a regi\u00e3o Norte, que \u00e9 nossa regi\u00e3o. Mais uma vez a gente volta a se colocar \u00e0 disposi\u00e7\u00e3o para o pleito que se aproxima. \u00c9 nossa inten\u00e7\u00e3o representar o Vale do S\u00e3o Francisco. Pol\u00edtica \u00e9 feita com muita conversa e discuss\u00f5es dial\u00e9ticas para que se possa chegar a um consenso e num futuro bem pr\u00f3ximo trazer resultados satisfat\u00f3rios para nossa Bahia e nossa regi\u00e3o.\u201d.<\/p>\n<p style=\"text-align: justify;\">Principal respons\u00e1vel pela elei\u00e7\u00e3o de Berg da Carna\u00edba (PDT) \u00e0 presid\u00eancia da C\u00e2mara Municipal de Juazeiro, Jones v\u00ea sua boa rela\u00e7\u00e3o com os atuais edis como um dos trunfos para sua empreitada:<\/p>\n<p style=\"text-align: justify;\">\u201cMinha rela\u00e7\u00e3o com os vereadores \u00e9 muito bem consolidada e maturada. Fui vereador e tenho respeito pelos 21 vereadores, independente de fazerem o papel de oposi\u00e7\u00e3o ou de base. Fui oposi\u00e7\u00e3o \u00e0 gest\u00e3o anterior e hoje tenho a situa\u00e7\u00e3o de dialogar quase que semanalmente. Muitos j\u00e1 denotaram apoio a nossa pr\u00e9-candidatura. L\u00f3gico que a gente tem ainda muito o que percorrer\u2026 Estamos ainda a cerca de um ano das pr\u00e9-campanha oficiais. Nossa candidatura parte do povo e de um projeto coletivo. Nossa regi\u00e3o anseia por novas representa\u00e7\u00f5es. Ent\u00e3o refirmo a minha pr\u00e9-candidatura a deputado estadual em 2022. Estamos discutindo espa\u00e7os partid\u00e1rios para que de maneira experiente e coesa para que todo o grupo que nos acompanha se sinta verdadeiramente representado. Ganha a Bahia, ganha Juazeiro e toda regi\u00e3o\u201d.<\/p>\n<p style=\"text-align: justify;\">Sempre primando pelo di\u00e1logo, como ele mesmo costuma destacar, Allan Jones \u00e9 apontado como um poss\u00edvel nome para fazer dobradinha com o ex-prefeito e ex-deputado federal, Joseph Bandeira (Solidariedade). A dupla \u201cbateria chapa\u201d contra as candidaturas de Jord\u00e1vio Filho, filho da prefeita Suzana Ramos, e o deputado federal Adolfo Viana (PSDB).<\/p>\n<div class=\"google-auto-placed ap_container\" style=\"text-align: justify;\">\n<p>\u201cA gente participa de uma base em que tem alguns deputados federais, tanto da base governista quanto do campo oposicionista. Eu sou muito de dialogar. Sempre fiz isso enquanto vereador. Me posicionei quando necess\u00e1rio, mas votei com muita liberdade sempre respeitando a plenitude da minha consci\u00eancia. Temos alguns deputados que a gente apoia, como o ex-prefeito e deputado federal, Joseph Bandeira. Temos tamb\u00e9m o atual deputado estadual, Roberto Carlos, que n\u00e3o descarta a possibilidade de sair candidato a deputado federal. E estamos conversando tamb\u00e9m com outras lideran\u00e7as. Temos ainda o deputado Adolfo Viana, que apoiamos na \u00faltima elei\u00e7\u00e3o\u201d.<\/p>\n<div class=\"google-auto-placed ap_container\">\n<div class=\"single-entry-summary\">\n<p>Sobre a majorit\u00e1ria, Jones destaca o nome do atual ministro da Cidadania, Jo\u00e3o Roma, como um nome em potencial para o Pal\u00e1cio de Ondina:<\/p>\n<p>\u201cNa verdade, eu nunca votei no atual governador Rui Costa, mas o respeito enquanto gestor. J\u00e1 tive a oportunidade de votar no grupo pol\u00edtico hoje encabe\u00e7ado pelo ex-prefeito de Salvador, ACM Neto. Surge a\u00ed uma nova lideran\u00e7a, que \u00e9 o atual ministro Jo\u00e3o Roma. Um jovem, uma pessoa com quem dialoguei em 2018. A pol\u00edtica \u00e9 feita de tratativas e de di\u00e1logo\u201d.<\/p>\n<p>Fonte de informa\u00e7\u00f5es: BSF<\/p>\n<\/div>\n<\/div>\n<\/div>\n<div class=\"google-auto-placed ap_container\" style=\"text-align: justify;\"><\/div>\n<div class=\"google-auto-placed ap_container\" style=\"text-align: justify;\"><\/div>\n","protected":false},"excerpt":{"rendered":"<p>Pr\u00e9-candidato a deputado estadual, o ex-vereador de Juazeiro Allan Jones (PSDB) segue articulando com vistas \u00e0s elei\u00e7\u00f5es do ano que vem. Em visita \u00e0 Salvador, Jones, que \u00e9 sobrinho da atual prefeita de Juazeiro, Suzana Ramos (PSDB), vem cumprindo agenda em gabinetes de lideran\u00e7as pol\u00edticas da capital. Em entrevista exclusiva ao Bahia Sem Fronteiras, o [&hellip;]<\/p>\n","protected":false},"author":1,"featured_media":24823,"comment_status":"open","ping_status":"open","sticky":false,"template":"","format":"standard","meta":{"_uag_custom_page_level_css":"","_monsterinsights_skip_tracking":false,"_monsterinsights_sitenote_active":false,"_monsterinsights_sitenote_note":"","_monsterinsights_sitenote_category":0,"jetpack_post_was_ever_published":false,"_jetpack_newsletter_access":"","_jetpack_dont_email_post_to_subs":false,"_jetpack_newsletter_tier_id":0,"_jetpack_memberships_contains_paywalled_content":false,"_jetpack_memberships_contains_paid_content":false,"footnotes":"","jetpack_publicize_message":"","jetpack_publicize_feature_enabled":true,"jetpack_social_post_already_shared":true,"jetpack_social_options":{"image_generator_settings":{"template":"highway","default_image_id":0,"font":"","enabled":false},"version":2}},"categories":[203,197],"tags":[595,3632,1327,2039],"class_list":["post-24788","post","type-post","status-publish","format-standard","has-post-thumbnail","hentry","category-juazeiro","category-politica","tag-allan-jones","tag-deputado-estadual","tag-eleicoes-2022","tag-regiao"],"jetpack_publicize_connections":[],"jetpack_featured_media_url":"https:\/\/blogopara.com.br\/wp-content\/uploads\/2021\/06\/alan.jpg","uagb_featured_image_src":{"full":["https:\/\/blogopara.com.br\/wp-content\/uploads\/2021\/06\/alan.jpg",500,375,false],"thumbnail":["https:\/\/blogopara.com.br\/wp-content\/uploads\/2021\/06\/alan-150x150.jpg",150,150,true],"medium":["https:\/\/blogopara.com.br\/wp-content\/uploads\/2021\/06\/alan-300x225.jpg",300,225,true],"medium_large":["https:\/\/blogopara.com.br\/wp-content\/uploads\/2021\/06\/alan.jpg",500,375,false],"large":["https:\/\/blogopara.com.br\/wp-content\/uploads\/2021\/06\/alan.jpg",500,375,false],"1536x1536":["https:\/\/blogopara.com.br\/wp-content\/uploads\/2021\/06\/alan.jpg",500,375,false],"2048x2048":["https:\/\/blogopara.com.br\/wp-content\/uploads\/2021\/06\/alan.jpg",500,375,false],"mantranews-slider-large":["https:\/\/blogopara.com.br\/wp-content\/uploads\/2021\/06\/alan.jpg",500,375,false],"mantranews-featured-medium":["https:\/\/blogopara.com.br\/wp-content\/uploads\/2021\/06\/alan-420x307.jpg",420,307,true],"mantranews-featured-long":["https:\/\/blogopara.com.br\/wp-content\/uploads\/2021\/06\/alan-300x375.jpg",300,375,true],"mantranews-block-medium":["https:\/\/blogopara.com.br\/wp-content\/uploads\/2021\/06\/alan-464x290.jpg",464,290,true],"mantranews-carousel-image":["https:\/\/blogopara.com.br\/wp-content\/uploads\/2021\/06\/alan.jpg",500,375,false],"mantranews-block-thumb":["https:\/\/blogopara.com.br\/wp-content\/uploads\/2021\/06\/alan-322x230.jpg",322,230,true],"mantranews-single-large":["https:\/\/blogopara.com.br\/wp-content\/uploads\/2021\/06\/alan.jpg",500,375,false]},"uagb_author_info":{"display_name":"Reda\u00e7\u00e3o geral","author_link":"https:\/\/blogopara.com.br\/index.php\/author\/blogopara"},"uagb_comment_info":0,"uagb_excerpt":"Pr\u00e9-candidato a deputado estadual, o ex-vereador de Juazeiro Allan Jones (PSDB) segue articulando com vistas \u00e0s elei\u00e7\u00f5es do ano que vem. Em visita \u00e0 Salvador, Jones, que \u00e9 sobrinho da atual prefeita de Juazeiro, Suzana Ramos (PSDB), vem cumprindo agenda em gabinetes de lideran\u00e7as pol\u00edticas da capital. Em entrevista exclusiva ao Bahia Sem Fronteiras, o&hellip;","jetpack_sharing_enabled":true,"jetpack_likes_enabled":true,"_links":{"self":[{"href":"https:\/\/blogopara.com.br\/index.php\/wp-json\/wp\/v2\/posts\/24788","targetHints":{"allow":["GET"]}}],"collection":[{"href":"https:\/\/blogopara.com.br\/index.php\/wp-json\/wp\/v2\/posts"}],"about":[{"href":"https:\/\/blogopara.com.br\/index.php\/wp-json\/wp\/v2\/types\/post"}],"author":[{"embeddable":true,"href":"https:\/\/blogopara.com.br\/index.php\/wp-json\/wp\/v2\/users\/1"}],"replies":[{"embeddable":true,"href":"https:\/\/blogopara.com.br\/index.php\/wp-json\/wp\/v2\/comments?post=24788"}],"version-history":[{"count":1,"href":"https:\/\/blogopara.com.br\/index.php\/wp-json\/wp\/v2\/posts\/24788\/revisions"}],"predecessor-version":[{"id":24790,"href":"https:\/\/blogopara.com.br\/index.php\/wp-json\/wp\/v2\/posts\/24788\/revisions\/24790"}],"wp:featuredmedia":[{"embeddable":true,"href":"https:\/\/blogopara.com.br\/index.php\/wp-json\/wp\/v2\/media\/24823"}],"wp:attachment":[{"href":"https:\/\/blogopara.com.br\/index.php\/wp-json\/wp\/v2\/media?parent=24788"}],"wp:term":[{"taxonomy":"category","embeddable":true,"href":"https:\/\/blogopara.com.br\/index.php\/wp-json\/wp\/v2\/categories?post=24788"},{"taxonomy":"post_tag","embeddable":true,"href":"https:\/\/blogopara.com.br\/index.php\/wp-json\/wp\/v2\/tags?post=24788"}],"curies":[{"name":"wp","href":"https:\/\/api.w.org\/{rel}","templated":true}]}}