{"id":24807,"date":"2021-06-22T14:06:00","date_gmt":"2021-06-22T17:06:00","guid":{"rendered":"https:\/\/blogopara.com.br\/?p=24807"},"modified":"2021-06-21T21:15:11","modified_gmt":"2021-06-22T00:15:11","slug":"prefeitura-de-juazeiro-avanca-em-plano-de-inclusao-e-acessibilidade-no-camelodromo-2-de-julho","status":"publish","type":"post","link":"https:\/\/blogopara.com.br\/index.php\/2021\/06\/22\/prefeitura-de-juazeiro-avanca-em-plano-de-inclusao-e-acessibilidade-no-camelodromo-2-de-julho","title":{"rendered":"Prefeitura de Juazeiro avan\u00e7a em plano de inclus\u00e3o e acessibilidade no Camel\u00f3dromo 2 de Julho"},"content":{"rendered":"<p style=\"font-weight: 400; text-align: justify;\">Atendendo aos princ\u00edpios da inclus\u00e3o social e da promo\u00e7\u00e3o da acessibilidade, a Prefeitura de Juazeiro, atrav\u00e9s da Autarquia Municipal de Abastecimento (AMA), reestruturou o Camel\u00f3dromo 2 de Julho para facilitar o acesso livre a pessoas com defici\u00eancia e com mobilidade reduzida.<\/p>\n<p style=\"font-weight: 400; text-align: justify;\">Foram colocadas, em todas as quatro entradas do local, rampas bem sinalizadas de acesso a cadeirantes. Al\u00e9m disso, na \u00e1rea interna, todos os corredores das 12 alas de servi\u00e7o foram demarcados com o espa\u00e7o adequado \u00e0 circula\u00e7\u00e3o de quem tem dificuldade de mobilizar-se, reservando o espa\u00e7o adequado \u00e0 passagem de cadeiras.<\/p>\n<p style=\"font-weight: 400; text-align: justify;\">Em todo setor da pra\u00e7a de alimenta\u00e7\u00e3o, rampas foram feitas, pintadas com clara sinaliza\u00e7\u00e3o. E para garantir espa\u00e7o amplo acess\u00edvel a todos os clientes pedestres e cadeirantes no que se pode chamar de \u2018ponto convergente do Camel\u00f3dromo\u2019, houve total reordenamento, reduzindo o n\u00famero de freezers nos corredores, al\u00e9m de recolhida e guardada, em local adequado, a grande quantidade de grades de refrigerantes e cervejas que ficavam no espa\u00e7o de transeuntes.<\/p>\n<p style=\"font-weight: 400; text-align: justify;\">Al\u00e9m disso, para deixar o espa\u00e7o mais harm\u00f4nico e amplo para a acessibilidade, organizaram-se mesas e cadeiras no centro do ambiente, com 4 rampas de acesso, criando-se uma pra\u00e7a de alimenta\u00e7\u00e3o agrad\u00e1vel, limpa e arejada.<\/p>\n<p style=\"font-weight: 400; text-align: justify;\">De acordo com a \u00faltima pesquisa do Instituto Brasileiro de Geografia e Estat\u00edstica (IBGE), em m\u00e9dia, 20% da popula\u00e7\u00e3o brasileira tem algum tipo de defici\u00eancia. Na Bahia, esse \u00edndice chega 23%, raz\u00e3o pela qual as cidades devem avan\u00e7ar em inclus\u00e3o.<\/p>\n<p style=\"font-weight: 400; text-align: justify;\">\u201cTodo esse trabalho de colocar em pr\u00e1tica o plano de acessibilidade foi realizado com inteiro apoio da prefeita Suzana Ramos, com o di\u00e1logo aberto com os permission\u00e1rios dos 310 boxes e com o trabalho de uma equipe que tem se mostrado empenhada em melhorar a vida dos permission\u00e1rios de feiras e mercados de Juazeiro e de toda sua popula\u00e7\u00e3o\u201d, enfatizou o gestor da AMA, Britoaldo Alves Bessa.<\/p>\n<p style=\"font-weight: 400; text-align: justify;\">Para o superintendente de Feiras, Mercados e Camel\u00f3dromo, Jos\u00e9 Carlos Medeiros, a prefeitura est\u00e1 promovendo dignidade. \u201cO direito a acessibilidade \u00e9 um meio de garantir que as pessoas com defici\u00eancias ou com mobilidade reduzida possam desfrutar do direito de circularem e se utilizarem dos espa\u00e7os de forma plena e livre de barreiras. \u00c9 isso que a prefeitura est\u00e1 promovendo e \u00e9 isso que nos orgulha, pois \u00e9 um direito fundamental\u201d, destaca Medeiros.<\/p>\n<p style=\"font-weight: 400; text-align: justify;\">AMA- ASCOM PMJ<\/p>\n","protected":false},"excerpt":{"rendered":"<p>Atendendo aos princ\u00edpios da inclus\u00e3o social e da promo\u00e7\u00e3o da acessibilidade, a Prefeitura de Juazeiro, atrav\u00e9s da Autarquia Municipal de Abastecimento (AMA), reestruturou o Camel\u00f3dromo 2 de Julho para facilitar o acesso livre a pessoas com defici\u00eancia e com mobilidade reduzida. Foram colocadas, em todas as quatro entradas do local, rampas bem sinalizadas de acesso [&hellip;]<\/p>\n","protected":false},"author":1,"featured_media":24808,"comment_status":"closed","ping_status":"open","sticky":false,"template":"","format":"standard","meta":{"_uag_custom_page_level_css":"","_monsterinsights_skip_tracking":false,"_monsterinsights_sitenote_active":false,"_monsterinsights_sitenote_note":"","_monsterinsights_sitenote_category":0,"jetpack_post_was_ever_published":false,"_jetpack_newsletter_access":"","_jetpack_dont_email_post_to_subs":false,"_jetpack_newsletter_tier_id":0,"_jetpack_memberships_contains_paywalled_content":false,"_jetpack_memberships_contains_paid_content":false,"footnotes":"","jetpack_publicize_message":"","jetpack_publicize_feature_enabled":true,"jetpack_social_post_already_shared":true,"jetpack_social_options":{"image_generator_settings":{"template":"highway","default_image_id":0,"font":"","enabled":false},"version":2}},"categories":[203],"tags":[1727,3607,3640,340],"class_list":["post-24807","post","type-post","status-publish","format-standard","has-post-thumbnail","hentry","category-juazeiro","tag-acessibilidade","tag-camelodromo-2","tag-plano-de-inclusao","tag-prefeitura-de-juazeiro"],"jetpack_publicize_connections":[],"jetpack_featured_media_url":"https:\/\/blogopara.com.br\/wp-content\/uploads\/2021\/06\/foto-5.jpg","uagb_featured_image_src":{"full":["https:\/\/blogopara.com.br\/wp-content\/uploads\/2021\/06\/foto-5.jpg",500,333,false],"thumbnail":["https:\/\/blogopara.com.br\/wp-content\/uploads\/2021\/06\/foto-5-150x150.jpg",150,150,true],"medium":["https:\/\/blogopara.com.br\/wp-content\/uploads\/2021\/06\/foto-5-300x200.jpg",300,200,true],"medium_large":["https:\/\/blogopara.com.br\/wp-content\/uploads\/2021\/06\/foto-5.jpg",500,333,false],"large":["https:\/\/blogopara.com.br\/wp-content\/uploads\/2021\/06\/foto-5.jpg",500,333,false],"1536x1536":["https:\/\/blogopara.com.br\/wp-content\/uploads\/2021\/06\/foto-5.jpg",500,333,false],"2048x2048":["https:\/\/blogopara.com.br\/wp-content\/uploads\/2021\/06\/foto-5.jpg",500,333,false],"mantranews-slider-large":["https:\/\/blogopara.com.br\/wp-content\/uploads\/2021\/06\/foto-5.jpg",500,333,false],"mantranews-featured-medium":["https:\/\/blogopara.com.br\/wp-content\/uploads\/2021\/06\/foto-5-420x307.jpg",420,307,true],"mantranews-featured-long":["https:\/\/blogopara.com.br\/wp-content\/uploads\/2021\/06\/foto-5-300x333.jpg",300,333,true],"mantranews-block-medium":["https:\/\/blogopara.com.br\/wp-content\/uploads\/2021\/06\/foto-5-464x290.jpg",464,290,true],"mantranews-carousel-image":["https:\/\/blogopara.com.br\/wp-content\/uploads\/2021\/06\/foto-5.jpg",500,333,false],"mantranews-block-thumb":["https:\/\/blogopara.com.br\/wp-content\/uploads\/2021\/06\/foto-5-322x230.jpg",322,230,true],"mantranews-single-large":["https:\/\/blogopara.com.br\/wp-content\/uploads\/2021\/06\/foto-5.jpg",500,333,false]},"uagb_author_info":{"display_name":"Reda\u00e7\u00e3o geral","author_link":"https:\/\/blogopara.com.br\/index.php\/author\/blogopara"},"uagb_comment_info":0,"uagb_excerpt":"Atendendo aos princ\u00edpios da inclus\u00e3o social e da promo\u00e7\u00e3o da acessibilidade, a Prefeitura de Juazeiro, atrav\u00e9s da Autarquia Municipal de Abastecimento (AMA), reestruturou o Camel\u00f3dromo 2 de Julho para facilitar o acesso livre a pessoas com defici\u00eancia e com mobilidade reduzida. Foram colocadas, em todas as quatro entradas do local, rampas bem sinalizadas de acesso&hellip;","jetpack_sharing_enabled":true,"jetpack_likes_enabled":true,"_links":{"self":[{"href":"https:\/\/blogopara.com.br\/index.php\/wp-json\/wp\/v2\/posts\/24807","targetHints":{"allow":["GET"]}}],"collection":[{"href":"https:\/\/blogopara.com.br\/index.php\/wp-json\/wp\/v2\/posts"}],"about":[{"href":"https:\/\/blogopara.com.br\/index.php\/wp-json\/wp\/v2\/types\/post"}],"author":[{"embeddable":true,"href":"https:\/\/blogopara.com.br\/index.php\/wp-json\/wp\/v2\/users\/1"}],"replies":[{"embeddable":true,"href":"https:\/\/blogopara.com.br\/index.php\/wp-json\/wp\/v2\/comments?post=24807"}],"version-history":[{"count":1,"href":"https:\/\/blogopara.com.br\/index.php\/wp-json\/wp\/v2\/posts\/24807\/revisions"}],"predecessor-version":[{"id":24809,"href":"https:\/\/blogopara.com.br\/index.php\/wp-json\/wp\/v2\/posts\/24807\/revisions\/24809"}],"wp:featuredmedia":[{"embeddable":true,"href":"https:\/\/blogopara.com.br\/index.php\/wp-json\/wp\/v2\/media\/24808"}],"wp:attachment":[{"href":"https:\/\/blogopara.com.br\/index.php\/wp-json\/wp\/v2\/media?parent=24807"}],"wp:term":[{"taxonomy":"category","embeddable":true,"href":"https:\/\/blogopara.com.br\/index.php\/wp-json\/wp\/v2\/categories?post=24807"},{"taxonomy":"post_tag","embeddable":true,"href":"https:\/\/blogopara.com.br\/index.php\/wp-json\/wp\/v2\/tags?post=24807"}],"curies":[{"name":"wp","href":"https:\/\/api.w.org\/{rel}","templated":true}]}}