{"id":24896,"date":"2021-06-24T11:12:22","date_gmt":"2021-06-24T14:12:22","guid":{"rendered":"https:\/\/blogopara.com.br\/?p=24896"},"modified":"2021-06-24T11:36:52","modified_gmt":"2021-06-24T14:36:52","slug":"juazeiro-de-luto-morreu-o-cabo-pm-laercio-vitima-da-covid-19","status":"publish","type":"post","link":"https:\/\/blogopara.com.br\/index.php\/2021\/06\/24\/juazeiro-de-luto-morreu-o-cabo-pm-laercio-vitima-da-covid-19","title":{"rendered":"Juazeiro de luto: Morreu o Cabo PM La\u00e9rcio, v\u00edtima da covid-19"},"content":{"rendered":"<p style=\"text-align: justify;\">Faleceu na madrugada desta quinta-feira (24) o Cabo da Pol\u00edcia Militar da Bahia, La\u00e9rcio Santos. Cabo La\u00e9rcio vinha lutando contra o v\u00edrus da covid-19, h\u00e1 quase dois meses.<\/p>\n<p style=\"text-align: justify;\">Excelente profissional, Cabo La\u00e9rcio completou recentemente 16 anos na corpora\u00e7\u00e3o. Al\u00e9m de policial militar, ele era tamb\u00e9m m\u00fasico (ex-integrante da banda Samba de Mezza) e professor de boxe.<\/p>\n<p style=\"text-align: justify;\">A Diretoria da Associa\u00e7\u00e3o de Cabos e Soldados emitiu uma nota de Pesar pela morte prematura do Cabo La\u00e9rcio, que tamb\u00e9m era Vice-presidente da institui\u00e7\u00e3o.<\/p>\n<p style=\"text-align: justify;\">&#8220;A Diretoria do Clube de Cabos e Soldados de Juazeiro BA, ainda abalada e consternada com o falecimento do seu vice-presidente tamb\u00e9m considerado nosso irm\u00e3o, Cabo La\u00e9rcio, se solidariza com os familiares e amigos, ao tempo que tamb\u00e9m est\u00e1 enlutada.<\/p>\n<p style=\"text-align: justify;\">Cabo La\u00e9rcio sempre foi um aguerrido defensor do nosso Clube, sendo eleito duas vezes para o cargo que ocupava.<\/p>\n<p style=\"text-align: justify;\">Em nome de todos os Diretores e colegas policiais militares da ativa e da reserva, deixamos nossas mais sinceras condol\u00eancias, externando nosso pesar e sentimento de tristeza.<\/p>\n<p style=\"text-align: justify;\">Pedimos a Deus que conforte o cora\u00e7\u00e3o dos familiares e amigos neste momento de dor. E que possamos cada vez mais nos cuidar, enquanto perdurar este mal que tem assolado o mundo.<\/p>\n<p style=\"text-align: justify;\">Juazeiro-Ba, 24 de Junho de 2021<\/p>\n<p style=\"text-align: justify;\">Nas redes sociais v\u00e1rios amigos postaram declara\u00e7\u00f5es sobre o Cabo La\u00e9rcio:<\/p>\n<p style=\"text-align: justify;\">&#8220;Nunca estamos preparados para nos despedir para sempre de algu\u00e9m, mesmo sabendo que faz parte da vida, quando a hora chega, nunca conseguimos pronunciar as \u00faltimas palavras, o \u00faltimo adeus.<\/p>\n<p style=\"text-align: justify;\">&#8220;Quando algu\u00e9m \u00e9 especial para n\u00f3s, fica um vazio no cora\u00e7\u00e3o e n\u00e3o conseguimos reunir as for\u00e7as necess\u00e1rias para lhe dizer o quanto essa pessoa nos era querida e que a falta que nos faz \u00e9 enorme&#8221;.<\/p>\n<p style=\"text-align: justify;\">&#8220;Voc\u00ea partiu. N\u00e3o importa o quanto era especial para mim, voc\u00ea n\u00e3o est\u00e1 mais aqui e enquanto choro a sua morte, re\u00fano as poucas for\u00e7as que tenho para tamb\u00e9m celebrar a vida de algu\u00e9m que por quem sempre nutri um carinho especial.Deus conforte familiares, amigos e associados. <br \/>Descanse em paz! Paz \u00e0 sua alma!&#8221;<\/p>\n<p style=\"text-align: justify;\">O vel\u00f3rio acontecer\u00e1 na sua resid\u00eancia, na rua C\u00edcero Feitosa (Vila Euza ) e o sepultamento ser\u00e1 \u00e0s 16 horas.<\/p>\n<p style=\"text-align: justify;\">Aos familiares, amigos e\u00a0 alunos do Cabo PM La\u00e9rcio, as nossas mais profundas condol\u00eancias!<\/p>\n\n\n<p><\/p>\n","protected":false},"excerpt":{"rendered":"<p>Faleceu na madrugada desta quinta-feira (24) o Cabo da Pol\u00edcia Militar da Bahia, La\u00e9rcio Santos. Cabo La\u00e9rcio vinha lutando contra o v\u00edrus da covid-19, h\u00e1 quase dois meses. Excelente profissional, Cabo La\u00e9rcio completou recentemente 16 anos na corpora\u00e7\u00e3o. Al\u00e9m de policial militar, ele era tamb\u00e9m m\u00fasico (ex-integrante da banda Samba de Mezza) e professor de [&hellip;]<\/p>\n","protected":false},"author":1,"featured_media":24897,"comment_status":"open","ping_status":"open","sticky":false,"template":"","format":"standard","meta":{"_uag_custom_page_level_css":"","_monsterinsights_skip_tracking":false,"_monsterinsights_sitenote_active":false,"_monsterinsights_sitenote_note":"","_monsterinsights_sitenote_category":0,"jetpack_post_was_ever_published":false,"_jetpack_newsletter_access":"","_jetpack_dont_email_post_to_subs":false,"_jetpack_newsletter_tier_id":0,"_jetpack_memberships_contains_paywalled_content":false,"_jetpack_memberships_contains_paid_content":false,"footnotes":"","jetpack_publicize_message":"","jetpack_publicize_feature_enabled":true,"jetpack_social_post_already_shared":true,"jetpack_social_options":{"image_generator_settings":{"template":"highway","default_image_id":0,"font":"","enabled":false},"version":2}},"categories":[203,202],"tags":[3690,1483,3691,3689,182,991],"class_list":["post-24896","post","type-post","status-publish","format-standard","has-post-thumbnail","hentry","category-juazeiro","category-policia","tag-boxe","tag-covid-19","tag-cpac","tag-musico","tag-pmba","tag-professor"],"jetpack_publicize_connections":[],"jetpack_featured_media_url":"https:\/\/blogopara.com.br\/wp-content\/uploads\/2021\/06\/deddededededede.jpg","uagb_featured_image_src":{"full":["https:\/\/blogopara.com.br\/wp-content\/uploads\/2021\/06\/deddededededede.jpg",500,500,false],"thumbnail":["https:\/\/blogopara.com.br\/wp-content\/uploads\/2021\/06\/deddededededede-150x150.jpg",150,150,true],"medium":["https:\/\/blogopara.com.br\/wp-content\/uploads\/2021\/06\/deddededededede-300x300.jpg",300,300,true],"medium_large":["https:\/\/blogopara.com.br\/wp-content\/uploads\/2021\/06\/deddededededede.jpg",500,500,false],"large":["https:\/\/blogopara.com.br\/wp-content\/uploads\/2021\/06\/deddededededede.jpg",500,500,false],"1536x1536":["https:\/\/blogopara.com.br\/wp-content\/uploads\/2021\/06\/deddededededede.jpg",500,500,false],"2048x2048":["https:\/\/blogopara.com.br\/wp-content\/uploads\/2021\/06\/deddededededede.jpg",500,500,false],"mantranews-slider-large":["https:\/\/blogopara.com.br\/wp-content\/uploads\/2021\/06\/deddededededede.jpg",500,500,false],"mantranews-featured-medium":["https:\/\/blogopara.com.br\/wp-content\/uploads\/2021\/06\/deddededededede-420x307.jpg",420,307,true],"mantranews-featured-long":["https:\/\/blogopara.com.br\/wp-content\/uploads\/2021\/06\/deddededededede-300x443.jpg",300,443,true],"mantranews-block-medium":["https:\/\/blogopara.com.br\/wp-content\/uploads\/2021\/06\/deddededededede-464x290.jpg",464,290,true],"mantranews-carousel-image":["https:\/\/blogopara.com.br\/wp-content\/uploads\/2021\/06\/deddededededede.jpg",500,500,false],"mantranews-block-thumb":["https:\/\/blogopara.com.br\/wp-content\/uploads\/2021\/06\/deddededededede-322x230.jpg",322,230,true],"mantranews-single-large":["https:\/\/blogopara.com.br\/wp-content\/uploads\/2021\/06\/deddededededede.jpg",500,500,false]},"uagb_author_info":{"display_name":"Reda\u00e7\u00e3o geral","author_link":"https:\/\/blogopara.com.br\/index.php\/author\/blogopara"},"uagb_comment_info":0,"uagb_excerpt":"Faleceu na madrugada desta quinta-feira (24) o Cabo da Pol\u00edcia Militar da Bahia, La\u00e9rcio Santos. Cabo La\u00e9rcio vinha lutando contra o v\u00edrus da covid-19, h\u00e1 quase dois meses. Excelente profissional, Cabo La\u00e9rcio completou recentemente 16 anos na corpora\u00e7\u00e3o. Al\u00e9m de policial militar, ele era tamb\u00e9m m\u00fasico (ex-integrante da banda Samba de Mezza) e professor de&hellip;","jetpack_sharing_enabled":true,"jetpack_likes_enabled":true,"_links":{"self":[{"href":"https:\/\/blogopara.com.br\/index.php\/wp-json\/wp\/v2\/posts\/24896","targetHints":{"allow":["GET"]}}],"collection":[{"href":"https:\/\/blogopara.com.br\/index.php\/wp-json\/wp\/v2\/posts"}],"about":[{"href":"https:\/\/blogopara.com.br\/index.php\/wp-json\/wp\/v2\/types\/post"}],"author":[{"embeddable":true,"href":"https:\/\/blogopara.com.br\/index.php\/wp-json\/wp\/v2\/users\/1"}],"replies":[{"embeddable":true,"href":"https:\/\/blogopara.com.br\/index.php\/wp-json\/wp\/v2\/comments?post=24896"}],"version-history":[{"count":5,"href":"https:\/\/blogopara.com.br\/index.php\/wp-json\/wp\/v2\/posts\/24896\/revisions"}],"predecessor-version":[{"id":24904,"href":"https:\/\/blogopara.com.br\/index.php\/wp-json\/wp\/v2\/posts\/24896\/revisions\/24904"}],"wp:featuredmedia":[{"embeddable":true,"href":"https:\/\/blogopara.com.br\/index.php\/wp-json\/wp\/v2\/media\/24897"}],"wp:attachment":[{"href":"https:\/\/blogopara.com.br\/index.php\/wp-json\/wp\/v2\/media?parent=24896"}],"wp:term":[{"taxonomy":"category","embeddable":true,"href":"https:\/\/blogopara.com.br\/index.php\/wp-json\/wp\/v2\/categories?post=24896"},{"taxonomy":"post_tag","embeddable":true,"href":"https:\/\/blogopara.com.br\/index.php\/wp-json\/wp\/v2\/tags?post=24896"}],"curies":[{"name":"wp","href":"https:\/\/api.w.org\/{rel}","templated":true}]}}