{"id":24918,"date":"2021-06-25T08:54:00","date_gmt":"2021-06-25T11:54:00","guid":{"rendered":"https:\/\/blogopara.com.br\/?p=24918"},"modified":"2021-06-24T18:40:37","modified_gmt":"2021-06-24T21:40:37","slug":"boletim-epidemiologico-registra-4-obitos-por-covid-19-em-juazeiro-nesta-quinta-feira","status":"publish","type":"post","link":"https:\/\/blogopara.com.br\/index.php\/2021\/06\/25\/boletim-epidemiologico-registra-4-obitos-por-covid-19-em-juazeiro-nesta-quinta-feira","title":{"rendered":"Boletim epidemiol\u00f3gico registra 4 \u00f3bitos por Covid-19 em Juazeiro nesta quinta-feira"},"content":{"rendered":"<p style=\"font-weight: 400; text-align: justify;\">Juazeiro registrou quatro \u00f3bitos por complica\u00e7\u00f5es do novo Coronav\u00edrus e 42 novos casos da doen\u00e7a nas \u00faltimas 24 horas. A informa\u00e7\u00e3o est\u00e1 no boletim epidemiol\u00f3gico da Secretaria Municipal de Sa\u00fade (Sesau) desta quinta-feira (24).<\/p>\n<p style=\"font-weight: 400; text-align: justify;\">Os \u00f3bitos foram de duas pessoas do sexo feminino e duas pessoas do sexo masculino com 21, 40, 50 e 78 anos. Dois dos pacientes possu\u00edam hist\u00f3rico de comorbidades. Com isso, o munic\u00edpio agora registra 289 mortes provocadas pela doen\u00e7a.<\/p>\n<p style=\"font-weight: 400; text-align: justify;\">De acordo com o levantamento, 15.920 moradores foram infectados desde o in\u00edcio da pandemia na cidade, dos quais 15.294 j\u00e1 est\u00e3o recuperados. Os casos descartados somam 27.131. Juazeiro tem 337 casos ativos do novo coronav\u00edrus.<\/p>\n<p style=\"font-weight: 400; text-align: justify;\">\n<p style=\"font-weight: 400; text-align: justify;\"><strong>Testes<\/strong><\/p>\n<p style=\"font-weight: 400; text-align: justify;\">\n<p style=\"font-weight: 400; text-align: justify;\">Foram realizados desde o in\u00edcio da pandemia 33.921 testes r\u00e1pidos pela prefeitura e 2.136 pelo Lacen, em Salvador.<\/p>\n<p style=\"font-weight: 400; text-align: justify;\">\n<p style=\"font-weight: 400; text-align: justify;\"><strong>Ocupa\u00e7\u00e3o de leitos<\/strong><\/p>\n<p style=\"font-weight: 400; text-align: justify;\">\n<p style=\"font-weight: 400; text-align: justify;\">Na rede hospitalar, o percentual de ocupa\u00e7\u00e3o dos leitos de UTI para Juazeiro na rede PEBA (hospitais de Pernambuco e Bahia) \u00e9 de 81%, com 42 leitos dispon\u00edveis. Somente em Juazeiro, 60% dos leitos de UTI para pacientes com Covid-19 est\u00e3o ocupados, com 12 leitos dispon\u00edveis.<\/p>\n<p style=\"font-weight: 400; text-align: justify;\">\n<p style=\"font-weight: 400; text-align: justify;\">SESAU- ASCOM PMJ<\/p>\n<p style=\"font-weight: 400; text-align: justify;\">\n<p style=\"font-weight: 400; text-align: justify;\">\n","protected":false},"excerpt":{"rendered":"<p>Juazeiro registrou quatro \u00f3bitos por complica\u00e7\u00f5es do novo Coronav\u00edrus e 42 novos casos da doen\u00e7a nas \u00faltimas 24 horas. A informa\u00e7\u00e3o est\u00e1 no boletim epidemiol\u00f3gico da Secretaria Municipal de Sa\u00fade (Sesau) desta quinta-feira (24). Os \u00f3bitos foram de duas pessoas do sexo feminino e duas pessoas do sexo masculino com 21, 40, 50 e 78 [&hellip;]<\/p>\n","protected":false},"author":1,"featured_media":24919,"comment_status":"closed","ping_status":"open","sticky":false,"template":"","format":"standard","meta":{"_uag_custom_page_level_css":"","_monsterinsights_skip_tracking":false,"_monsterinsights_sitenote_active":false,"_monsterinsights_sitenote_note":"","_monsterinsights_sitenote_category":0,"jetpack_post_was_ever_published":false,"_jetpack_newsletter_access":"","_jetpack_dont_email_post_to_subs":false,"_jetpack_newsletter_tier_id":0,"_jetpack_memberships_contains_paywalled_content":false,"_jetpack_memberships_contains_paid_content":false,"footnotes":"","jetpack_publicize_message":"","jetpack_publicize_feature_enabled":true,"jetpack_social_post_already_shared":true,"jetpack_social_options":{"image_generator_settings":{"template":"highway","default_image_id":0,"font":"","enabled":false},"version":2}},"categories":[2801,203],"tags":[3699,3155,1622,2727,1684],"class_list":["post-24918","post","type-post","status-publish","format-standard","has-post-thumbnail","hentry","category-covid19","category-juazeiro","tag-boletim-epidemiologico","tag-covid-19-2","tag-juazeiro-bahia","tag-obitos","tag-registro"],"jetpack_publicize_connections":[],"jetpack_featured_media_url":"https:\/\/blogopara.com.br\/wp-content\/uploads\/2021\/06\/Boletim-covid-24.06-Juazeiro.jpg","uagb_featured_image_src":{"full":["https:\/\/blogopara.com.br\/wp-content\/uploads\/2021\/06\/Boletim-covid-24.06-Juazeiro.jpg",500,500,false],"thumbnail":["https:\/\/blogopara.com.br\/wp-content\/uploads\/2021\/06\/Boletim-covid-24.06-Juazeiro-150x150.jpg",150,150,true],"medium":["https:\/\/blogopara.com.br\/wp-content\/uploads\/2021\/06\/Boletim-covid-24.06-Juazeiro-300x300.jpg",300,300,true],"medium_large":["https:\/\/blogopara.com.br\/wp-content\/uploads\/2021\/06\/Boletim-covid-24.06-Juazeiro.jpg",500,500,false],"large":["https:\/\/blogopara.com.br\/wp-content\/uploads\/2021\/06\/Boletim-covid-24.06-Juazeiro.jpg",500,500,false],"1536x1536":["https:\/\/blogopara.com.br\/wp-content\/uploads\/2021\/06\/Boletim-covid-24.06-Juazeiro.jpg",500,500,false],"2048x2048":["https:\/\/blogopara.com.br\/wp-content\/uploads\/2021\/06\/Boletim-covid-24.06-Juazeiro.jpg",500,500,false],"mantranews-slider-large":["https:\/\/blogopara.com.br\/wp-content\/uploads\/2021\/06\/Boletim-covid-24.06-Juazeiro.jpg",500,500,false],"mantranews-featured-medium":["https:\/\/blogopara.com.br\/wp-content\/uploads\/2021\/06\/Boletim-covid-24.06-Juazeiro-420x307.jpg",420,307,true],"mantranews-featured-long":["https:\/\/blogopara.com.br\/wp-content\/uploads\/2021\/06\/Boletim-covid-24.06-Juazeiro-300x443.jpg",300,443,true],"mantranews-block-medium":["https:\/\/blogopara.com.br\/wp-content\/uploads\/2021\/06\/Boletim-covid-24.06-Juazeiro-464x290.jpg",464,290,true],"mantranews-carousel-image":["https:\/\/blogopara.com.br\/wp-content\/uploads\/2021\/06\/Boletim-covid-24.06-Juazeiro.jpg",500,500,false],"mantranews-block-thumb":["https:\/\/blogopara.com.br\/wp-content\/uploads\/2021\/06\/Boletim-covid-24.06-Juazeiro-322x230.jpg",322,230,true],"mantranews-single-large":["https:\/\/blogopara.com.br\/wp-content\/uploads\/2021\/06\/Boletim-covid-24.06-Juazeiro.jpg",500,500,false]},"uagb_author_info":{"display_name":"Reda\u00e7\u00e3o geral","author_link":"https:\/\/blogopara.com.br\/index.php\/author\/blogopara"},"uagb_comment_info":0,"uagb_excerpt":"Juazeiro registrou quatro \u00f3bitos por complica\u00e7\u00f5es do novo Coronav\u00edrus e 42 novos casos da doen\u00e7a nas \u00faltimas 24 horas. A informa\u00e7\u00e3o est\u00e1 no boletim epidemiol\u00f3gico da Secretaria Municipal de Sa\u00fade (Sesau) desta quinta-feira (24). Os \u00f3bitos foram de duas pessoas do sexo feminino e duas pessoas do sexo masculino com 21, 40, 50 e 78&hellip;","jetpack_sharing_enabled":true,"jetpack_likes_enabled":true,"_links":{"self":[{"href":"https:\/\/blogopara.com.br\/index.php\/wp-json\/wp\/v2\/posts\/24918","targetHints":{"allow":["GET"]}}],"collection":[{"href":"https:\/\/blogopara.com.br\/index.php\/wp-json\/wp\/v2\/posts"}],"about":[{"href":"https:\/\/blogopara.com.br\/index.php\/wp-json\/wp\/v2\/types\/post"}],"author":[{"embeddable":true,"href":"https:\/\/blogopara.com.br\/index.php\/wp-json\/wp\/v2\/users\/1"}],"replies":[{"embeddable":true,"href":"https:\/\/blogopara.com.br\/index.php\/wp-json\/wp\/v2\/comments?post=24918"}],"version-history":[{"count":1,"href":"https:\/\/blogopara.com.br\/index.php\/wp-json\/wp\/v2\/posts\/24918\/revisions"}],"predecessor-version":[{"id":24920,"href":"https:\/\/blogopara.com.br\/index.php\/wp-json\/wp\/v2\/posts\/24918\/revisions\/24920"}],"wp:featuredmedia":[{"embeddable":true,"href":"https:\/\/blogopara.com.br\/index.php\/wp-json\/wp\/v2\/media\/24919"}],"wp:attachment":[{"href":"https:\/\/blogopara.com.br\/index.php\/wp-json\/wp\/v2\/media?parent=24918"}],"wp:term":[{"taxonomy":"category","embeddable":true,"href":"https:\/\/blogopara.com.br\/index.php\/wp-json\/wp\/v2\/categories?post=24918"},{"taxonomy":"post_tag","embeddable":true,"href":"https:\/\/blogopara.com.br\/index.php\/wp-json\/wp\/v2\/tags?post=24918"}],"curies":[{"name":"wp","href":"https:\/\/api.w.org\/{rel}","templated":true}]}}