{"id":24942,"date":"2021-06-25T17:19:00","date_gmt":"2021-06-25T20:19:00","guid":{"rendered":"https:\/\/blogopara.com.br\/?p=24942"},"modified":"2021-06-25T12:58:51","modified_gmt":"2021-06-25T15:58:51","slug":"prefeitura-de-juazeiro-e-tv-sao-francisco-vao-encerrar-o-sao-joao-dicasa-com-diversidade-de-ritmos-nesta-sexta-feira","status":"publish","type":"post","link":"https:\/\/blogopara.com.br\/index.php\/2021\/06\/25\/prefeitura-de-juazeiro-e-tv-sao-francisco-vao-encerrar-o-sao-joao-dicasa-com-diversidade-de-ritmos-nesta-sexta-feira","title":{"rendered":"Prefeitura de Juazeiro e TV S\u00e3o Francisco v\u00e3o encerrar o \u2018S\u00e3o Jo\u00e3o DiCasa\u2019 com diversidade de ritmos nesta sexta-feira"},"content":{"rendered":"<p dir=\"ltr\" style=\"text-align: justify;\">Junho est\u00e1 acabando e o S\u00e3o Jo\u00e3o DiCasa tamb\u00e9m. Mas a Prefeitura de Juazeiro e a TV S\u00e3o Francisco j\u00e1 avisaram que a \u00faltima noite da festa vai ser um aquecimento para o pr\u00f3ximo ano. A programa\u00e7\u00e3o desta sexta-feira (25) promete diversidade de ritmos, ao som do sanfoneiro Wanderley do Nordeste e do vaqueiro Andr\u00e9 Mendes. Para curtir a folia \u00e9 s\u00f3 conectar ao site\u00a0 GShow (<a href=\"https:\/\/gshow.globo.com\/Rede-Bahia\/sao-joao-dicasa\/\" target=\"_blank\" rel=\"noopener\" data-saferedirecturl=\"https:\/\/www.google.com\/url?q=https:\/\/gshow.globo.com\/Rede-Bahia\/sao-joao-dicasa\/&amp;source=gmail&amp;ust=1624722459389000&amp;usg=AFQjCNFS-5q-BJjNJlrvbe5oxfY23ACHCw\">https:\/\/gshow.globo.com\/Rede-<wbr \/>Bahia\/sao-joao-dicasa\/<\/a>), a partir das 20h.<\/p>\n<p dir=\"ltr\" style=\"text-align: justify;\">O secret\u00e1rio de Cultura, Turismo e Esportes, S\u00e9rgio Fernandes, convida toda a popula\u00e7\u00e3o para assistir a festa. \u201cEm nome da Prefeitura de Juazeiro, convido a todos os juazeirenses para assistir o nosso S\u00e3o Jo\u00e3o DiCasa e que n\u00e3o deixe de festejar, mesmo que em casa, com a fam\u00edlia. O S\u00e3o Jo\u00e3o \u00e9 a nossa tradi\u00e7\u00e3o e a gente espera que no pr\u00f3ximo ano a festa seja presencial\u201d, frisou S\u00e9rgio Fernandes.<\/p>\n<p dir=\"ltr\" style=\"text-align: justify;\">O supervisor de Marketing da TV S\u00e3o Francisco, Renan Braga, tamb\u00e9m falou sobre a festa. \u201cChegamos \u00e0 quarta noite do S\u00e3o Jo\u00e3o DiCasa,\u00a0 embalados por muitos ritmos que animam o S\u00e3o Jo\u00e3o no nordeste, como xote, bai\u00e3o, arrastap\u00e9, forr\u00f3 de vaquejada, sertanejo, piseiro e muito mais. Preparamos um mix de estilos para valorizar as grandes pratas da casa e animar todos os espectadores, da crian\u00e7a ao idoso\u201d, disse Renan sobre a programa\u00e7\u00e3o.<\/p>\n<p dir=\"ltr\" style=\"text-align: justify;\">\u00a0<\/p>\n<p dir=\"ltr\" style=\"text-align: justify;\">Solidariedade<\/p>\n<p dir=\"ltr\" style=\"text-align: justify;\">\u00a0<\/p>\n<p dir=\"ltr\" style=\"text-align: justify;\">Al\u00e9m de proporcionar o entretenimento para as fam\u00edlias, o S\u00e3o Jo\u00e3o DiCasa tamb\u00e9m \u00e9 uma a\u00e7\u00e3o solid\u00e1ria. Durante a exibi\u00e7\u00e3o de cada live, um QRcode ficar\u00e1 dispon\u00edvel para que os internautas e espectadores possam fazer doa\u00e7\u00f5es. As contribui\u00e7\u00f5es ser\u00e3o revertidas diretamente para institui\u00e7\u00f5es sociais de Juazeiro.<\/p>\n<p dir=\"ltr\" style=\"text-align: justify;\">\u00a0<\/p>\n<p dir=\"ltr\" style=\"text-align: justify;\"><span style=\"font-size: inherit;\">Seculte-Ascom PMJ<\/span><\/p>\n\n\n<p><\/p>\n","protected":false},"excerpt":{"rendered":"<p>Junho est\u00e1 acabando e o S\u00e3o Jo\u00e3o DiCasa tamb\u00e9m. Mas a Prefeitura de Juazeiro e a TV S\u00e3o Francisco j\u00e1 avisaram que a \u00faltima noite da festa vai ser um aquecimento para o pr\u00f3ximo ano. A programa\u00e7\u00e3o desta sexta-feira (25) promete diversidade de ritmos, ao som do sanfoneiro Wanderley do Nordeste e do vaqueiro Andr\u00e9 [&hellip;]<\/p>\n","protected":false},"author":1,"featured_media":24943,"comment_status":"closed","ping_status":"open","sticky":false,"template":"","format":"standard","meta":{"_uag_custom_page_level_css":"","_monsterinsights_skip_tracking":false,"_monsterinsights_sitenote_active":false,"_monsterinsights_sitenote_note":"","_monsterinsights_sitenote_category":0,"jetpack_post_was_ever_published":false,"_jetpack_newsletter_access":"","_jetpack_dont_email_post_to_subs":false,"_jetpack_newsletter_tier_id":0,"_jetpack_memberships_contains_paywalled_content":false,"_jetpack_memberships_contains_paid_content":false,"footnotes":"","jetpack_publicize_message":"","jetpack_publicize_feature_enabled":true,"jetpack_social_post_already_shared":true,"jetpack_social_options":{"image_generator_settings":{"template":"highway","default_image_id":0,"font":"","enabled":false},"version":2}},"categories":[1784],"tags":[3712,2926,340,137,2750],"class_list":["post-24942","post","type-post","status-publish","format-standard","has-post-thumbnail","hentry","category-cultura-2","tag-dicasa","tag-encerramento","tag-prefeitura-de-juazeiro","tag-sao-joao","tag-tv-sao-francisco"],"jetpack_publicize_connections":[],"jetpack_featured_media_url":"https:\/\/blogopara.com.br\/wp-content\/uploads\/2021\/06\/SAVE_20210605_013530.jpg","uagb_featured_image_src":{"full":["https:\/\/blogopara.com.br\/wp-content\/uploads\/2021\/06\/SAVE_20210605_013530.jpg",500,333,false],"thumbnail":["https:\/\/blogopara.com.br\/wp-content\/uploads\/2021\/06\/SAVE_20210605_013530-150x150.jpg",150,150,true],"medium":["https:\/\/blogopara.com.br\/wp-content\/uploads\/2021\/06\/SAVE_20210605_013530-300x200.jpg",300,200,true],"medium_large":["https:\/\/blogopara.com.br\/wp-content\/uploads\/2021\/06\/SAVE_20210605_013530.jpg",500,333,false],"large":["https:\/\/blogopara.com.br\/wp-content\/uploads\/2021\/06\/SAVE_20210605_013530.jpg",500,333,false],"1536x1536":["https:\/\/blogopara.com.br\/wp-content\/uploads\/2021\/06\/SAVE_20210605_013530.jpg",500,333,false],"2048x2048":["https:\/\/blogopara.com.br\/wp-content\/uploads\/2021\/06\/SAVE_20210605_013530.jpg",500,333,false],"mantranews-slider-large":["https:\/\/blogopara.com.br\/wp-content\/uploads\/2021\/06\/SAVE_20210605_013530.jpg",500,333,false],"mantranews-featured-medium":["https:\/\/blogopara.com.br\/wp-content\/uploads\/2021\/06\/SAVE_20210605_013530-420x307.jpg",420,307,true],"mantranews-featured-long":["https:\/\/blogopara.com.br\/wp-content\/uploads\/2021\/06\/SAVE_20210605_013530-300x333.jpg",300,333,true],"mantranews-block-medium":["https:\/\/blogopara.com.br\/wp-content\/uploads\/2021\/06\/SAVE_20210605_013530-464x290.jpg",464,290,true],"mantranews-carousel-image":["https:\/\/blogopara.com.br\/wp-content\/uploads\/2021\/06\/SAVE_20210605_013530.jpg",500,333,false],"mantranews-block-thumb":["https:\/\/blogopara.com.br\/wp-content\/uploads\/2021\/06\/SAVE_20210605_013530-322x230.jpg",322,230,true],"mantranews-single-large":["https:\/\/blogopara.com.br\/wp-content\/uploads\/2021\/06\/SAVE_20210605_013530.jpg",500,333,false]},"uagb_author_info":{"display_name":"Reda\u00e7\u00e3o geral","author_link":"https:\/\/blogopara.com.br\/index.php\/author\/blogopara"},"uagb_comment_info":0,"uagb_excerpt":"Junho est\u00e1 acabando e o S\u00e3o Jo\u00e3o DiCasa tamb\u00e9m. Mas a Prefeitura de Juazeiro e a TV S\u00e3o Francisco j\u00e1 avisaram que a \u00faltima noite da festa vai ser um aquecimento para o pr\u00f3ximo ano. A programa\u00e7\u00e3o desta sexta-feira (25) promete diversidade de ritmos, ao som do sanfoneiro Wanderley do Nordeste e do vaqueiro Andr\u00e9&hellip;","jetpack_sharing_enabled":true,"jetpack_likes_enabled":true,"_links":{"self":[{"href":"https:\/\/blogopara.com.br\/index.php\/wp-json\/wp\/v2\/posts\/24942","targetHints":{"allow":["GET"]}}],"collection":[{"href":"https:\/\/blogopara.com.br\/index.php\/wp-json\/wp\/v2\/posts"}],"about":[{"href":"https:\/\/blogopara.com.br\/index.php\/wp-json\/wp\/v2\/types\/post"}],"author":[{"embeddable":true,"href":"https:\/\/blogopara.com.br\/index.php\/wp-json\/wp\/v2\/users\/1"}],"replies":[{"embeddable":true,"href":"https:\/\/blogopara.com.br\/index.php\/wp-json\/wp\/v2\/comments?post=24942"}],"version-history":[{"count":1,"href":"https:\/\/blogopara.com.br\/index.php\/wp-json\/wp\/v2\/posts\/24942\/revisions"}],"predecessor-version":[{"id":24944,"href":"https:\/\/blogopara.com.br\/index.php\/wp-json\/wp\/v2\/posts\/24942\/revisions\/24944"}],"wp:featuredmedia":[{"embeddable":true,"href":"https:\/\/blogopara.com.br\/index.php\/wp-json\/wp\/v2\/media\/24943"}],"wp:attachment":[{"href":"https:\/\/blogopara.com.br\/index.php\/wp-json\/wp\/v2\/media?parent=24942"}],"wp:term":[{"taxonomy":"category","embeddable":true,"href":"https:\/\/blogopara.com.br\/index.php\/wp-json\/wp\/v2\/categories?post=24942"},{"taxonomy":"post_tag","embeddable":true,"href":"https:\/\/blogopara.com.br\/index.php\/wp-json\/wp\/v2\/tags?post=24942"}],"curies":[{"name":"wp","href":"https:\/\/api.w.org\/{rel}","templated":true}]}}