{"id":25060,"date":"2021-06-28T19:15:00","date_gmt":"2021-06-28T22:15:00","guid":{"rendered":"https:\/\/blogopara.com.br\/?p=25060"},"modified":"2021-06-28T15:21:29","modified_gmt":"2021-06-28T18:21:29","slug":"prefeitura-de-juazeiro-comemora-o-dia-internacional-do-orgulho-lgbtqiap-com-acao-de-conscientizacao","status":"publish","type":"post","link":"https:\/\/blogopara.com.br\/index.php\/2021\/06\/28\/prefeitura-de-juazeiro-comemora-o-dia-internacional-do-orgulho-lgbtqiap-com-acao-de-conscientizacao","title":{"rendered":"Prefeitura de Juazeiro comemora o Dia Internacional do Orgulho LGBTQIAP+ com a\u00e7\u00e3o de conscientiza\u00e7\u00e3o"},"content":{"rendered":"<p style=\"font-weight: 400; text-align: justify;\">Em cima de um minitrio, a equipe da Diretoria de Diversidade da Secretaria de Desenvolvimento Social, Mulher e Diversidade de Juazeiro (SEDES) percorreu diversas ruas da cidade e comemorou o Dia Internacional do Orgulho LGBTQIAP+, nesta segunda-feira (28). A\u00e7\u00e3o respeitou todas as normas sanit\u00e1rias contra a Covid-19 e teve como objetivo sensibilizar a popula\u00e7\u00e3o para a necessidade de combater a homofobia e proteger os direitos da popula\u00e7\u00e3o LGBT.<\/p>\n<p style=\"font-weight: 400; text-align: justify;\">A diretora de Diversidade da SEDES, Eva Suene, explicou que a data \u00e9 um s\u00edmbolo de respeito \u00e0s pessoas e n\u00e3o poderia passar em branco. \u201cEssa \u00e9 uma data simb\u00f3lica para toda a comunidade LGBTQIAP+. Para lembrar que precisamos lutar contra o preconceito, a homofobia e pelo acesso dessa popula\u00e7\u00e3o \u00e0s pol\u00edticas de prote\u00e7\u00e3o, sa\u00fade, educa\u00e7\u00e3o e empregabilidade. A Prefeitura de Juazeiro vem fazendo isso todos os dias, mas hoje \u00e9 o nosso Dia D\u201d, frisou, Eva.<\/p>\n<p style=\"font-weight: 400; text-align: justify;\">Para a aposentada Neuza Maria Santana, a iniciativa \u00e9 uma maneira de mostrar para as pessoas LGBT que elas t\u00eam apoio. \u201cA prefeita Suzana Ramos e sua equipe est\u00e3o de parab\u00e9ns, porque essas pessoas s\u00e3o muito carentes de apoio e afeto. \u00c0s vezes sofrem preconceito at\u00e9 dentro de casa. Esse tipo de a\u00e7\u00e3o ajuda a dizer que tem algu\u00e9m olhando por elas\u201d, declarou.<\/p>\n<p style=\"font-weight: 400; text-align: justify;\">A a\u00e7\u00e3o contou com o apoio da Secretaria de Cultura, Turismo e Esportes (Seculte) e da Companhia de Seguran\u00e7a, Tr\u00e2nsito e Transportes (CSTT). Durante o percurso, os organizadores do evento ainda parabenizaram comerciantes locais que empregam pessoas LGBT\u2019s.<\/p>\n<p style=\"font-weight: 400; text-align: justify;\"><strong>\u00a0<\/strong><\/p>\n<p style=\"font-weight: 400; text-align: justify;\"><strong>Dia do Orgulho LGBTQIAP+<\/strong><\/p>\n<p style=\"font-weight: 400; text-align: justify;\">\n<p style=\"font-weight: 400; text-align: justify;\">A data foi criada em homenagem a um dos epis\u00f3dios mais marcantes na luta da comunidade gay pelos seus direitos: a Rebeli\u00e3o de Stonewall Inn, em 1969, nos Estados Unidos. Ap\u00f3s uma s\u00e9rie de invas\u00f5es da pol\u00edcia de Nova York aos bares frequentados por homossexuais, a comunidade LGBT organizou v\u00e1rios protestos, que culminou com a Rebeli\u00e3o.<\/p>\n<p style=\"font-weight: 400; text-align: justify;\">No ano seguinte, em 1970, foi organizada a 1\u00aa Parada do Orgulho Gay, para lembrar e fortalecer o movimento de luta contra o preconceito.<\/p>\n<p style=\"text-align: justify;\">\n<p style=\"font-weight: 400; text-align: justify;\">\u00a0SEDES- ASCOM PMJ<\/p>\n<p style=\"font-weight: 400; text-align: justify;\">\n","protected":false},"excerpt":{"rendered":"<p>Em cima de um minitrio, a equipe da Diretoria de Diversidade da Secretaria de Desenvolvimento Social, Mulher e Diversidade de Juazeiro (SEDES) percorreu diversas ruas da cidade e comemorou o Dia Internacional do Orgulho LGBTQIAP+, nesta segunda-feira (28). A\u00e7\u00e3o respeitou todas as normas sanit\u00e1rias contra a Covid-19 e teve como objetivo sensibilizar a popula\u00e7\u00e3o para [&hellip;]<\/p>\n","protected":false},"author":1,"featured_media":25061,"comment_status":"closed","ping_status":"open","sticky":false,"template":"","format":"standard","meta":{"_uag_custom_page_level_css":"","_monsterinsights_skip_tracking":false,"_monsterinsights_sitenote_active":false,"_monsterinsights_sitenote_note":"","_monsterinsights_sitenote_category":0,"jetpack_post_was_ever_published":false,"_jetpack_newsletter_access":"","_jetpack_dont_email_post_to_subs":false,"_jetpack_newsletter_tier_id":0,"_jetpack_memberships_contains_paywalled_content":false,"_jetpack_memberships_contains_paid_content":false,"footnotes":"","jetpack_publicize_message":"","jetpack_publicize_feature_enabled":true,"jetpack_social_post_already_shared":true,"jetpack_social_options":{"image_generator_settings":{"template":"highway","default_image_id":0,"font":"","enabled":false},"version":2}},"categories":[203],"tags":[2464,3767,3768,1926,340],"class_list":["post-25060","post","type-post","status-publish","format-standard","has-post-thumbnail","hentry","category-juazeiro","tag-comemoracao","tag-dia-internacional","tag-lgbtqiap","tag-orgulho","tag-prefeitura-de-juazeiro"],"jetpack_publicize_connections":[],"jetpack_featured_media_url":"https:\/\/blogopara.com.br\/wp-content\/uploads\/2021\/06\/OrgulhoLGBT_09.jpg","uagb_featured_image_src":{"full":["https:\/\/blogopara.com.br\/wp-content\/uploads\/2021\/06\/OrgulhoLGBT_09.jpg",500,333,false],"thumbnail":["https:\/\/blogopara.com.br\/wp-content\/uploads\/2021\/06\/OrgulhoLGBT_09-150x150.jpg",150,150,true],"medium":["https:\/\/blogopara.com.br\/wp-content\/uploads\/2021\/06\/OrgulhoLGBT_09-300x200.jpg",300,200,true],"medium_large":["https:\/\/blogopara.com.br\/wp-content\/uploads\/2021\/06\/OrgulhoLGBT_09.jpg",500,333,false],"large":["https:\/\/blogopara.com.br\/wp-content\/uploads\/2021\/06\/OrgulhoLGBT_09.jpg",500,333,false],"1536x1536":["https:\/\/blogopara.com.br\/wp-content\/uploads\/2021\/06\/OrgulhoLGBT_09.jpg",500,333,false],"2048x2048":["https:\/\/blogopara.com.br\/wp-content\/uploads\/2021\/06\/OrgulhoLGBT_09.jpg",500,333,false],"mantranews-slider-large":["https:\/\/blogopara.com.br\/wp-content\/uploads\/2021\/06\/OrgulhoLGBT_09.jpg",500,333,false],"mantranews-featured-medium":["https:\/\/blogopara.com.br\/wp-content\/uploads\/2021\/06\/OrgulhoLGBT_09-420x307.jpg",420,307,true],"mantranews-featured-long":["https:\/\/blogopara.com.br\/wp-content\/uploads\/2021\/06\/OrgulhoLGBT_09-300x333.jpg",300,333,true],"mantranews-block-medium":["https:\/\/blogopara.com.br\/wp-content\/uploads\/2021\/06\/OrgulhoLGBT_09-464x290.jpg",464,290,true],"mantranews-carousel-image":["https:\/\/blogopara.com.br\/wp-content\/uploads\/2021\/06\/OrgulhoLGBT_09.jpg",500,333,false],"mantranews-block-thumb":["https:\/\/blogopara.com.br\/wp-content\/uploads\/2021\/06\/OrgulhoLGBT_09-322x230.jpg",322,230,true],"mantranews-single-large":["https:\/\/blogopara.com.br\/wp-content\/uploads\/2021\/06\/OrgulhoLGBT_09.jpg",500,333,false]},"uagb_author_info":{"display_name":"Reda\u00e7\u00e3o geral","author_link":"https:\/\/blogopara.com.br\/index.php\/author\/blogopara"},"uagb_comment_info":0,"uagb_excerpt":"Em cima de um minitrio, a equipe da Diretoria de Diversidade da Secretaria de Desenvolvimento Social, Mulher e Diversidade de Juazeiro (SEDES) percorreu diversas ruas da cidade e comemorou o Dia Internacional do Orgulho LGBTQIAP+, nesta segunda-feira (28). A\u00e7\u00e3o respeitou todas as normas sanit\u00e1rias contra a Covid-19 e teve como objetivo sensibilizar a popula\u00e7\u00e3o para&hellip;","jetpack_sharing_enabled":true,"jetpack_likes_enabled":true,"_links":{"self":[{"href":"https:\/\/blogopara.com.br\/index.php\/wp-json\/wp\/v2\/posts\/25060","targetHints":{"allow":["GET"]}}],"collection":[{"href":"https:\/\/blogopara.com.br\/index.php\/wp-json\/wp\/v2\/posts"}],"about":[{"href":"https:\/\/blogopara.com.br\/index.php\/wp-json\/wp\/v2\/types\/post"}],"author":[{"embeddable":true,"href":"https:\/\/blogopara.com.br\/index.php\/wp-json\/wp\/v2\/users\/1"}],"replies":[{"embeddable":true,"href":"https:\/\/blogopara.com.br\/index.php\/wp-json\/wp\/v2\/comments?post=25060"}],"version-history":[{"count":1,"href":"https:\/\/blogopara.com.br\/index.php\/wp-json\/wp\/v2\/posts\/25060\/revisions"}],"predecessor-version":[{"id":25062,"href":"https:\/\/blogopara.com.br\/index.php\/wp-json\/wp\/v2\/posts\/25060\/revisions\/25062"}],"wp:featuredmedia":[{"embeddable":true,"href":"https:\/\/blogopara.com.br\/index.php\/wp-json\/wp\/v2\/media\/25061"}],"wp:attachment":[{"href":"https:\/\/blogopara.com.br\/index.php\/wp-json\/wp\/v2\/media?parent=25060"}],"wp:term":[{"taxonomy":"category","embeddable":true,"href":"https:\/\/blogopara.com.br\/index.php\/wp-json\/wp\/v2\/categories?post=25060"},{"taxonomy":"post_tag","embeddable":true,"href":"https:\/\/blogopara.com.br\/index.php\/wp-json\/wp\/v2\/tags?post=25060"}],"curies":[{"name":"wp","href":"https:\/\/api.w.org\/{rel}","templated":true}]}}