{"id":25164,"date":"2021-07-01T16:31:00","date_gmt":"2021-07-01T19:31:00","guid":{"rendered":"https:\/\/blogopara.com.br\/?p=25164"},"modified":"2021-07-01T14:24:44","modified_gmt":"2021-07-01T17:24:44","slug":"com-mais-35-mortes-e-1-997-casos-de-covid-19-pernambuco-chega-a-17-720-obitos-e-552-289-infectados","status":"publish","type":"post","link":"https:\/\/blogopara.com.br\/index.php\/2021\/07\/01\/com-mais-35-mortes-e-1-997-casos-de-covid-19-pernambuco-chega-a-17-720-obitos-e-552-289-infectados","title":{"rendered":"Com mais 35 mortes e 1.997 casos de Covid-19, Pernambuco chega a 17.720 \u00f3bitos e 552.289 infectados"},"content":{"rendered":"<div class=\"mc-column content-text active-extra-styles \" data-block-type=\"unstyled\" data-block-weight=\"35\" data-block-id=\"2\">\n<p class=\"content-text__container \" style=\"text-align: justify;\" data-track-category=\"Link no Texto\" data-track-links=\"\">Pernambuco contabilizou, nesta quinta-feira (1\u00ba), mais 35 mortes e 1.997 casos de pessoas com\u00a0<a href=\"https:\/\/g1.globo.com\/bemestar\/coronavirus\/\">Covid-19<\/a>, elevando o total de registros para 17.720 \u00f3bitos e 552.289 confirma\u00e7\u00f5es da doen\u00e7a\u00a0<a href=\"https:\/\/g1.globo.com\/pe\/pernambuco\/noticia\/2020\/03\/12\/primeiros-casos-de-coronavirus-sao-confirmados-pela-secretaria-de-saude-de-pernambuco.ghtml\">desde mar\u00e7o de 2020<\/a>, in\u00edcio da pandemia.<\/p>\n<\/div>\n<div class=\"wall protected-content\">\n<div class=\"mc-column content-text active-extra-styles\" style=\"text-align: justify;\" data-block-type=\"raw\" data-block-weight=\"32\" data-block-id=\"3\">\n<p><span style=\"font-size: inherit;\">Dos novos diagnosticados, 58 eram pacientes com S\u00edndrome Respirat\u00f3ria Aguda Grave (Srag) e 1.939 tiveram quadros leves da doen\u00e7a, n\u00e3o precisaram ser internados ou descobriram que tiveram Covid-19 depois de curados, atrav\u00e9s de testes sorol\u00f3gicos.<\/span><\/p>\n<\/div>\n<div class=\"mc-column content-text active-extra-styles \" style=\"text-align: justify;\" data-block-type=\"unstyled\" data-block-weight=\"11\" data-block-id=\"5\">\n<p class=\"content-text__container \" data-track-category=\"Link no Texto\" data-track-links=\"\">Considerando essa divis\u00e3o, Pernambuco totalizou 49.642 casos graves e 502.647 leves.<\/p>\n<\/div>\n<div class=\"mc-column content-text active-extra-styles \" style=\"text-align: justify;\" data-block-type=\"unstyled\" data-block-weight=\"22\" data-block-id=\"6\">\n<p class=\"content-text__container \" data-track-category=\"Link no Texto\" data-track-links=\"\">Os 35 falecimentos contabilizados pela Secretaria Estadual de Sa\u00fade nesta quinta-feira ocorreram entre 27 de mar\u00e7o deste ano e a quarta-feira (30).<\/p>\n<\/div>\n<div class=\"mc-column content-text active-extra-styles \" data-block-type=\"unstyled\" data-block-weight=\"12\" data-block-id=\"7\">\n<p class=\"content-text__container \" style=\"text-align: justify;\" data-track-category=\"Link no Texto\" data-track-links=\"\">Outros detalhes epidemiol\u00f3gicos devem repassados ao longo do dia pelo governo estadual.<\/p>\n<\/div>\n<\/div>\n\n\n<p>Por: Portal G1 PE<\/p>\n","protected":false},"excerpt":{"rendered":"<p>Pernambuco contabilizou, nesta quinta-feira (1\u00ba), mais 35 mortes e 1.997 casos de pessoas com\u00a0Covid-19, elevando o total de registros para 17.720 \u00f3bitos e 552.289 confirma\u00e7\u00f5es da doen\u00e7a\u00a0desde mar\u00e7o de 2020, in\u00edcio da pandemia. Dos novos diagnosticados, 58 eram pacientes com S\u00edndrome Respirat\u00f3ria Aguda Grave (Srag) e 1.939 tiveram quadros leves da doen\u00e7a, n\u00e3o precisaram ser [&hellip;]<\/p>\n","protected":false},"author":1,"featured_media":25165,"comment_status":"closed","ping_status":"open","sticky":false,"template":"","format":"standard","meta":{"_uag_custom_page_level_css":"","_monsterinsights_skip_tracking":false,"_monsterinsights_sitenote_active":false,"_monsterinsights_sitenote_note":"","_monsterinsights_sitenote_category":0,"jetpack_post_was_ever_published":false,"_jetpack_newsletter_access":"","_jetpack_dont_email_post_to_subs":false,"_jetpack_newsletter_tier_id":0,"_jetpack_memberships_contains_paywalled_content":false,"_jetpack_memberships_contains_paid_content":false,"footnotes":"","jetpack_publicize_message":"","jetpack_publicize_feature_enabled":true,"jetpack_social_post_already_shared":true,"jetpack_social_options":{"image_generator_settings":{"template":"highway","default_image_id":0,"font":"","enabled":false},"version":2}},"categories":[2801,1507],"tags":[2175,3155,3731,2727,532],"class_list":["post-25164","post","type-post","status-publish","format-standard","has-post-thumbnail","hentry","category-covid19","category-pernambuco","tag-casos","tag-covid-19-2","tag-infectados","tag-obitos","tag-pernambuco"],"jetpack_publicize_connections":[],"jetpack_featured_media_url":"https:\/\/blogopara.com.br\/wp-content\/uploads\/2021\/07\/whatsapp-image-2021-06-04-at-17.26.37.jpeg","uagb_featured_image_src":{"full":["https:\/\/blogopara.com.br\/wp-content\/uploads\/2021\/07\/whatsapp-image-2021-06-04-at-17.26.37.jpeg",500,333,false],"thumbnail":["https:\/\/blogopara.com.br\/wp-content\/uploads\/2021\/07\/whatsapp-image-2021-06-04-at-17.26.37-150x150.jpeg",150,150,true],"medium":["https:\/\/blogopara.com.br\/wp-content\/uploads\/2021\/07\/whatsapp-image-2021-06-04-at-17.26.37-300x200.jpeg",300,200,true],"medium_large":["https:\/\/blogopara.com.br\/wp-content\/uploads\/2021\/07\/whatsapp-image-2021-06-04-at-17.26.37.jpeg",500,333,false],"large":["https:\/\/blogopara.com.br\/wp-content\/uploads\/2021\/07\/whatsapp-image-2021-06-04-at-17.26.37.jpeg",500,333,false],"1536x1536":["https:\/\/blogopara.com.br\/wp-content\/uploads\/2021\/07\/whatsapp-image-2021-06-04-at-17.26.37.jpeg",500,333,false],"2048x2048":["https:\/\/blogopara.com.br\/wp-content\/uploads\/2021\/07\/whatsapp-image-2021-06-04-at-17.26.37.jpeg",500,333,false],"mantranews-slider-large":["https:\/\/blogopara.com.br\/wp-content\/uploads\/2021\/07\/whatsapp-image-2021-06-04-at-17.26.37.jpeg",500,333,false],"mantranews-featured-medium":["https:\/\/blogopara.com.br\/wp-content\/uploads\/2021\/07\/whatsapp-image-2021-06-04-at-17.26.37-420x307.jpeg",420,307,true],"mantranews-featured-long":["https:\/\/blogopara.com.br\/wp-content\/uploads\/2021\/07\/whatsapp-image-2021-06-04-at-17.26.37-300x333.jpeg",300,333,true],"mantranews-block-medium":["https:\/\/blogopara.com.br\/wp-content\/uploads\/2021\/07\/whatsapp-image-2021-06-04-at-17.26.37-464x290.jpeg",464,290,true],"mantranews-carousel-image":["https:\/\/blogopara.com.br\/wp-content\/uploads\/2021\/07\/whatsapp-image-2021-06-04-at-17.26.37.jpeg",500,333,false],"mantranews-block-thumb":["https:\/\/blogopara.com.br\/wp-content\/uploads\/2021\/07\/whatsapp-image-2021-06-04-at-17.26.37-322x230.jpeg",322,230,true],"mantranews-single-large":["https:\/\/blogopara.com.br\/wp-content\/uploads\/2021\/07\/whatsapp-image-2021-06-04-at-17.26.37.jpeg",500,333,false]},"uagb_author_info":{"display_name":"Reda\u00e7\u00e3o geral","author_link":"https:\/\/blogopara.com.br\/index.php\/author\/blogopara"},"uagb_comment_info":0,"uagb_excerpt":"Pernambuco contabilizou, nesta quinta-feira (1\u00ba), mais 35 mortes e 1.997 casos de pessoas com\u00a0Covid-19, elevando o total de registros para 17.720 \u00f3bitos e 552.289 confirma\u00e7\u00f5es da doen\u00e7a\u00a0desde mar\u00e7o de 2020, in\u00edcio da pandemia. Dos novos diagnosticados, 58 eram pacientes com S\u00edndrome Respirat\u00f3ria Aguda Grave (Srag) e 1.939 tiveram quadros leves da doen\u00e7a, n\u00e3o precisaram ser&hellip;","jetpack_sharing_enabled":true,"jetpack_likes_enabled":true,"_links":{"self":[{"href":"https:\/\/blogopara.com.br\/index.php\/wp-json\/wp\/v2\/posts\/25164","targetHints":{"allow":["GET"]}}],"collection":[{"href":"https:\/\/blogopara.com.br\/index.php\/wp-json\/wp\/v2\/posts"}],"about":[{"href":"https:\/\/blogopara.com.br\/index.php\/wp-json\/wp\/v2\/types\/post"}],"author":[{"embeddable":true,"href":"https:\/\/blogopara.com.br\/index.php\/wp-json\/wp\/v2\/users\/1"}],"replies":[{"embeddable":true,"href":"https:\/\/blogopara.com.br\/index.php\/wp-json\/wp\/v2\/comments?post=25164"}],"version-history":[{"count":1,"href":"https:\/\/blogopara.com.br\/index.php\/wp-json\/wp\/v2\/posts\/25164\/revisions"}],"predecessor-version":[{"id":25166,"href":"https:\/\/blogopara.com.br\/index.php\/wp-json\/wp\/v2\/posts\/25164\/revisions\/25166"}],"wp:featuredmedia":[{"embeddable":true,"href":"https:\/\/blogopara.com.br\/index.php\/wp-json\/wp\/v2\/media\/25165"}],"wp:attachment":[{"href":"https:\/\/blogopara.com.br\/index.php\/wp-json\/wp\/v2\/media?parent=25164"}],"wp:term":[{"taxonomy":"category","embeddable":true,"href":"https:\/\/blogopara.com.br\/index.php\/wp-json\/wp\/v2\/categories?post=25164"},{"taxonomy":"post_tag","embeddable":true,"href":"https:\/\/blogopara.com.br\/index.php\/wp-json\/wp\/v2\/tags?post=25164"}],"curies":[{"name":"wp","href":"https:\/\/api.w.org\/{rel}","templated":true}]}}