{"id":25195,"date":"2021-07-02T15:17:00","date_gmt":"2021-07-02T18:17:00","guid":{"rendered":"https:\/\/blogopara.com.br\/?p=25195"},"modified":"2021-07-02T09:57:05","modified_gmt":"2021-07-02T12:57:05","slug":"falas-de-bolsonaro-prejudicam-vacinacao-diz-ex-coordenadora-do-pni","status":"publish","type":"post","link":"https:\/\/blogopara.com.br\/index.php\/2021\/07\/02\/falas-de-bolsonaro-prejudicam-vacinacao-diz-ex-coordenadora-do-pni","title":{"rendered":"Falas de Bolsonaro prejudicam vacina\u00e7\u00e3o, diz ex-coordenadora do PNI"},"content":{"rendered":"<p style=\"text-align: justify;\">Coordenadora do Programa Nacional de Imuniza\u00e7\u00f5es nos \u00faltimos dois anos, cargo do qual pediu demiss\u00e3o nesta semana, Francieli Fontana nega ter deixado o posto devido a press\u00f5es da CPI da Covid, atribui dificuldades na campanha \u00e0 falta de doses e v\u00ea em declara\u00e7\u00f5es do presidente da Rep\u00fablica, Jair Bolsonaro, preju\u00edzos \u00e0 estrat\u00e9gia de vacina\u00e7\u00e3o no pa\u00eds.<\/p>\n<div class=\"teads-inread sm-screen\" style=\"text-align: justify;\">\n<div>\n<div id=\"teads0\" class=\"teads-player\">\u00a0<\/div>\n<\/div>\n<\/div>\n<div id=\"ad-middle\" class=\" adRef\" style=\"text-align: justify;\" data-google-query-id=\"CLjV9POzxPECFSw0uQYdgNUKRw\">\n<div id=\"google_ads_iframe_\/21867286880\/folhape\/vmiddle_0__container__\"><span style=\"font-size: inherit;\">&#8220;Isso divide a opini\u00e3o p\u00fablica. Quando se tem certeza de que vacina \u00e9 o meio mais efetivo para conter a epidemia junto com as medidas n\u00e3o farmacol\u00f3gicas, e tem comunica\u00e7\u00e3o diferente do l\u00edder da na\u00e7\u00e3o, isso traz preju\u00edzo para a campanha de vacina\u00e7\u00e3o&#8221;, afirma.<\/span><\/div>\n<\/div>\n<p style=\"text-align: justify;\">Segundo ela, declara\u00e7\u00f5es que colocam em d\u00favida as vacinas colaboram para enfraquecer o programa, reconhecido por uma trajet\u00f3ria de sucesso nos \u00faltimos anos.<\/p>\n<div class=\"dn_noticiasRelacionadas nrEsquerda\" style=\"text-align: justify;\">\n<div class=\"spacer30\"><span style=\"font-size: inherit;\">&#8220;Vimos que come\u00e7ou a haver d\u00favidas da pr\u00f3pria popula\u00e7\u00e3o em rela\u00e7\u00e3o \u00e0 vacina\u00e7\u00e3o. Precisar\u00edamos ter um comportamento que unificasse o pa\u00eds e uma comunica\u00e7\u00e3o \u00fanica&#8221;, ressalta ela, que cita como exemplos de impactos questionamentos do presidente sobre vacinas e fala recente sobre desobrigar o uso de m\u00e1scaras.<\/span><\/div>\n<\/div>\n<p style=\"text-align: justify;\">&#8220;Verificar uma fala do presidente da Rep\u00fablica de que vacinado j\u00e1 poderia deixar de usar a m\u00e1scara \u00e9 um cen\u00e1rio muito ruim para o Programa de Imuniza\u00e7\u00f5es. N\u00e3o vacinamos ainda quantitativo suficiente da popula\u00e7\u00e3o e estamos com n\u00famero de casos expressivo&#8221;, aponta.<\/p>\n<p style=\"text-align: justify;\">Um dia ap\u00f3s comunicar a equipe sobre sua sa\u00edda, Fontana diz que a decis\u00e3o de deixar o cargo foi tomada por conta pr\u00f3pria e ocorreu devido a dificuldades para alavancar a campanha contra a Covid, situa\u00e7\u00e3o que ela atribui a dois fatores: falta de vacinas e falta de apoio em a\u00e7\u00f5es de comunica\u00e7\u00e3o.<\/p>\n<p style=\"text-align: justify;\">&#8220;Qualquer programa de vacina\u00e7\u00e3o no mundo, para ter sucesso, precisa de vacina e comunica\u00e7\u00e3o, e n\u00e3o tive nenhum dos dois&#8221;, afirma. &#8220;Solicitei diversas vezes uma comunica\u00e7\u00e3o em rela\u00e7\u00e3o \u00e0s a\u00e7\u00f5es de vacina\u00e7\u00e3o e pouqu\u00edssimas vezes fui atendida.&#8221;<\/p>\n<p style=\"text-align: justify;\">Segundo ela, o ideal seria ter uma campanha publicit\u00e1ria que informasse sobre os grupos priorit\u00e1rios e a seguran\u00e7a e efic\u00e1cia das vacinas de forma mais direta.<\/p>\n<p style=\"text-align: justify;\">&#8220;Mas na gest\u00e3o do [general Eduardo] Pazuello, dificilmente se conseguia uma comunica\u00e7\u00e3o. Eu entrava em contato com o n\u00facleo de comunica\u00e7\u00e3o, que fazia contato com a assessoria, e n\u00e3o era explorado esse tema&#8221;, relata.<\/p>\n<p style=\"text-align: justify;\">Outra dificuldade, afirma, foi a falta de doses suficientes para iniciar a campanha e dar ritmo mais acelerado \u00e0 vacina\u00e7\u00e3o.<\/p>\n<p style=\"text-align: justify;\">Questionada, ela evita se posicionar sobre uma demora em fechar contratos, afirmando que o PNI n\u00e3o participava das negocia\u00e7\u00f5es. Mas diz que a equipe t\u00e9cnica do programa refor\u00e7ou em notas t\u00e9cnicas a necessidade de aquisi\u00e7\u00e3o de vacinas.<\/p>\n<p style=\"text-align: justify;\">&#8220;As negocia\u00e7\u00f5es de contratos n\u00e3o eram feitas com o Programa Nacional de Imuniza\u00e7\u00f5es. Quem fazia era a secretaria-executiva. Particip\u00e1vamos de reuni\u00f5es como \u00e1rea t\u00e9cnica para ver caracter\u00edsticas da vacina e em que fase os estudos cl\u00ednicos estavam, mas n\u00e3o particip\u00e1vamos do processo de fechar os contratos&#8221;, afirma. &#8220;Mas o PNI apontou desde o come\u00e7o a necessidade.&#8221;<\/p>\n<p style=\"text-align: justify;\">O primeiro desses posicionamentos, relata, ocorreu em 19 de junho de 2020, em documento que apontava a necessidade de 141 milh\u00f5es a 242 milh\u00f5es de doses para iniciar a estrat\u00e9gia de vacina\u00e7\u00e3o. &#8220;A ideia era come\u00e7ar j\u00e1 com esse quantitativo&#8221;, aponta ela, que lembra que na \u00e9poca ainda n\u00e3o havia defini\u00e7\u00e3o concreta sobre o n\u00famero de doses da vacina para cada pessoa (uma ou duas).<\/p>\n<p style=\"text-align: justify;\">Ainda segundo Fontana, a necessidade de que houvesse doses dispon\u00edveis em maior escala foi reiterada ao longo dos meses em outros documentos. An\u00e1lises do programa, afirma, tamb\u00e9m n\u00e3o apontavam restri\u00e7\u00e3o a qualquer tipo de vacina ou fornecedor.<\/p>\n<p style=\"text-align: justify;\">&#8220;O que t\u00ednhamos de exig\u00eancia \u00e9 que toda vacina precisava passar pelo aval da Anvisa. Passando pelos crit\u00e9rios de seguran\u00e7a, de efic\u00e1cia, essa vacina era muito bem-vinda no PNI.&#8221; A dificuldade de obter doses, no entanto, impactou o planejamento da estrat\u00e9gia de vacina\u00e7\u00e3o.<\/p>\n<p style=\"text-align: justify;\">&#8220;Os grupos priorit\u00e1rios foram definidos por n\u00e3o haver um quantitativo definido e j\u00e1 comprado de doses para poder iniciar o trabalho. Se tivesse quantidade de dose maior, n\u00e3o precisaria fazer essa fragmenta\u00e7\u00e3o em v\u00e1rios grupos.&#8221;<\/p>\n<p style=\"text-align: justify;\">Ainda na entrevista, Fontana nega que o programa de vacina\u00e7\u00e3o tenha cedido a press\u00f5es de categorias para inclus\u00e3o de grupos priorit\u00e1rios nos \u00faltimos meses.<\/p>\n<p style=\"text-align: justify;\">Ela conta que uma dessas tentativas de interfer\u00eancia, no entanto, ocorreu dentro da pasta em dezembro do \u00faltimo ano, quando o PNI recebeu um pedido para adiar a previs\u00e3o de vacina\u00e7\u00e3o da popula\u00e7\u00e3o privada de liberdade.<\/p>\n<p style=\"text-align: justify;\">&#8220;Fui para uma reuni\u00e3o na secretaria-executiva em dezembro e teve essa press\u00e3o. O que se ouvia \u00e9 que o presidente da Rep\u00fablica queria que fosse posterior&#8221;, relata.<\/p>\n<p style=\"text-align: justify;\">\u00c0 \u00e9poca, um documento sem esse grupo chegou a ser divulgado pelo Minist\u00e9rio da Sa\u00fade. Segundo Fontana, no entanto, o PNI nunca mudou de posicionamento.<\/p>\n<p style=\"text-align: justify;\">&#8220;Falei: se querem emitir outra vers\u00e3o, podem emitir. Mas a vers\u00e3o que o PNI vai emitir \u00e9 com a popula\u00e7\u00e3o privada de liberdade&#8221;, diz ela, que lembra que o documento oficial manteve o grupo na lista.<\/p>\n<p style=\"text-align: justify;\">Esse, no entanto, n\u00e3o foi o \u00fanico impasse vivido na campanha de vacina\u00e7\u00e3o nos \u00faltimos meses, que teve previs\u00f5es revistas no cronograma de doses e ado\u00e7\u00e3o de grupos diferentes entre os estados.<\/p>\n<p style=\"text-align: justify;\">Dificuldades na obten\u00e7\u00e3o de insumos e ajustes na produ\u00e7\u00e3o, afirma, levaram ao primeiro cen\u00e1rio. J\u00e1 o segundo, aponta ela, \u00e9 efeito direto da politiza\u00e7\u00e3o e da dificuldade na comunica\u00e7\u00e3o.<\/p>\n<p style=\"text-align: justify;\">&#8220;Fiz o m\u00e1ximo do esfor\u00e7o para pelo menos manter uma comunica\u00e7\u00e3o efetiva com os coordenadores estaduais de vacina\u00e7\u00e3o. Mas, por essa politiza\u00e7\u00e3o, vimos que cada gestor come\u00e7ou a tomar uma decis\u00e3o diferente&#8221;, relata.<\/p>\n<p style=\"text-align: justify;\">&#8220;Recomendamos [aos estados e munic\u00edpios] que seguissem os grupos priorit\u00e1rios. Mas faltou comunica\u00e7\u00e3o para que todo mundo seguisse a mesma estrat\u00e9gia. Os gestores foram tomando decis\u00f5es porque, embora o PNI seja um programa de Estado, n\u00e3o de governo, houve interfer\u00eancias no n\u00edvel alto da gest\u00e3o para que essa coordena\u00e7\u00e3o n\u00e3o ocorresse de forma efetiva.&#8221;<\/p>\n<p style=\"text-align: justify;\">Alvo de quebra de sigilo telef\u00f4nico pela CPI da Covid, ela nega que a press\u00e3o gerada pela situa\u00e7\u00e3o tenha colaborado para sua sa\u00edda do cargo.<\/p>\n<p style=\"text-align: justify;\">&#8220;O que muitos falaram, de que eu n\u00e3o queria ir para a CPI, n\u00e3o \u00e9 verdade. Como a vacina est\u00e1 em grande evid\u00eancia, nunca achei que n\u00e3o ia ser chamada. Disseram que fiquei desesperada, mas estou com todos os documentos organizados.&#8221;<\/p>\n<p style=\"text-align: justify;\">Ela reclama, por\u00e9m, de ter sido alvo de medidas ainda antes de prestar qualquer depoimento. &#8220;Me passaram da condi\u00e7\u00e3o de testemunha a investigada sem nem me ouvir.&#8221;<\/p>\n<p style=\"text-align: justify;\">Atualmente, Fontana \u00e9 alvo de um requerimento para acarea\u00e7\u00e3o com a m\u00e9dica Luana Ara\u00fajo sobre recomenda\u00e7\u00f5es adotadas para a vacina\u00e7\u00e3o de gestantes no pa\u00eds, caso de intercambialidade de doses, a\u00e7\u00e3o que chegou a ser orientada pelo minist\u00e9rio e foi revista logo em seguida.<\/p>\n<p style=\"text-align: justify;\">&#8220;Jamais tomei qualquer decis\u00e3o no PNI sem uma discuss\u00e3o ampla&#8221;, afirma a ex-coordenadora, segundo quem a medida foi discutida com especialistas a partir das evid\u00eancias naquele momento.<\/p>\n<p style=\"text-align: justify;\">\u00c0 reportagem ela tamb\u00e9m rebate um dos argumentos adotados para quebra do sigilo \u2013caso da suspeita de que o filho do secret\u00e1rio de Vigil\u00e2ncia em Sa\u00fade, Arnaldo Medeiros, a quem ela era subordinada, teria furado a fila de vacina\u00e7\u00e3o na Para\u00edba. &#8220;N\u00e3o sabia nem que o filho dele era m\u00e9dico&#8221;, diz.<\/p>\n<p style=\"text-align: justify;\">Para ela, o depoimento na CPI pode ser uma oportunidade de divulgar o Programa de Imuniza\u00e7\u00f5es.<\/p>\n<p style=\"text-align: justify;\">&#8220;Quero mostrar que o programa sempre agiu tecnicamente com base em ci\u00eancia e evid\u00eancia. N\u00e3o sou indica\u00e7\u00e3o pol\u00edtica, sou indica\u00e7\u00e3o t\u00e9cnica.&#8221;<\/p>\n<section class=\"bannerBillboardDetalhe\">\n<div id=\"middle\" data-google-query-id=\"CPiJv7WzxPECFeML1AoddccCdA\">\n<div id=\"google_ads_iframe_\/88816410\/folhape\/noticias_2__container__\">\u00a0<\/div>\n<\/div>\n<\/section>\n<div class=\"clear\" style=\"text-align: justify;\">\u00a0Fonte: Folhapress<\/div>\n<div class=\"spacer30\" style=\"text-align: justify;\">\u00a0<\/div>\n<div class=\"spacer30\" style=\"text-align: justify;\">\u00a0<\/div>\n<div class=\"compartilhar\" style=\"text-align: justify;\">\u00a0<\/div>\n<div class=\"clear\" style=\"text-align: justify;\">\u00a0<\/div>\n\n\n<p><\/p>\n","protected":false},"excerpt":{"rendered":"<p>Coordenadora do Programa Nacional de Imuniza\u00e7\u00f5es nos \u00faltimos dois anos, cargo do qual pediu demiss\u00e3o nesta semana, Francieli Fontana nega ter deixado o posto devido a press\u00f5es da CPI da Covid, atribui dificuldades na campanha \u00e0 falta de doses e v\u00ea em declara\u00e7\u00f5es do presidente da Rep\u00fablica, Jair Bolsonaro, preju\u00edzos \u00e0 estrat\u00e9gia de vacina\u00e7\u00e3o no [&hellip;]<\/p>\n","protected":false},"author":1,"featured_media":25196,"comment_status":"closed","ping_status":"open","sticky":false,"template":"","format":"standard","meta":{"_uag_custom_page_level_css":"","_monsterinsights_skip_tracking":false,"_monsterinsights_sitenote_active":false,"_monsterinsights_sitenote_note":"","_monsterinsights_sitenote_category":0,"jetpack_post_was_ever_published":false,"_jetpack_newsletter_access":"","_jetpack_dont_email_post_to_subs":false,"_jetpack_newsletter_tier_id":0,"_jetpack_memberships_contains_paywalled_content":false,"_jetpack_memberships_contains_paid_content":false,"footnotes":"","jetpack_publicize_message":"","jetpack_publicize_feature_enabled":true,"jetpack_social_post_already_shared":true,"jetpack_social_options":{"image_generator_settings":{"template":"highway","default_image_id":0,"font":"","enabled":false},"version":2}},"categories":[200],"tags":[3273,3831,3829,3832,3830,3107],"class_list":["post-25195","post","type-post","status-publish","format-standard","has-post-thumbnail","hentry","category-brasil","tag-afirma","tag-ex-coordenadora","tag-falas-de-bolsonaro","tag-pni","tag-prejudicam","tag-vacinacao"],"jetpack_publicize_connections":[],"jetpack_featured_media_url":"https:\/\/blogopara.com.br\/wp-content\/uploads\/2021\/07\/saude280520213032-0-1.jpg","uagb_featured_image_src":{"full":["https:\/\/blogopara.com.br\/wp-content\/uploads\/2021\/07\/saude280520213032-0-1.jpg",500,375,false],"thumbnail":["https:\/\/blogopara.com.br\/wp-content\/uploads\/2021\/07\/saude280520213032-0-1-150x150.jpg",150,150,true],"medium":["https:\/\/blogopara.com.br\/wp-content\/uploads\/2021\/07\/saude280520213032-0-1-300x225.jpg",300,225,true],"medium_large":["https:\/\/blogopara.com.br\/wp-content\/uploads\/2021\/07\/saude280520213032-0-1.jpg",500,375,false],"large":["https:\/\/blogopara.com.br\/wp-content\/uploads\/2021\/07\/saude280520213032-0-1.jpg",500,375,false],"1536x1536":["https:\/\/blogopara.com.br\/wp-content\/uploads\/2021\/07\/saude280520213032-0-1.jpg",500,375,false],"2048x2048":["https:\/\/blogopara.com.br\/wp-content\/uploads\/2021\/07\/saude280520213032-0-1.jpg",500,375,false],"mantranews-slider-large":["https:\/\/blogopara.com.br\/wp-content\/uploads\/2021\/07\/saude280520213032-0-1.jpg",500,375,false],"mantranews-featured-medium":["https:\/\/blogopara.com.br\/wp-content\/uploads\/2021\/07\/saude280520213032-0-1-420x307.jpg",420,307,true],"mantranews-featured-long":["https:\/\/blogopara.com.br\/wp-content\/uploads\/2021\/07\/saude280520213032-0-1-300x375.jpg",300,375,true],"mantranews-block-medium":["https:\/\/blogopara.com.br\/wp-content\/uploads\/2021\/07\/saude280520213032-0-1-464x290.jpg",464,290,true],"mantranews-carousel-image":["https:\/\/blogopara.com.br\/wp-content\/uploads\/2021\/07\/saude280520213032-0-1.jpg",500,375,false],"mantranews-block-thumb":["https:\/\/blogopara.com.br\/wp-content\/uploads\/2021\/07\/saude280520213032-0-1-322x230.jpg",322,230,true],"mantranews-single-large":["https:\/\/blogopara.com.br\/wp-content\/uploads\/2021\/07\/saude280520213032-0-1.jpg",500,375,false]},"uagb_author_info":{"display_name":"Reda\u00e7\u00e3o geral","author_link":"https:\/\/blogopara.com.br\/index.php\/author\/blogopara"},"uagb_comment_info":0,"uagb_excerpt":"Coordenadora do Programa Nacional de Imuniza\u00e7\u00f5es nos \u00faltimos dois anos, cargo do qual pediu demiss\u00e3o nesta semana, Francieli Fontana nega ter deixado o posto devido a press\u00f5es da CPI da Covid, atribui dificuldades na campanha \u00e0 falta de doses e v\u00ea em declara\u00e7\u00f5es do presidente da Rep\u00fablica, Jair Bolsonaro, preju\u00edzos \u00e0 estrat\u00e9gia de vacina\u00e7\u00e3o no&hellip;","jetpack_sharing_enabled":true,"jetpack_likes_enabled":true,"_links":{"self":[{"href":"https:\/\/blogopara.com.br\/index.php\/wp-json\/wp\/v2\/posts\/25195","targetHints":{"allow":["GET"]}}],"collection":[{"href":"https:\/\/blogopara.com.br\/index.php\/wp-json\/wp\/v2\/posts"}],"about":[{"href":"https:\/\/blogopara.com.br\/index.php\/wp-json\/wp\/v2\/types\/post"}],"author":[{"embeddable":true,"href":"https:\/\/blogopara.com.br\/index.php\/wp-json\/wp\/v2\/users\/1"}],"replies":[{"embeddable":true,"href":"https:\/\/blogopara.com.br\/index.php\/wp-json\/wp\/v2\/comments?post=25195"}],"version-history":[{"count":1,"href":"https:\/\/blogopara.com.br\/index.php\/wp-json\/wp\/v2\/posts\/25195\/revisions"}],"predecessor-version":[{"id":25197,"href":"https:\/\/blogopara.com.br\/index.php\/wp-json\/wp\/v2\/posts\/25195\/revisions\/25197"}],"wp:featuredmedia":[{"embeddable":true,"href":"https:\/\/blogopara.com.br\/index.php\/wp-json\/wp\/v2\/media\/25196"}],"wp:attachment":[{"href":"https:\/\/blogopara.com.br\/index.php\/wp-json\/wp\/v2\/media?parent=25195"}],"wp:term":[{"taxonomy":"category","embeddable":true,"href":"https:\/\/blogopara.com.br\/index.php\/wp-json\/wp\/v2\/categories?post=25195"},{"taxonomy":"post_tag","embeddable":true,"href":"https:\/\/blogopara.com.br\/index.php\/wp-json\/wp\/v2\/tags?post=25195"}],"curies":[{"name":"wp","href":"https:\/\/api.w.org\/{rel}","templated":true}]}}