{"id":25249,"date":"2021-07-03T19:28:00","date_gmt":"2021-07-03T22:28:00","guid":{"rendered":"https:\/\/blogopara.com.br\/?p=25249"},"modified":"2021-07-03T15:34:06","modified_gmt":"2021-07-03T18:34:06","slug":"boletim-epidemiologico-nao-registra-obito-por-covid-19-em-juazeiro-neste-sabado","status":"publish","type":"post","link":"https:\/\/blogopara.com.br\/index.php\/2021\/07\/03\/boletim-epidemiologico-nao-registra-obito-por-covid-19-em-juazeiro-neste-sabado","title":{"rendered":"Boletim epidemiol\u00f3gico n\u00e3o registra \u00f3bito por Covid-19 em Juazeiro neste s\u00e1bado"},"content":{"rendered":"<p style=\"font-weight: 400; text-align: justify;\">Juazeiro n\u00e3o registrou \u00f3bito por complica\u00e7\u00f5es do novo Coronav\u00edrus nas \u00faltimas 24 horas. A informa\u00e7\u00e3o est\u00e1 no boletim epidemiol\u00f3gico da Secretaria Municipal de Sa\u00fade (Sesau) deste s\u00e1bado (3). O munic\u00edpio contabiliza 305 mortes provocadas pela doen\u00e7a.<\/p>\n<p style=\"font-weight: 400; text-align: justify;\">Novamente o sistema E-SUS VE, que contabiliza os dados, apresentou falhas e, por isso, n\u00e3o foi poss\u00edvel o acesso aos casos confirmados, descartados e altas. De acordo com o \u00faltimo levantamento, 16.167 moradores foram infectados desde o in\u00edcio da pandemia na cidade, dos quais 15.484 j\u00e1 est\u00e3o recuperados. Os casos descartados somam 27.353. Juazeiro tem 378 casos ativos do novo coronav\u00edrus.<\/p>\n<p style=\"font-weight: 400; text-align: justify;\">\n<p style=\"font-weight: 400; text-align: justify;\"><strong>Testes<\/strong><\/p>\n<p style=\"font-weight: 400; text-align: justify;\">\n<p style=\"font-weight: 400; text-align: justify;\">Foram realizados desde o in\u00edcio da pandemia 34.280 testes r\u00e1pidos pela prefeitura e 2.166 pelo Lacen, em Salvador.<\/p>\n<p style=\"font-weight: 400; text-align: justify;\">\n<p style=\"font-weight: 400; text-align: justify;\"><strong>Ocupa\u00e7\u00e3o de leitos<\/strong><\/p>\n<p style=\"font-weight: 400; text-align: justify;\">\n<p style=\"font-weight: 400; text-align: justify;\">Na rede hospitalar, o percentual de ocupa\u00e7\u00e3o dos leitos de UTI para Juazeiro na rede PEBA (hospitais de Pernambuco e Bahia) \u00e9 de 74%, com 58 leitos dispon\u00edveis. Somente em Juazeiro, 83% dos leitos de UTI para pacientes com Covid-19 est\u00e3o ocupados, com 5 leitos dispon\u00edveis.<\/p>\n<p style=\"font-weight: 400; text-align: justify;\">\n<p style=\"font-weight: 400; text-align: justify;\">SESAU\/ ASCOM PMJ<\/p>\n<p style=\"font-weight: 400; text-align: justify;\">\n","protected":false},"excerpt":{"rendered":"<p>Juazeiro n\u00e3o registrou \u00f3bito por complica\u00e7\u00f5es do novo Coronav\u00edrus nas \u00faltimas 24 horas. A informa\u00e7\u00e3o est\u00e1 no boletim epidemiol\u00f3gico da Secretaria Municipal de Sa\u00fade (Sesau) deste s\u00e1bado (3). O munic\u00edpio contabiliza 305 mortes provocadas pela doen\u00e7a. Novamente o sistema E-SUS VE, que contabiliza os dados, apresentou falhas e, por isso, n\u00e3o foi poss\u00edvel o acesso [&hellip;]<\/p>\n","protected":false},"author":1,"featured_media":25250,"comment_status":"closed","ping_status":"open","sticky":false,"template":"","format":"standard","meta":{"_uag_custom_page_level_css":"","_monsterinsights_skip_tracking":false,"_monsterinsights_sitenote_active":false,"_monsterinsights_sitenote_note":"","_monsterinsights_sitenote_category":0,"jetpack_post_was_ever_published":false,"_jetpack_newsletter_access":"","_jetpack_dont_email_post_to_subs":false,"_jetpack_newsletter_tier_id":0,"_jetpack_memberships_contains_paywalled_content":false,"_jetpack_memberships_contains_paid_content":false,"footnotes":"","jetpack_publicize_message":"","jetpack_publicize_feature_enabled":true,"jetpack_social_post_already_shared":true,"jetpack_social_options":{"image_generator_settings":{"template":"highway","default_image_id":0,"font":"","enabled":false},"version":2}},"categories":[2801,205],"tags":[3699,3155,1622,3858],"class_list":["post-25249","post","type-post","status-publish","format-standard","has-post-thumbnail","hentry","category-covid19","category-saude","tag-boletim-epidemiologico","tag-covid-19-2","tag-juazeiro-bahia","tag-nao-registra-obito"],"jetpack_publicize_connections":[],"jetpack_featured_media_url":"https:\/\/blogopara.com.br\/wp-content\/uploads\/2021\/07\/Boletim-covid-03.07-Juazeiro.jpg","uagb_featured_image_src":{"full":["https:\/\/blogopara.com.br\/wp-content\/uploads\/2021\/07\/Boletim-covid-03.07-Juazeiro.jpg",500,500,false],"thumbnail":["https:\/\/blogopara.com.br\/wp-content\/uploads\/2021\/07\/Boletim-covid-03.07-Juazeiro-150x150.jpg",150,150,true],"medium":["https:\/\/blogopara.com.br\/wp-content\/uploads\/2021\/07\/Boletim-covid-03.07-Juazeiro-300x300.jpg",300,300,true],"medium_large":["https:\/\/blogopara.com.br\/wp-content\/uploads\/2021\/07\/Boletim-covid-03.07-Juazeiro.jpg",500,500,false],"large":["https:\/\/blogopara.com.br\/wp-content\/uploads\/2021\/07\/Boletim-covid-03.07-Juazeiro.jpg",500,500,false],"1536x1536":["https:\/\/blogopara.com.br\/wp-content\/uploads\/2021\/07\/Boletim-covid-03.07-Juazeiro.jpg",500,500,false],"2048x2048":["https:\/\/blogopara.com.br\/wp-content\/uploads\/2021\/07\/Boletim-covid-03.07-Juazeiro.jpg",500,500,false],"mantranews-slider-large":["https:\/\/blogopara.com.br\/wp-content\/uploads\/2021\/07\/Boletim-covid-03.07-Juazeiro.jpg",500,500,false],"mantranews-featured-medium":["https:\/\/blogopara.com.br\/wp-content\/uploads\/2021\/07\/Boletim-covid-03.07-Juazeiro-420x307.jpg",420,307,true],"mantranews-featured-long":["https:\/\/blogopara.com.br\/wp-content\/uploads\/2021\/07\/Boletim-covid-03.07-Juazeiro-300x443.jpg",300,443,true],"mantranews-block-medium":["https:\/\/blogopara.com.br\/wp-content\/uploads\/2021\/07\/Boletim-covid-03.07-Juazeiro-464x290.jpg",464,290,true],"mantranews-carousel-image":["https:\/\/blogopara.com.br\/wp-content\/uploads\/2021\/07\/Boletim-covid-03.07-Juazeiro.jpg",500,500,false],"mantranews-block-thumb":["https:\/\/blogopara.com.br\/wp-content\/uploads\/2021\/07\/Boletim-covid-03.07-Juazeiro-322x230.jpg",322,230,true],"mantranews-single-large":["https:\/\/blogopara.com.br\/wp-content\/uploads\/2021\/07\/Boletim-covid-03.07-Juazeiro.jpg",500,500,false]},"uagb_author_info":{"display_name":"Reda\u00e7\u00e3o geral","author_link":"https:\/\/blogopara.com.br\/index.php\/author\/blogopara"},"uagb_comment_info":0,"uagb_excerpt":"Juazeiro n\u00e3o registrou \u00f3bito por complica\u00e7\u00f5es do novo Coronav\u00edrus nas \u00faltimas 24 horas. A informa\u00e7\u00e3o est\u00e1 no boletim epidemiol\u00f3gico da Secretaria Municipal de Sa\u00fade (Sesau) deste s\u00e1bado (3). O munic\u00edpio contabiliza 305 mortes provocadas pela doen\u00e7a. Novamente o sistema E-SUS VE, que contabiliza os dados, apresentou falhas e, por isso, n\u00e3o foi poss\u00edvel o acesso&hellip;","jetpack_sharing_enabled":true,"jetpack_likes_enabled":true,"_links":{"self":[{"href":"https:\/\/blogopara.com.br\/index.php\/wp-json\/wp\/v2\/posts\/25249","targetHints":{"allow":["GET"]}}],"collection":[{"href":"https:\/\/blogopara.com.br\/index.php\/wp-json\/wp\/v2\/posts"}],"about":[{"href":"https:\/\/blogopara.com.br\/index.php\/wp-json\/wp\/v2\/types\/post"}],"author":[{"embeddable":true,"href":"https:\/\/blogopara.com.br\/index.php\/wp-json\/wp\/v2\/users\/1"}],"replies":[{"embeddable":true,"href":"https:\/\/blogopara.com.br\/index.php\/wp-json\/wp\/v2\/comments?post=25249"}],"version-history":[{"count":3,"href":"https:\/\/blogopara.com.br\/index.php\/wp-json\/wp\/v2\/posts\/25249\/revisions"}],"predecessor-version":[{"id":25253,"href":"https:\/\/blogopara.com.br\/index.php\/wp-json\/wp\/v2\/posts\/25249\/revisions\/25253"}],"wp:featuredmedia":[{"embeddable":true,"href":"https:\/\/blogopara.com.br\/index.php\/wp-json\/wp\/v2\/media\/25250"}],"wp:attachment":[{"href":"https:\/\/blogopara.com.br\/index.php\/wp-json\/wp\/v2\/media?parent=25249"}],"wp:term":[{"taxonomy":"category","embeddable":true,"href":"https:\/\/blogopara.com.br\/index.php\/wp-json\/wp\/v2\/categories?post=25249"},{"taxonomy":"post_tag","embeddable":true,"href":"https:\/\/blogopara.com.br\/index.php\/wp-json\/wp\/v2\/tags?post=25249"}],"curies":[{"name":"wp","href":"https:\/\/api.w.org\/{rel}","templated":true}]}}