{"id":2547,"date":"2019-08-16T12:42:29","date_gmt":"2019-08-16T15:42:29","guid":{"rendered":"http:\/\/blogopara.com.br\/?p=2547"},"modified":"2019-08-16T12:42:36","modified_gmt":"2019-08-16T15:42:36","slug":"sera-lancado-em-juazeiro-livro-sobre-atingidos-pela-barragem-de-sobradinho","status":"publish","type":"post","link":"https:\/\/blogopara.com.br\/index.php\/2019\/08\/16\/sera-lancado-em-juazeiro-livro-sobre-atingidos-pela-barragem-de-sobradinho","title":{"rendered":"SER\u00c1 LAN\u00c7ADO EM JUAZEIRO LIVRO SOBRE ATINGIDOS PELA BARRAGEM DE SOBRADINHO"},"content":{"rendered":"<div id=\"texto\">\n<p style=\"text-align: justify;\">O livro-reportagem &#8220;Vazio das \u00c1guas: vidas submersas, mem\u00f3rias em resist\u00eancia&#8221;, do jornalista Jo\u00e3o Pedro Ramalho Martins, ser\u00e1 lan\u00e7ado na pr\u00f3xima quinta-feira, dia 22, \u00e0s 18h15, no Audit\u00f3rio ACM, no campus da Universidade do Estado da Bahia (Uneb) em Juazeiro. A obra conta a hist\u00f3ria de uma comunidade do interior do munic\u00edpio de Sento-S\u00e9-BA, formada por pessoas atingidas pela Barragem de Sobradinho-BA, constru\u00edda pela Companhia Hidrel\u00e9trica do S\u00e3o Francisco (CHESF) entre os anos de 1973 e 1979.<\/p>\n<p style=\"text-align: justify;\">Jo\u00e3o Pedro \u00e9 natural de Juazeiro e morador de Sobradinho. No livro, a comunidade de Sento-S\u00e9 foi renomeada como &#8220;Vazio das \u00c1guas&#8221;, com a finalidade de preservar a identidade dos moradores e tamb\u00e9m de indicar as maiores aus\u00eancias sentidas no local &#8211; o servi\u00e7o de \u00e1gua encanada, conquistado apenas h\u00e1 quatro anos, e a proximidade com o rio S\u00e3o Francisco. A partir das hist\u00f3rias de vida dessas pessoas, desde a \u00e9poca anterior \u00e0 hidrel\u00e9trica at\u00e9 os dias atuais, a narrativa aborda os efeitos do empreendimento sobre a economia, a vida em sociedade e a produ\u00e7\u00e3o agr\u00edcola.<\/p>\n<p style=\"text-align: justify;\">A obra poder\u00e1 ser adquirida na ocasi\u00e3o do lan\u00e7amento. O autor chama a aten\u00e7\u00e3o para a import\u00e2ncia de ler e falar sobre o tema abordado. &#8220;&#8216;Vazio das \u00c1guas&#8217; reconstr\u00f3i as hist\u00f3rias de pessoas aqui da nossa regi\u00e3o, mas que s\u00e3o tamb\u00e9m os relatos de atingidos por barragens em todo o pa\u00eds. De Sobradinho a Mariana, de Belo Monte a Brumadinho, milhares de homens, mulheres, crian\u00e7as sofreram transforma\u00e7\u00f5es dr\u00e1sticas em suas vidas. E os impactos das barragens n\u00e3o chegam apenas aos que precisam se mudar de suas casas, mas aos outros tamb\u00e9m, muito devido \u00e0s mudan\u00e7as nos rios e na biodiversidade. Enfim, \u00e9 preciso exercitarmos a empatia sempre&#8221;, explica Jo\u00e3o Pedro.<\/p>\n<p style=\"text-align: justify;\">O livro-reportagem &#8220;Vazio das \u00c1guas: vidas submersas, mem\u00f3rias em resist\u00eancia&#8221; foi produzido originalmente em 2017, como um Trabalho de Conclus\u00e3o de Curso em Jornalismo em Multimeios, na Universidade do Estado da Bahia (Uneb), Campus III &#8211; Juazeiro. Orientado pela professora Carla Paiva, o trabalho recebeu pr\u00eamios importantes na \u00e1rea do Jornalismo e da Comunica\u00e7\u00e3o.<\/p>\n<p style=\"text-align: justify;\">Em junho de 2018, a obra foi um dos sete TCCs do Brasil selecionados para apresenta\u00e7\u00e3o no 13\u00ba Congresso Internacional de Jornalismo Investigativo, promovido pela Associa\u00e7\u00e3o Brasileira de Jornalismo Investigativo (Abraji), em S\u00e3o Paulo-SP. Em julho do mesmo ano, &#8220;Vazio das \u00c1guas&#8221; recebeu o pr\u00eamio da Exposi\u00e7\u00e3o de Pesquisa Experimental em Comunica\u00e7\u00e3o (Expocom), na modalidade &#8220;Jornalismo Liter\u00e1rio e\/ou de Opini\u00e3o&#8221;, durante a etapa Nordeste do Intercom, o maior congresso de Comunica\u00e7\u00e3o do pa\u00eds.<\/p>\n<\/div>\n<pre id=\"creditos\" class=\"creditos-postagem\" style=\"text-align: justify;\">Ascom<\/pre>\n","protected":false},"excerpt":{"rendered":"<p>&#8220;&#8216;Vazio das \u00c1guas&#8217; reconstr\u00f3i as hist\u00f3rias de pessoas aqui da nossa regi\u00e3o, mas que s\u00e3o tamb\u00e9m os relatos de atingidos por barragens em todo o pa\u00eds.<\/p>\n","protected":false},"author":1,"featured_media":2548,"comment_status":"open","ping_status":"open","sticky":false,"template":"","format":"standard","meta":{"_uag_custom_page_level_css":"","_monsterinsights_skip_tracking":false,"_monsterinsights_sitenote_active":false,"_monsterinsights_sitenote_note":"","_monsterinsights_sitenote_category":0,"jetpack_post_was_ever_published":false,"_jetpack_newsletter_access":"","_jetpack_dont_email_post_to_subs":false,"_jetpack_newsletter_tier_id":0,"_jetpack_memberships_contains_paywalled_content":false,"_jetpack_memberships_contains_paid_content":false,"footnotes":"","jetpack_publicize_message":"","jetpack_publicize_feature_enabled":true,"jetpack_social_post_already_shared":true,"jetpack_social_options":{"image_generator_settings":{"template":"highway","default_image_id":0,"font":"","enabled":false},"version":2}},"categories":[203],"tags":[],"class_list":["post-2547","post","type-post","status-publish","format-standard","has-post-thumbnail","hentry","category-juazeiro"],"jetpack_publicize_connections":[],"jetpack_featured_media_url":"https:\/\/blogopara.com.br\/wp-content\/uploads\/2019\/08\/Vaziodasaguas_capa_oficial_jpg.jpg","uagb_featured_image_src":{"full":["https:\/\/blogopara.com.br\/wp-content\/uploads\/2019\/08\/Vaziodasaguas_capa_oficial_jpg.jpg",500,750,false],"thumbnail":["https:\/\/blogopara.com.br\/wp-content\/uploads\/2019\/08\/Vaziodasaguas_capa_oficial_jpg-150x150.jpg",150,150,true],"medium":["https:\/\/blogopara.com.br\/wp-content\/uploads\/2019\/08\/Vaziodasaguas_capa_oficial_jpg-200x300.jpg",200,300,true],"medium_large":["https:\/\/blogopara.com.br\/wp-content\/uploads\/2019\/08\/Vaziodasaguas_capa_oficial_jpg.jpg",500,750,false],"large":["https:\/\/blogopara.com.br\/wp-content\/uploads\/2019\/08\/Vaziodasaguas_capa_oficial_jpg.jpg",500,750,false],"1536x1536":["https:\/\/blogopara.com.br\/wp-content\/uploads\/2019\/08\/Vaziodasaguas_capa_oficial_jpg.jpg",500,750,false],"2048x2048":["https:\/\/blogopara.com.br\/wp-content\/uploads\/2019\/08\/Vaziodasaguas_capa_oficial_jpg.jpg",500,750,false],"mantranews-slider-large":["https:\/\/blogopara.com.br\/wp-content\/uploads\/2019\/08\/Vaziodasaguas_capa_oficial_jpg.jpg",494,741,false],"mantranews-featured-medium":["https:\/\/blogopara.com.br\/wp-content\/uploads\/2019\/08\/Vaziodasaguas_capa_oficial_jpg.jpg",205,307,false],"mantranews-featured-long":["https:\/\/blogopara.com.br\/wp-content\/uploads\/2019\/08\/Vaziodasaguas_capa_oficial_jpg.jpg",295,443,false],"mantranews-block-medium":["https:\/\/blogopara.com.br\/wp-content\/uploads\/2019\/08\/Vaziodasaguas_capa_oficial_jpg.jpg",193,290,false],"mantranews-carousel-image":["https:\/\/blogopara.com.br\/wp-content\/uploads\/2019\/08\/Vaziodasaguas_capa_oficial_jpg.jpg",333,500,false],"mantranews-block-thumb":["https:\/\/blogopara.com.br\/wp-content\/uploads\/2019\/08\/Vaziodasaguas_capa_oficial_jpg.jpg",153,230,false],"mantranews-single-large":["https:\/\/blogopara.com.br\/wp-content\/uploads\/2019\/08\/Vaziodasaguas_capa_oficial_jpg.jpg",428,642,false]},"uagb_author_info":{"display_name":"Reda\u00e7\u00e3o geral","author_link":"https:\/\/blogopara.com.br\/index.php\/author\/blogopara"},"uagb_comment_info":0,"uagb_excerpt":"\"'Vazio das \u00c1guas' reconstr\u00f3i as hist\u00f3rias de pessoas aqui da nossa regi\u00e3o, mas que s\u00e3o tamb\u00e9m os relatos de atingidos por barragens em todo o pa\u00eds.","jetpack_sharing_enabled":true,"jetpack_likes_enabled":true,"_links":{"self":[{"href":"https:\/\/blogopara.com.br\/index.php\/wp-json\/wp\/v2\/posts\/2547","targetHints":{"allow":["GET"]}}],"collection":[{"href":"https:\/\/blogopara.com.br\/index.php\/wp-json\/wp\/v2\/posts"}],"about":[{"href":"https:\/\/blogopara.com.br\/index.php\/wp-json\/wp\/v2\/types\/post"}],"author":[{"embeddable":true,"href":"https:\/\/blogopara.com.br\/index.php\/wp-json\/wp\/v2\/users\/1"}],"replies":[{"embeddable":true,"href":"https:\/\/blogopara.com.br\/index.php\/wp-json\/wp\/v2\/comments?post=2547"}],"version-history":[{"count":1,"href":"https:\/\/blogopara.com.br\/index.php\/wp-json\/wp\/v2\/posts\/2547\/revisions"}],"predecessor-version":[{"id":2549,"href":"https:\/\/blogopara.com.br\/index.php\/wp-json\/wp\/v2\/posts\/2547\/revisions\/2549"}],"wp:featuredmedia":[{"embeddable":true,"href":"https:\/\/blogopara.com.br\/index.php\/wp-json\/wp\/v2\/media\/2548"}],"wp:attachment":[{"href":"https:\/\/blogopara.com.br\/index.php\/wp-json\/wp\/v2\/media?parent=2547"}],"wp:term":[{"taxonomy":"category","embeddable":true,"href":"https:\/\/blogopara.com.br\/index.php\/wp-json\/wp\/v2\/categories?post=2547"},{"taxonomy":"post_tag","embeddable":true,"href":"https:\/\/blogopara.com.br\/index.php\/wp-json\/wp\/v2\/tags?post=2547"}],"curies":[{"name":"wp","href":"https:\/\/api.w.org\/{rel}","templated":true}]}}