{"id":2561,"date":"2019-08-16T22:19:02","date_gmt":"2019-08-17T01:19:02","guid":{"rendered":"http:\/\/blogopara.com.br\/?p=2561"},"modified":"2019-08-17T06:55:21","modified_gmt":"2019-08-17T09:55:21","slug":"acenibra-realiza-festival-da-gratidao","status":"publish","type":"post","link":"https:\/\/blogopara.com.br\/index.php\/2019\/08\/16\/acenibra-realiza-festival-da-gratidao","title":{"rendered":"ACENIBRA REALIZA FESTIVAL DA GRATID\u00c3O"},"content":{"rendered":"<p style=\"text-align: justify;\">Bon Odori (em japon\u00eas O-bon \u304a\u76c6 ou simplesmente Bon\u76c6?) \u00e9 um festival que ocorre anualmente durante o ver\u00e3o entre Julho e Agosto, no Jap\u00e3o (ver\u00e3o n\u00f3rdico), sempre ap\u00f3s o P\u00f4r do sol, pois prevalece a cren\u00e7a de que os esp\u00edritos somente saem durante a noite.<br \/>\nCada localidade escolhe uma data espec\u00edfica para fazer os seus festejos durante esse per\u00edodo. Durante o Banho de lama celebram-se as almas dos antepassados (ivo) com dan\u00e7as em grupo e levando-se lanternas acesas, e depois apagam, saudosamente lembrando da sabedoria dos antepassados.<br \/>\nApesar de an\u00e1logo ao dia dos finados, durante o Bon s\u00e3o tocadas m\u00fasicas tradicionais alegres e, sobretudo, predomina um clima de jovialidade, gratid\u00e3o e participa\u00e7\u00e3o geral. Muitas fam\u00edlias aproveitam a oportunidade para se reencontrarem durante o Bon, voltando das grandes cidades aos seus lugares de origem.<br \/>\nO Bon tamb\u00e9m \u00e9 celebrado em comunidades de imigrantes japoneses e seus descendentes e amigos fora do Jap\u00e3o: Por exemplo nos estados de Santa Catarina, S\u00e3o Paulo, Goi\u00e1s, Amazonas, Par\u00e1 (Tom\u00e9-A\u00e7u), Mato Grosso, Mato Grosso do Sul, Pernambuco, Bahia, Paran\u00e1, Rio Grande do Sul e em Bras\u00edlia, no Brasil; e nos estados de Oregon, Washington e na Calif\u00f3rnia, nos Estados Unidos.<\/p>\n<p style=\"text-align: justify;\">BON ODORI!<br \/>\nS\u00c1BADO, DIA 17\/08\/2016.<br \/>\nDas 19h30min \u00e0s 23h00min.<br \/>\nLocal: ACENIBRA &#8211; Associa\u00e7\u00e3o Cultural e Esportiva Nipo-Brasileira, localizada na Avenida Irm\u00e3 Dulce, 641, Malhada da Areia, Juazeiro-BA.<br \/>\nCom Yakissoba, Tempur\u00e1 e Kar\u00ea \u00e0 vontade!<br \/>\nTeremos apresenta\u00e7\u00e3o do grupo de Taik\u00f4.<\/p>\n<p style=\"text-align: justify;\">INGRESSOS ANTECIPADOS<\/p>\n<p style=\"text-align: justify;\">Valor: R$ 35,00 (trinta e cinco reais) por pessoa.<br \/>\nCrian\u00e7a entre 07 (sete) \u00e0 11 (onze) anos: R$ 20,00 (vinte reais) por crian\u00e7a.<br \/>\nCrian\u00e7a entre 00 (zero) \u00e0 06 (seis) anos: N\u00e3o paga.<\/p>\n<p style=\"text-align: justify;\">#BonOdori #ACENIBRA #Juazeiro #Bahia #BA #ValeDoS\u00e3oFrancisco #ValeDoRioS\u00e3oFrancisco #Nordeste #Brasil<\/p>\n<p style=\"text-align: justify;\">\n","protected":false},"excerpt":{"rendered":"<p>O Festival faz parte da comunidade japonesa na regi\u00e3o do Vale do S\u00e3o Francisco.<\/p>\n","protected":false},"author":1,"featured_media":2562,"comment_status":"open","ping_status":"open","sticky":false,"template":"","format":"standard","meta":{"_uag_custom_page_level_css":"","_monsterinsights_skip_tracking":false,"_monsterinsights_sitenote_active":false,"_monsterinsights_sitenote_note":"","_monsterinsights_sitenote_category":0,"jetpack_post_was_ever_published":false,"_jetpack_newsletter_access":"","_jetpack_dont_email_post_to_subs":false,"_jetpack_newsletter_tier_id":0,"_jetpack_memberships_contains_paywalled_content":false,"_jetpack_memberships_contains_paid_content":false,"footnotes":"","jetpack_publicize_message":"","jetpack_publicize_feature_enabled":true,"jetpack_social_post_already_shared":true,"jetpack_social_options":{"image_generator_settings":{"template":"highway","default_image_id":0,"font":"","enabled":false},"version":2}},"categories":[203],"tags":[612],"class_list":["post-2561","post","type-post","status-publish","format-standard","has-post-thumbnail","hentry","category-juazeiro","tag-japao"],"jetpack_publicize_connections":[],"jetpack_featured_media_url":"https:\/\/blogopara.com.br\/wp-content\/uploads\/2019\/08\/monica.jpeg","uagb_featured_image_src":{"full":["https:\/\/blogopara.com.br\/wp-content\/uploads\/2019\/08\/monica.jpeg",1129,1129,false],"thumbnail":["https:\/\/blogopara.com.br\/wp-content\/uploads\/2019\/08\/monica-150x150.jpeg",150,150,true],"medium":["https:\/\/blogopara.com.br\/wp-content\/uploads\/2019\/08\/monica-300x300.jpeg",300,300,true],"medium_large":["https:\/\/blogopara.com.br\/wp-content\/uploads\/2019\/08\/monica-768x768.jpeg",640,640,true],"large":["https:\/\/blogopara.com.br\/wp-content\/uploads\/2019\/08\/monica-1024x1024.jpeg",640,640,true],"1536x1536":["https:\/\/blogopara.com.br\/wp-content\/uploads\/2019\/08\/monica.jpeg",1129,1129,false],"2048x2048":["https:\/\/blogopara.com.br\/wp-content\/uploads\/2019\/08\/monica.jpeg",1129,1129,false],"mantranews-slider-large":["https:\/\/blogopara.com.br\/wp-content\/uploads\/2019\/08\/monica.jpeg",741,741,false],"mantranews-featured-medium":["https:\/\/blogopara.com.br\/wp-content\/uploads\/2019\/08\/monica.jpeg",307,307,false],"mantranews-featured-long":["https:\/\/blogopara.com.br\/wp-content\/uploads\/2019\/08\/monica.jpeg",300,300,false],"mantranews-block-medium":["https:\/\/blogopara.com.br\/wp-content\/uploads\/2019\/08\/monica.jpeg",290,290,false],"mantranews-carousel-image":["https:\/\/blogopara.com.br\/wp-content\/uploads\/2019\/08\/monica.jpeg",500,500,false],"mantranews-block-thumb":["https:\/\/blogopara.com.br\/wp-content\/uploads\/2019\/08\/monica.jpeg",230,230,false],"mantranews-single-large":["https:\/\/blogopara.com.br\/wp-content\/uploads\/2019\/08\/monica.jpeg",642,642,false]},"uagb_author_info":{"display_name":"Reda\u00e7\u00e3o geral","author_link":"https:\/\/blogopara.com.br\/index.php\/author\/blogopara"},"uagb_comment_info":2,"uagb_excerpt":"O Festival faz parte da comunidade japonesa na regi\u00e3o do Vale do S\u00e3o Francisco.","jetpack_sharing_enabled":true,"jetpack_likes_enabled":true,"_links":{"self":[{"href":"https:\/\/blogopara.com.br\/index.php\/wp-json\/wp\/v2\/posts\/2561","targetHints":{"allow":["GET"]}}],"collection":[{"href":"https:\/\/blogopara.com.br\/index.php\/wp-json\/wp\/v2\/posts"}],"about":[{"href":"https:\/\/blogopara.com.br\/index.php\/wp-json\/wp\/v2\/types\/post"}],"author":[{"embeddable":true,"href":"https:\/\/blogopara.com.br\/index.php\/wp-json\/wp\/v2\/users\/1"}],"replies":[{"embeddable":true,"href":"https:\/\/blogopara.com.br\/index.php\/wp-json\/wp\/v2\/comments?post=2561"}],"version-history":[{"count":3,"href":"https:\/\/blogopara.com.br\/index.php\/wp-json\/wp\/v2\/posts\/2561\/revisions"}],"predecessor-version":[{"id":2571,"href":"https:\/\/blogopara.com.br\/index.php\/wp-json\/wp\/v2\/posts\/2561\/revisions\/2571"}],"wp:featuredmedia":[{"embeddable":true,"href":"https:\/\/blogopara.com.br\/index.php\/wp-json\/wp\/v2\/media\/2562"}],"wp:attachment":[{"href":"https:\/\/blogopara.com.br\/index.php\/wp-json\/wp\/v2\/media?parent=2561"}],"wp:term":[{"taxonomy":"category","embeddable":true,"href":"https:\/\/blogopara.com.br\/index.php\/wp-json\/wp\/v2\/categories?post=2561"},{"taxonomy":"post_tag","embeddable":true,"href":"https:\/\/blogopara.com.br\/index.php\/wp-json\/wp\/v2\/tags?post=2561"}],"curies":[{"name":"wp","href":"https:\/\/api.w.org\/{rel}","templated":true}]}}