{"id":25617,"date":"2021-07-11T13:27:00","date_gmt":"2021-07-11T16:27:00","guid":{"rendered":"https:\/\/blogopara.com.br\/?p=25617"},"modified":"2021-07-11T10:42:54","modified_gmt":"2021-07-11T13:42:54","slug":"filhotes-de-ararinha-azul-nascem-no-brasil-20-anos-apos-especie-ser-declarada-extinta-no-pais","status":"publish","type":"post","link":"https:\/\/blogopara.com.br\/index.php\/2021\/07\/11\/filhotes-de-ararinha-azul-nascem-no-brasil-20-anos-apos-especie-ser-declarada-extinta-no-pais","title":{"rendered":"Filhotes de ararinha-azul nascem no Brasil 20 anos ap\u00f3s esp\u00e9cie ser declarada extinta no pa\u00eds"},"content":{"rendered":"<p style=\"text-align: justify;\">Nasceram no Brasil os primeiros filhotes de ararinha-azul reproduzidos por um casal que veio entre 52 exemplares repatriados da Alemanha no ano passado.<\/p>\n<p style=\"text-align: justify;\">A esp\u00e9cie foi declarada extinta em solo brasileiro desde o ano 2000, quando a \u00faltima ave foi avistada no ambiente natural. H\u00e1 tr\u00eas d\u00e9cadas,\u00a0<a href=\"https:\/\/www1.folha.uol.com.br\/fsp\/1995\/3\/18\/brasil\/46.html\" rel=\"nofollow\">n\u00e3o eram registrados nascimentos da esp\u00e9cie no pa\u00eds<\/a>.<\/p>\n<p style=\"text-align: justify;\">A ave foi descoberta no Brasil h\u00e1 202 anos, em 1819, pelo naturalista alem\u00e3o Johann Baptiste Ritter von Spix, mas a \u00e1rea de ocorr\u00eancia permaneceu desconhecida at\u00e9 1986, quando os \u00faltimos tr\u00eas exemplares foram redescobertos pelo ornit\u00f3logo Paul Roth. Depois, dois deles acabaram sendo contrabandeados.<\/p>\n<p style=\"text-align: justify;\">A esp\u00e9cie \u00e9\u00a0<a href=\"https:\/\/www1.folha.uol.com.br\/cotidiano\/2019\/05\/chuvas-encerram-ciclo-de-estiagem-e-dao-origem-a-seca-verde-no-sertao.shtml\" rel=\"nofollow\">end\u00eamica do bioma caatinga<\/a>\u00a0existente na regi\u00e3o de Cura\u00e7\u00e1 (a 594km de Salvador), no extremo norte da Bahia. Foi no ambiente de origem que Hope \u2014\u201cesperan\u00e7a\u201d, em livre tradu\u00e7\u00e3o para portugu\u00eas\u2014 veio ao mundo, em 13 de abril, seguido pelos irm\u00e3os nascidos em 6 e 9 de junho.<\/p>\n<p>Os pais de Hope foram cedidos pela ACTP (Association for the Conservation of Threatend Parrots) \u2014<a href=\"https:\/\/www1.folha.uol.com.br\/ambiente\/2018\/07\/como-zoo-belga-e-organizacao-alema-pretendem-repovoar-brasil-com-ararinha-azul-que-so-existe-em-cativeiro.shtml\" rel=\"nofollow\">associa\u00e7\u00e3o alem\u00e3 que detinha o maior n\u00famero de esp\u00e9cimes vivos no\u00a0<\/a><a href=\"https:\/\/www1.folha.uol.com.br\/ambiente\/2018\/07\/como-zoo-belga-e-organizacao-alema-pretendem-repovoar-brasil-com-ararinha-azul-que-so-existe-em-cativeiro.shtml\" rel=\"nofollow\">mundo<\/a>\u2014, em mar\u00e7o de 2020, ap\u00f3s um acordo com o ICMBio (Instituto Chico Mendes de Conserva\u00e7\u00e3o da Biodiversidade).<\/p>\n<p style=\"text-align: justify;\">A repatria\u00e7\u00e3o faz parte do Plano de A\u00e7\u00e3o Nacional para a Conserva\u00e7\u00e3o da Ararinha-Azul coordenado pela respons\u00e1vel da \u00c1rea Tem\u00e1tica de Pesquisa, Monitoramento e Manejo do N\u00facleo ICMBio em Juazeiro (BA), a analista ambiental Camile Lugarini.<\/p>\n<p style=\"text-align: justify;\">\u201cO plano define as estrat\u00e9gias para retirar a esp\u00e9cie desse grau de amea\u00e7a, al\u00e9m de melhorar o estado de conserva\u00e7\u00e3o dela, com objetivo de restabelecer essa popula\u00e7\u00e3o no ambiente natural\u201d, explica Lugarini, que tamb\u00e9m \u00e9 m\u00e9dica veterin\u00e1ria.<\/p>\n<p style=\"text-align: justify;\">Para alcan\u00e7ar esse objetivo, foi\u00a0<a href=\"https:\/\/www1.folha.uol.com.br\/ambiente\/2020\/08\/fogo-no-pantanal-destroi-maior-refugio-mundial-de-araras-azuis.shtml\" rel=\"nofollow\">criado um santu\u00e1rio\u00a0<\/a>que compreende um territ\u00f3rio de 120 mil hectares (ha), com duas unidades de conserva\u00e7\u00e3o, o Ref\u00fagio de Vida Silvestre da Ararinha-Azul (29 mil ha) e \u00c1rea de Prote\u00e7\u00e3o Ambiental da Ararinha-Azul (91 mil ha), entre Cura\u00e7\u00e1 e Juazeiro (BA).<\/p>\n<p style=\"text-align: justify;\">O respons\u00e1vel pela sele\u00e7\u00e3o dos casais compat\u00edveis, com base na \u00e1rvore geneal\u00f3gica das aves, foi o consultor especialista em nutri\u00e7\u00e3o de psitac\u00eddeos, o sulafricano Cromwell Purchase, que acompanha o grupo das 52 aves h\u00e1 cerca de dez anos.<\/p>\n<div class=\"google-auto-placed ap_container\" style=\"text-align: justify;\"><\/div>\n<p style=\"text-align: justify;\">Consultor do ICMBio, Purchase \u00e9 o coordenador do Centro de Reprodu\u00e7\u00e3o que fica instalado no ref\u00fagio, em Cura\u00e7\u00e1. A instala\u00e7\u00e3o foi financiada pela ACTP, numa parceria com outras institui\u00e7\u00f5es estrangeiras de preserva\u00e7\u00e3o, em um investimento de R$ 4,5 milh\u00f5es.<\/p>\n<p style=\"text-align: justify;\">\u201cPara n\u00f3s, foi uma surpresa o nascimento desses filhotes em um per\u00edodo de pouco mais de um ano ap\u00f3s a chegada ao Brasil\u201d, disse Lugarini, ao informar que os animais repatriados tinham de 1 a 3 anos, faixa et\u00e1ria em que a esp\u00e9cie come\u00e7a a se reproduzir.<\/p>\n<p style=\"text-align: justify;\">\u201cGeralmente, aos 4 anos \u00e9 que elas come\u00e7am a dar resultados na reprodu\u00e7\u00e3o dos filhotes. Mas quando se tem um evento de transfer\u00eancia de plantel, elas t\u00eam que se acomodar. Por isso, no primeiro ano, elas n\u00e3o conseguem se reproduzir\u201d, disse.A analista diz que<a href=\"https:\/\/agora.folha.uol.com.br\/sao-paulo\/2021\/04\/zoologico-de-sao-paulo-conta-com-dois-novos-filhotes-de-arara-azul-grande.shtml\" rel=\"nofollow\">\u00a0h\u00e1 duas formas de parear as aves,<\/a>\u00a0uma por mapeamento geneal\u00f3gico, outra com um grande grupo para que os indiv\u00edduos escolham entre si. Al\u00e9m das ninhadas bem-sucedidas pelos pais de Hope, outro casal tamb\u00e9m chegou a acasalar, mas os ovos estavam inf\u00e9rteis.<\/p>\n<p style=\"text-align: justify;\">\u201cAo longo da esta\u00e7\u00e3o reprodutiva, vamos monitorando a compatibilidade de cada casal, para ver se est\u00e1 se reproduzindo, se est\u00e1 frequentando o ninho\u201d, detalha. \u201cAntes de Hope, um filhote da mesma fam\u00edlia morreu porque os pais eram de primeira viagem e n\u00e3o sabiam cuidar\u201d, completou.<\/p>\n<p style=\"text-align: justify;\">A coordenadora diz que, embora ainda em cativeiro, os filhotes s\u00e3o criados como animais silvestres, com o m\u00ednimo de contato com humanos. \u201cPara, assim, se acostumarem melhor ao ambiente natural e n\u00e3o fiquem suscet\u00edveis \u00e0 captura, quando estiverem livres\u201d, afirma.<\/p>\n<p style=\"text-align: justify;\">Al\u00e9m de numerados no livro geneal\u00f3gico, os animais que est\u00e3o no ref\u00fagio possuem uma anilha de identifica\u00e7\u00e3o ou um microchip para acompanhamento di\u00e1rio. Os filhotes s\u00e3o monitorados de hora em hora, com informa\u00e7\u00f5es sobre peso e alimenta\u00e7\u00e3o.<\/p>\n<p style=\"text-align: justify;\">\u201cCom 90 dias, os filhotes j\u00e1 devem ser capazes de se manterem equilibrados no poleiro e de se alimentarem sozinhos, sem interfer\u00eancia humana\u201d, diz. \u201cOs casais, como s\u00e3o territorialistas, s\u00e3o mantidos num recinto s\u00f3 para eles, com mais de dez metros de \u00e1rea de voo\u201d, acrescenta.<\/p>\n<p style=\"text-align: justify;\">Lugarini informa que os animais sob prepara\u00e7\u00e3o para soltura na natureza est\u00e3o juntos em um recinto com um grande grupo, para formar uma unidade coesa quando estiverem livres. Para o sucesso da miss\u00e3o, os pesquisadores contam com a ajuda de outra esp\u00e9cie de ave: a maracan\u00e3.<\/p>\n<p style=\"text-align: justify;\">Foi com uma maracan\u00e3 \u2014presente em todo o Brasil\u2014 que o \u00faltimo exemplar de ararinha-azul pareou durante dez anos, at\u00e9 o seu desaparecimento. \u201cAs maracan\u00e3s ser\u00e3o as tutoras delas para a readapta\u00e7\u00e3o no habitat, pois t\u00eam os mesmos h\u00e1bitos e sabem fugir dos predadores\u201d, conta.<\/p>\n<p style=\"text-align: justify;\">Para manter a esp\u00e9cie conservada ap\u00f3s a soltura, foi criada uma for\u00e7a-tarefa que envolve desde o combate ao tr\u00e1fico internacional de animais at\u00e9 a conscientiza\u00e7\u00e3o da popula\u00e7\u00e3o da regi\u00e3o, que j\u00e1 tem demonstrado uma mudan\u00e7a de comportamento em rela\u00e7\u00e3o \u00e0 preserva\u00e7\u00e3o.<\/p>\n<p style=\"text-align: justify;\">\u201cPercebemos uma resposta no com\u00e9rcio local, que j\u00e1 come\u00e7ou a aderir \u00e0 figura da ararinha-azul, em Cura\u00e7\u00e1, nos estabelecimentos. A ave pode levar ao desenvolvimento socioecon\u00f4mico daquela regi\u00e3o muito afetada pela seca e com um dos menos \u00edndices de desenvolvimento humano\u201d, analisa.<\/p>\n<p style=\"text-align: justify;\">O ICMBio, prossegue Lugarini, tem trabalhado a restaura\u00e7\u00e3o de habitat, que constitui a caatinga e a mata ciliar, em parcerias com institui\u00e7\u00f5es como a Univasf (Universidade do Vale do S\u00e3o Francisco), controle de esp\u00e9cies de plantas invasoras e manejo sustent\u00e1vel com comunidades de fundo de pasto.<\/p>\n<p style=\"text-align: justify;\">A coordenadora antecipa que as aves est\u00e3o sendo preparadas para soltura na pr\u00f3xima esta\u00e7\u00e3o reprodutiva, que vai de novembro a mar\u00e7o. \u201cN\u00e3o podemos cravar que vai acontecer, porque temos que ter todo o cuidado para evitar perdas, o que vai garantir o sucesso da opera\u00e7\u00e3o\u201d, pontua.<\/p>\n<p style=\"text-align: justify;\">Fonte: Portal Conte\u00fado Animal<\/p>\n<p style=\"text-align: justify;\">\n","protected":false},"excerpt":{"rendered":"<p>Nasceram no Brasil os primeiros filhotes de ararinha-azul reproduzidos por um casal que veio entre 52 exemplares repatriados da Alemanha no ano passado. A esp\u00e9cie foi declarada extinta em solo brasileiro desde o ano 2000, quando a \u00faltima ave foi avistada no ambiente natural. H\u00e1 tr\u00eas d\u00e9cadas,\u00a0n\u00e3o eram registrados nascimentos da esp\u00e9cie no pa\u00eds. A [&hellip;]<\/p>\n","protected":false},"author":1,"featured_media":25618,"comment_status":"closed","ping_status":"open","sticky":false,"template":"","format":"standard","meta":{"_uag_custom_page_level_css":"","_monsterinsights_skip_tracking":false,"_monsterinsights_sitenote_active":false,"_monsterinsights_sitenote_note":"","_monsterinsights_sitenote_category":0,"jetpack_post_was_ever_published":false,"_jetpack_newsletter_access":"","_jetpack_dont_email_post_to_subs":false,"_jetpack_newsletter_tier_id":0,"_jetpack_memberships_contains_paywalled_content":false,"_jetpack_memberships_contains_paid_content":false,"footnotes":"","jetpack_publicize_message":"","jetpack_publicize_feature_enabled":true,"jetpack_social_post_already_shared":true,"jetpack_social_options":{"image_generator_settings":{"template":"highway","default_image_id":0,"font":"","enabled":false},"version":2}},"categories":[200],"tags":[4022,4020,14,4019,4021],"class_list":["post-25617","post","type-post","status-publish","format-standard","has-post-thumbnail","hentry","category-brasil","tag-apos-20-anos-de-extincao","tag-ararinha-azul-2","tag-brasil","tag-filhotes","tag-nascem"],"jetpack_publicize_connections":[],"jetpack_featured_media_url":"https:\/\/blogopara.com.br\/wp-content\/uploads\/2021\/07\/162586852360e8c8eb38884_1625868523_3x2_md-1.jpg","uagb_featured_image_src":{"full":["https:\/\/blogopara.com.br\/wp-content\/uploads\/2021\/07\/162586852360e8c8eb38884_1625868523_3x2_md-1.jpg",500,333,false],"thumbnail":["https:\/\/blogopara.com.br\/wp-content\/uploads\/2021\/07\/162586852360e8c8eb38884_1625868523_3x2_md-1-150x150.jpg",150,150,true],"medium":["https:\/\/blogopara.com.br\/wp-content\/uploads\/2021\/07\/162586852360e8c8eb38884_1625868523_3x2_md-1-300x200.jpg",300,200,true],"medium_large":["https:\/\/blogopara.com.br\/wp-content\/uploads\/2021\/07\/162586852360e8c8eb38884_1625868523_3x2_md-1.jpg",500,333,false],"large":["https:\/\/blogopara.com.br\/wp-content\/uploads\/2021\/07\/162586852360e8c8eb38884_1625868523_3x2_md-1.jpg",500,333,false],"1536x1536":["https:\/\/blogopara.com.br\/wp-content\/uploads\/2021\/07\/162586852360e8c8eb38884_1625868523_3x2_md-1.jpg",500,333,false],"2048x2048":["https:\/\/blogopara.com.br\/wp-content\/uploads\/2021\/07\/162586852360e8c8eb38884_1625868523_3x2_md-1.jpg",500,333,false],"mantranews-slider-large":["https:\/\/blogopara.com.br\/wp-content\/uploads\/2021\/07\/162586852360e8c8eb38884_1625868523_3x2_md-1.jpg",500,333,false],"mantranews-featured-medium":["https:\/\/blogopara.com.br\/wp-content\/uploads\/2021\/07\/162586852360e8c8eb38884_1625868523_3x2_md-1-420x307.jpg",420,307,true],"mantranews-featured-long":["https:\/\/blogopara.com.br\/wp-content\/uploads\/2021\/07\/162586852360e8c8eb38884_1625868523_3x2_md-1-300x333.jpg",300,333,true],"mantranews-block-medium":["https:\/\/blogopara.com.br\/wp-content\/uploads\/2021\/07\/162586852360e8c8eb38884_1625868523_3x2_md-1-464x290.jpg",464,290,true],"mantranews-carousel-image":["https:\/\/blogopara.com.br\/wp-content\/uploads\/2021\/07\/162586852360e8c8eb38884_1625868523_3x2_md-1.jpg",500,333,false],"mantranews-block-thumb":["https:\/\/blogopara.com.br\/wp-content\/uploads\/2021\/07\/162586852360e8c8eb38884_1625868523_3x2_md-1-322x230.jpg",322,230,true],"mantranews-single-large":["https:\/\/blogopara.com.br\/wp-content\/uploads\/2021\/07\/162586852360e8c8eb38884_1625868523_3x2_md-1.jpg",500,333,false]},"uagb_author_info":{"display_name":"Reda\u00e7\u00e3o geral","author_link":"https:\/\/blogopara.com.br\/index.php\/author\/blogopara"},"uagb_comment_info":0,"uagb_excerpt":"Nasceram no Brasil os primeiros filhotes de ararinha-azul reproduzidos por um casal que veio entre 52 exemplares repatriados da Alemanha no ano passado. A esp\u00e9cie foi declarada extinta em solo brasileiro desde o ano 2000, quando a \u00faltima ave foi avistada no ambiente natural. H\u00e1 tr\u00eas d\u00e9cadas,\u00a0n\u00e3o eram registrados nascimentos da esp\u00e9cie no pa\u00eds. A&hellip;","jetpack_sharing_enabled":true,"jetpack_likes_enabled":true,"_links":{"self":[{"href":"https:\/\/blogopara.com.br\/index.php\/wp-json\/wp\/v2\/posts\/25617","targetHints":{"allow":["GET"]}}],"collection":[{"href":"https:\/\/blogopara.com.br\/index.php\/wp-json\/wp\/v2\/posts"}],"about":[{"href":"https:\/\/blogopara.com.br\/index.php\/wp-json\/wp\/v2\/types\/post"}],"author":[{"embeddable":true,"href":"https:\/\/blogopara.com.br\/index.php\/wp-json\/wp\/v2\/users\/1"}],"replies":[{"embeddable":true,"href":"https:\/\/blogopara.com.br\/index.php\/wp-json\/wp\/v2\/comments?post=25617"}],"version-history":[{"count":1,"href":"https:\/\/blogopara.com.br\/index.php\/wp-json\/wp\/v2\/posts\/25617\/revisions"}],"predecessor-version":[{"id":25619,"href":"https:\/\/blogopara.com.br\/index.php\/wp-json\/wp\/v2\/posts\/25617\/revisions\/25619"}],"wp:featuredmedia":[{"embeddable":true,"href":"https:\/\/blogopara.com.br\/index.php\/wp-json\/wp\/v2\/media\/25618"}],"wp:attachment":[{"href":"https:\/\/blogopara.com.br\/index.php\/wp-json\/wp\/v2\/media?parent=25617"}],"wp:term":[{"taxonomy":"category","embeddable":true,"href":"https:\/\/blogopara.com.br\/index.php\/wp-json\/wp\/v2\/categories?post=25617"},{"taxonomy":"post_tag","embeddable":true,"href":"https:\/\/blogopara.com.br\/index.php\/wp-json\/wp\/v2\/tags?post=25617"}],"curies":[{"name":"wp","href":"https:\/\/api.w.org\/{rel}","templated":true}]}}