{"id":25621,"date":"2021-07-11T15:28:00","date_gmt":"2021-07-11T18:28:00","guid":{"rendered":"https:\/\/blogopara.com.br\/?p=25621"},"modified":"2021-07-11T14:42:53","modified_gmt":"2021-07-11T17:42:53","slug":"pela-primeira-vez-a-maioria-quer-impeachment-de-bolsonaro-diz-datafolha","status":"publish","type":"post","link":"https:\/\/blogopara.com.br\/index.php\/2021\/07\/11\/pela-primeira-vez-a-maioria-quer-impeachment-de-bolsonaro-diz-datafolha","title":{"rendered":"Pela primeira vez, a maioria quer impeachment de Bolsonaro, diz Datafolha"},"content":{"rendered":"<p style=\"text-align: justify;\">Pela primeira vez desde que o Instituto Datafolha come\u00e7ou a questionar os brasileiros sobre o tema, em abril de 2020, a maioria dos entrevistados se diz a favor da abertura de processo de impeachment do presidente Jair Bolsonaro (sem partido).<\/p>\n<div class=\"teads-inread sm-screen\" style=\"text-align: justify;\">\n<div>\n<div class=\"teads-ui-components-label\"><\/div>\n<div id=\"teads0\" class=\"teads-player\"><span style=\"font-size: inherit;\">S\u00e3o 54% a favor da a\u00e7\u00e3o pela C\u00e2mara dos Deputados, ante 42% que se mostram contr\u00e1rios \u00e0 iniciativa.<\/span><\/div>\n<\/div>\n<\/div>\n<p style=\"text-align: justify;\">Foram ouvidos de forma presencial 2.074 maiores de 16 anos, em todo o pa\u00eds, nos dias 7 e 8 de julho. A margem de erro \u00e9 de dois pontos percentuais para mais ou menos.<\/p>\n<p style=\"text-align: justify;\">Na rodada anterior, realizada em 11 e 12 de maio, os pr\u00f3-impedimento haviam ultrapassado numericamente os contr\u00e1rios \u00e0 ideia, mas ainda havia um empate t\u00e9cnico em 49% a 46%. Agora, a diferen\u00e7a aumenta.<\/p>\n<p style=\"text-align: justify;\">\u00c9 um processo recente, que reflete o adensamento da crise pol\u00edtica combinada \u00e0 trag\u00e9dia sanit\u00e1ria da pandemia da Covid-19, que ceifou mais de 530 mil vidas desde o come\u00e7o do ano passado.<\/p>\n<p style=\"text-align: justify;\">O papel do governo federal no desastre est\u00e1 sendo esmiu\u00e7ado pela Comiss\u00e3o Parlamentar de Inqu\u00e9rito instalada no Senado.<\/p>\n<p style=\"text-align: justify;\">H\u00e1 um ros\u00e1rio de m\u00e1s not\u00edcias para o Planalto entre a pesquisa de maio e a atual.<\/p>\n<p style=\"text-align: justify;\">Foram descobertas suspeitas de negocia\u00e7\u00f5es obscuras de vacinas inexistentes, com den\u00fancia de cobran\u00e7a de propina como revelou a Folha, e Bolsonaro virou alvo de inqu\u00e9rito por supostamente ter prevaricado ao citar seu l\u00edder na C\u00e2mara, Ricardo Barros (PP-PR), como o l\u00edder das irregularidades em quest\u00e3o.<\/p>\n<p style=\"text-align: justify;\">Enquanto isso, houve um superpedido de impeachment no Congresso, jogado para a gaveta pelo presidente da C\u00e2mara, Arthur Lira (PP-AL), pr\u00f3cer do centr\u00e3o aliado de Bolsonaro e a pessoa a quem cabe encaminhar ou n\u00e3o o processo.<\/p>\n<p style=\"text-align: justify;\">O superpedido reuniu argumenta\u00e7\u00f5es de mais de 120 proposi\u00e7\u00f5es semelhantes anteriores, que est\u00e3o sem an\u00e1lise desde o tempo em que Rodrigo Maia (DEM-RJ) presidia a C\u00e2mara dos Deputados.<\/p>\n<p style=\"text-align: justify;\">E houve protestos de rua, ainda mais circunscritos \u00e0 esquerda, ganharam corpo em tr\u00eas ocasi\u00f5es e levaram milhares de pessoas \u00e0s ruas, algo que n\u00e3o se via h\u00e1 muito tempo no panorama brasileiro.<\/p>\n<p style=\"text-align: justify;\">At\u00e9 a pesquisa de 15 e 16 de mar\u00e7o, a oposi\u00e7\u00e3o ao impeachment, ou quase um empate t\u00e9cnico, dominava. Agora, a curva registrada em maio seguiu novo rumo.<\/p>\n<p style=\"text-align: justify;\">O impedimento do presidente \u00e9 alvo de discuss\u00f5es. L\u00edderes centristas como Gilberto Kassab (PSD) e Michel Temer (MDB), b\u00fassolas do \u00e2nimo pol\u00edtico majorit\u00e1rio, disseram recentemente \u00e0 Folha que pode haver inevitabilidade se houver povo na rua, pressionando o Congresso.<\/p>\n<p style=\"text-align: justify;\">Ao mesmo tempo, h\u00e1 temor de tumultos, pela disposi\u00e7\u00e3o beligerante de Bolsonaro e seus partid\u00e1rios, que sempre apelam \u00e0 ideia de confrontos e eventual uso de for\u00e7a armada para defender suas ideias.<\/p>\n<p style=\"text-align: justify;\">Neste caso, a sangria de popularidade atestada pelo pr\u00f3prio Datafolha seria uma ideia menos traum\u00e1tica, o que agrada ao atual l\u00edder nas pesquisas, o ex-presidente Luiz In\u00e1cio Lula da Silva (PT).<\/p>\n<p style=\"text-align: justify;\">Defendem mais o impeachment mulheres (59%), jovens (61%), mais pobres (60%, no grupo mais volumoso da estratifica\u00e7\u00e3o econ\u00f4mica da pesquisa, 57% da amostra) e moradores do Nordeste (64%). Esses dados seguem a linha das outras abordagens feitas pelo Datafolha sobre Bolsonaro neste levantamento.<\/p>\n<p style=\"text-align: justify;\">Valores ainda mais altos de aprova\u00e7\u00e3o ao processo s\u00e3o encontrados entre os que se declaram pretos (65%) e homossexuais ou bissexuais (77%).<\/p>\n<p style=\"text-align: justify;\">J\u00e1 o apoio ao presidente se mostra maior entre mais velhos (49% de rejei\u00e7\u00e3o a processo), entre os evang\u00e9licos (56%), quem ganha de 5 a 10 sal\u00e1rios m\u00ednimos (62%), mais ricos (59%) e os empres\u00e1rios (68%, mas um grupo com apenas 2% da amostra).<\/p>\n<p style=\"text-align: justify;\">Regionalmente, a hist\u00f3ria de outros \u00e2ngulos da pesquisa se repete aqui. Bolsonaro v\u00ea a rejei\u00e7\u00e3o ao impedimento ganhar por 52% a 46% no Norte\/Centro-Oeste e registra um empate no Sul, com 49% para cada lado \u2013as duas \u00e1reas s\u00e3o as mais bolsonaristas em todo o pa\u00eds.<\/p>\n<p style=\"text-align: justify;\">A situa\u00e7\u00e3o do mandat\u00e1rio \u00e9 desconfort\u00e1vel, mas a hist\u00f3ria traz exemplos d\u00edspares.<\/p>\n<p style=\"text-align: justify;\">Os dois presidentes que sofreram impeachment desde a redemocratiza\u00e7\u00e3o de 1985 tinham patamares mais altos de aprova\u00e7\u00e3o ao processo.<\/p>\n<p style=\"text-align: justify;\">Fernando Collor (ent\u00e3o no PRN) viu 75% da popula\u00e7\u00e3o pedir sua cabe\u00e7a \u00e0s v\u00e9speras da abertura dos procedimentos na C\u00e2mara, em setembro de 1992 \u2013ele viria a renunciar ap\u00f3s ser afastado para julgamento, tentando sem sucesso evitar a cassa\u00e7\u00e3o de seus direitos pol\u00edticos.<\/p>\n<p style=\"text-align: justify;\">J\u00e1 Dilma Rousseff (PT) teve de 63% a 68% de apoio a seu impeachment em tr\u00eas aferi\u00e7\u00f5es feitas pelo Datafolha.<\/p>\n<p style=\"text-align: justify;\">Ela acabou afastada em 2016, dando lugar ao vice, Michel Temer (MDB). Abatido por uma aguda crise pol\u00edtica, o emedebista viu o pedido por seu impedimento ser feito por 81% dos entrevistados em junho de 2017.<\/p>\n<p style=\"text-align: justify;\">Mas sua for\u00e7a congressual e aus\u00eancia de movimento forte nas ruas, como ele mesmo disse, garantiram sua sobreviv\u00eancia no cargo.<\/p>\n<section class=\"bannerBillboardDetalhe\"><\/section>\n<div class=\"clear\" style=\"text-align: justify;\"><\/div>\n<div><strong>Fonte: Folhapress<\/strong><\/div>\n<div class=\"spacer30\" style=\"text-align: justify;\"><\/div>\n<div class=\"spacer30\" style=\"text-align: justify;\"><\/div>\n<div class=\"compartilhar\" style=\"text-align: justify;\"><\/div>\n","protected":false},"excerpt":{"rendered":"<p>Pela primeira vez desde que o Instituto Datafolha come\u00e7ou a questionar os brasileiros sobre o tema, em abril de 2020, a maioria dos entrevistados se diz a favor da abertura de processo de impeachment do presidente Jair Bolsonaro (sem partido). S\u00e3o 54% a favor da a\u00e7\u00e3o pela C\u00e2mara dos Deputados, ante 42% que se mostram [&hellip;]<\/p>\n","protected":false},"author":1,"featured_media":25622,"comment_status":"closed","ping_status":"open","sticky":false,"template":"","format":"standard","meta":{"_uag_custom_page_level_css":"","_monsterinsights_skip_tracking":false,"_monsterinsights_sitenote_active":false,"_monsterinsights_sitenote_note":"","_monsterinsights_sitenote_category":0,"jetpack_post_was_ever_published":false,"_jetpack_newsletter_access":"","_jetpack_dont_email_post_to_subs":false,"_jetpack_newsletter_tier_id":0,"_jetpack_memberships_contains_paywalled_content":false,"_jetpack_memberships_contains_paid_content":false,"footnotes":"","jetpack_publicize_message":"","jetpack_publicize_feature_enabled":true,"jetpack_social_post_already_shared":true,"jetpack_social_options":{"image_generator_settings":{"template":"highway","default_image_id":0,"font":"","enabled":false},"version":2}},"categories":[200],"tags":[21,705,839,4024,4023],"class_list":["post-25621","post","type-post","status-publish","format-standard","has-post-thumbnail","hentry","category-brasil","tag-bolsonaro","tag-datafolha","tag-impeachment","tag-maioria","tag-primeira-vez"],"jetpack_publicize_connections":[],"jetpack_featured_media_url":"https:\/\/blogopara.com.br\/wp-content\/uploads\/2021\/07\/bolsonaro-evaristo-sa-afp1-1.jpeg","uagb_featured_image_src":{"full":["https:\/\/blogopara.com.br\/wp-content\/uploads\/2021\/07\/bolsonaro-evaristo-sa-afp1-1.jpeg",500,282,false],"thumbnail":["https:\/\/blogopara.com.br\/wp-content\/uploads\/2021\/07\/bolsonaro-evaristo-sa-afp1-1-150x150.jpeg",150,150,true],"medium":["https:\/\/blogopara.com.br\/wp-content\/uploads\/2021\/07\/bolsonaro-evaristo-sa-afp1-1-300x169.jpeg",300,169,true],"medium_large":["https:\/\/blogopara.com.br\/wp-content\/uploads\/2021\/07\/bolsonaro-evaristo-sa-afp1-1.jpeg",500,282,false],"large":["https:\/\/blogopara.com.br\/wp-content\/uploads\/2021\/07\/bolsonaro-evaristo-sa-afp1-1.jpeg",500,282,false],"1536x1536":["https:\/\/blogopara.com.br\/wp-content\/uploads\/2021\/07\/bolsonaro-evaristo-sa-afp1-1.jpeg",500,282,false],"2048x2048":["https:\/\/blogopara.com.br\/wp-content\/uploads\/2021\/07\/bolsonaro-evaristo-sa-afp1-1.jpeg",500,282,false],"mantranews-slider-large":["https:\/\/blogopara.com.br\/wp-content\/uploads\/2021\/07\/bolsonaro-evaristo-sa-afp1-1.jpeg",500,282,false],"mantranews-featured-medium":["https:\/\/blogopara.com.br\/wp-content\/uploads\/2021\/07\/bolsonaro-evaristo-sa-afp1-1-420x282.jpeg",420,282,true],"mantranews-featured-long":["https:\/\/blogopara.com.br\/wp-content\/uploads\/2021\/07\/bolsonaro-evaristo-sa-afp1-1-300x282.jpeg",300,282,true],"mantranews-block-medium":["https:\/\/blogopara.com.br\/wp-content\/uploads\/2021\/07\/bolsonaro-evaristo-sa-afp1-1-464x282.jpeg",464,282,true],"mantranews-carousel-image":["https:\/\/blogopara.com.br\/wp-content\/uploads\/2021\/07\/bolsonaro-evaristo-sa-afp1-1.jpeg",500,282,false],"mantranews-block-thumb":["https:\/\/blogopara.com.br\/wp-content\/uploads\/2021\/07\/bolsonaro-evaristo-sa-afp1-1-322x230.jpeg",322,230,true],"mantranews-single-large":["https:\/\/blogopara.com.br\/wp-content\/uploads\/2021\/07\/bolsonaro-evaristo-sa-afp1-1.jpeg",500,282,false]},"uagb_author_info":{"display_name":"Reda\u00e7\u00e3o geral","author_link":"https:\/\/blogopara.com.br\/index.php\/author\/blogopara"},"uagb_comment_info":0,"uagb_excerpt":"Pela primeira vez desde que o Instituto Datafolha come\u00e7ou a questionar os brasileiros sobre o tema, em abril de 2020, a maioria dos entrevistados se diz a favor da abertura de processo de impeachment do presidente Jair Bolsonaro (sem partido). S\u00e3o 54% a favor da a\u00e7\u00e3o pela C\u00e2mara dos Deputados, ante 42% que se mostram&hellip;","jetpack_sharing_enabled":true,"jetpack_likes_enabled":true,"_links":{"self":[{"href":"https:\/\/blogopara.com.br\/index.php\/wp-json\/wp\/v2\/posts\/25621","targetHints":{"allow":["GET"]}}],"collection":[{"href":"https:\/\/blogopara.com.br\/index.php\/wp-json\/wp\/v2\/posts"}],"about":[{"href":"https:\/\/blogopara.com.br\/index.php\/wp-json\/wp\/v2\/types\/post"}],"author":[{"embeddable":true,"href":"https:\/\/blogopara.com.br\/index.php\/wp-json\/wp\/v2\/users\/1"}],"replies":[{"embeddable":true,"href":"https:\/\/blogopara.com.br\/index.php\/wp-json\/wp\/v2\/comments?post=25621"}],"version-history":[{"count":1,"href":"https:\/\/blogopara.com.br\/index.php\/wp-json\/wp\/v2\/posts\/25621\/revisions"}],"predecessor-version":[{"id":25623,"href":"https:\/\/blogopara.com.br\/index.php\/wp-json\/wp\/v2\/posts\/25621\/revisions\/25623"}],"wp:featuredmedia":[{"embeddable":true,"href":"https:\/\/blogopara.com.br\/index.php\/wp-json\/wp\/v2\/media\/25622"}],"wp:attachment":[{"href":"https:\/\/blogopara.com.br\/index.php\/wp-json\/wp\/v2\/media?parent=25621"}],"wp:term":[{"taxonomy":"category","embeddable":true,"href":"https:\/\/blogopara.com.br\/index.php\/wp-json\/wp\/v2\/categories?post=25621"},{"taxonomy":"post_tag","embeddable":true,"href":"https:\/\/blogopara.com.br\/index.php\/wp-json\/wp\/v2\/tags?post=25621"}],"curies":[{"name":"wp","href":"https:\/\/api.w.org\/{rel}","templated":true}]}}