{"id":2566,"date":"2019-08-16T22:53:54","date_gmt":"2019-08-17T01:53:54","guid":{"rendered":"http:\/\/blogopara.com.br\/?p=2566"},"modified":"2019-08-20T08:45:16","modified_gmt":"2019-08-20T11:45:16","slug":"um-governo-sem-obras-e-sem-pudores-policlinica-regional-esta-sendo-utiliza-como-propaganda-enganosa","status":"publish","type":"post","link":"https:\/\/blogopara.com.br\/index.php\/2019\/08\/16\/um-governo-sem-obras-e-sem-pudores-policlinica-regional-esta-sendo-utiliza-como-propaganda-enganosa","title":{"rendered":"JUAZEIRO: PREFEITURA FAZ PROPAGANDA ENGANOSA COM A POLICL\u00cdNICA REGIONAL"},"content":{"rendered":"<p style=\"text-align: justify;\">O desgoverno do prefeito Paulo Bomfim (PCdoB) numa pe\u00e7a de marketing mentirosa est\u00e1 vinculando para a popula\u00e7\u00e3o que a Policl\u00ednica Regional \u00e9 uma \u201cpromessa\u201d que foi \u201ccumprida\u201d pela prefeitura de Juazeiro.<\/p>\n<p style=\"text-align: justify;\">A propaganda ressalta que a prefeitura est\u00e1 como principal parceira, mas pouco diz que foi o Governo do Estado que construiu e investiu milh\u00f5es. A Policl\u00ednica funcionar\u00e1 num sistema de cons\u00f3rcio. Por isso foi criado um Cons\u00f3rcio Interfederativo de Sa\u00fade com dez munic\u00edpios para ratearem juntamente com o Estado os custos da Policl\u00ednica.<\/p>\n<p style=\"text-align: justify;\"><strong>COMO FUNCIONAM AS POLICL\u00cdNICAS?<\/strong><\/p>\n<p style=\"text-align: justify;\">Foram criados na Bahia os&nbsp;<strong>Cons\u00f3rcios Interfederativos de Sa\u00fade<\/strong>, que consistem na jun\u00e7\u00e3o de munic\u00edpios por Regi\u00f5es de Sa\u00fade do estado, para unir esfor\u00e7os e dividir os custos com a assist\u00eancia \u00e0 Sa\u00fade de seus habitantes. Esse modelo de gest\u00e3o visa ampliar a assist\u00eancia de sa\u00fade da m\u00e9dia e alta complexidade nos munic\u00edpios baianos.<\/p>\n<p style=\"text-align: justify;\">A forma\u00e7\u00e3o do Cons\u00f3rcio possibilita que o cidad\u00e3o tenha um atendimento de qualidade de m\u00e9dia complexidade, com a oferta de consultas de diversas especialidades m\u00e9dicas e a realiza\u00e7\u00e3o de exames de imagem e outros em&nbsp;policl\u00ednicas. Al\u00e9m disso, prev\u00ea a adequa\u00e7\u00e3o e melhoria de hospitais e outras unidades de sa\u00fade voltadas para fazer o atendimento tamb\u00e9m de alta complexidade. Tudo isso com o objetivo de ser perto de casa, para que o paciente n\u00e3o precise se deslocar longas dist\u00e2ncias para conseguir atendimento.<\/p>\n<p style=\"text-align: justify;\">Para cada Cons\u00f3rcio formado, uma policl\u00ednica de m\u00faltiplas especialidades m\u00e9dicas ser\u00e1 constru\u00edda. Estas s\u00e3o constru\u00eddas com custeio integral pelo Governo do Estado ou com as obras custeadas em parceria com os munic\u00edpios consorciados. A manuten\u00e7\u00e3o ser\u00e1 compartilhada entre o Estado, que financiar\u00e1 40% dos custos, e os munic\u00edpios consorciados, que v\u00e3o cobrir os 60% restantes, proporcionalmente \u00e0 sua popula\u00e7\u00e3o. Saiba mais sobre as policl\u00ednicas.<\/p>\n<p style=\"text-align: justify;\"><strong>ENTENDA COMO FUNCIONAM OS CONS\u00d3RCIOS DE SA\u00daDE<\/strong><\/p>\n<p style=\"text-align: justify;\">Os Cons\u00f3rcios consistem na uni\u00e3o entre dois ou mais entes da federa\u00e7\u00e3o, sem fins lucrativos, com a finalidade de prestar servi\u00e7os e desenvolver a\u00e7\u00f5es conjuntas que visem o interesse coletivo e benef\u00edcios p\u00fablicos.<\/p>\n<p style=\"text-align: justify;\">Constituem-se numa associa\u00e7\u00e3o p\u00fablica, com personalidade jur\u00eddica de direito p\u00fablico e de natureza aut\u00e1rquica, ou como pessoa jur\u00eddica de direito privado sem fins econ\u00f4micos. (At. 2, I, do Dec. 6017\/07).<\/p>\n","protected":false},"excerpt":{"rendered":"<p>A manuten\u00e7\u00e3o ser\u00e1 compartilhada entre o Estado, que financiar\u00e1 40% dos custos, e os munic\u00edpios consorciados, que v\u00e3o cobrir os 60% restantes, proporcionalmente \u00e0 sua popula\u00e7\u00e3o. Saiba mais sobre as policl\u00ednicas.<\/p>\n","protected":false},"author":1,"featured_media":2569,"comment_status":"open","ping_status":"open","sticky":false,"template":"","format":"standard","meta":{"_uag_custom_page_level_css":"","_monsterinsights_skip_tracking":false,"_monsterinsights_sitenote_active":false,"_monsterinsights_sitenote_note":"","_monsterinsights_sitenote_category":0,"jetpack_post_was_ever_published":false,"_jetpack_newsletter_access":"","_jetpack_dont_email_post_to_subs":false,"_jetpack_newsletter_tier_id":0,"_jetpack_memberships_contains_paywalled_content":false,"_jetpack_memberships_contains_paid_content":false,"footnotes":"","jetpack_publicize_message":"","jetpack_publicize_feature_enabled":true,"jetpack_social_post_already_shared":true,"jetpack_social_options":{"image_generator_settings":{"template":"highway","default_image_id":0,"font":"","enabled":false},"version":2}},"categories":[203],"tags":[613],"class_list":["post-2566","post","type-post","status-publish","format-standard","has-post-thumbnail","hentry","category-juazeiro","tag-policlinica-regional"],"jetpack_publicize_connections":[],"jetpack_featured_media_url":"https:\/\/blogopara.com.br\/wp-content\/uploads\/2019\/08\/guedes.jpg","uagb_featured_image_src":{"full":["https:\/\/blogopara.com.br\/wp-content\/uploads\/2019\/08\/guedes.jpg",543,298,false],"thumbnail":["https:\/\/blogopara.com.br\/wp-content\/uploads\/2019\/08\/guedes-150x150.jpg",150,150,true],"medium":["https:\/\/blogopara.com.br\/wp-content\/uploads\/2019\/08\/guedes-300x165.jpg",300,165,true],"medium_large":["https:\/\/blogopara.com.br\/wp-content\/uploads\/2019\/08\/guedes.jpg",543,298,false],"large":["https:\/\/blogopara.com.br\/wp-content\/uploads\/2019\/08\/guedes.jpg",543,298,false],"1536x1536":["https:\/\/blogopara.com.br\/wp-content\/uploads\/2019\/08\/guedes.jpg",543,298,false],"2048x2048":["https:\/\/blogopara.com.br\/wp-content\/uploads\/2019\/08\/guedes.jpg",543,298,false],"mantranews-slider-large":["https:\/\/blogopara.com.br\/wp-content\/uploads\/2019\/08\/guedes.jpg",543,298,false],"mantranews-featured-medium":["https:\/\/blogopara.com.br\/wp-content\/uploads\/2019\/08\/guedes.jpg",420,230,false],"mantranews-featured-long":["https:\/\/blogopara.com.br\/wp-content\/uploads\/2019\/08\/guedes.jpg",300,165,false],"mantranews-block-medium":["https:\/\/blogopara.com.br\/wp-content\/uploads\/2019\/08\/guedes.jpg",464,255,false],"mantranews-carousel-image":["https:\/\/blogopara.com.br\/wp-content\/uploads\/2019\/08\/guedes.jpg",543,298,false],"mantranews-block-thumb":["https:\/\/blogopara.com.br\/wp-content\/uploads\/2019\/08\/guedes.jpg",322,177,false],"mantranews-single-large":["https:\/\/blogopara.com.br\/wp-content\/uploads\/2019\/08\/guedes.jpg",543,298,false]},"uagb_author_info":{"display_name":"Reda\u00e7\u00e3o geral","author_link":"https:\/\/blogopara.com.br\/index.php\/author\/blogopara"},"uagb_comment_info":0,"uagb_excerpt":"A manuten\u00e7\u00e3o ser\u00e1 compartilhada entre o Estado, que financiar\u00e1 40% dos custos, e os munic\u00edpios consorciados, que v\u00e3o cobrir os 60% restantes, proporcionalmente \u00e0 sua popula\u00e7\u00e3o. Saiba mais sobre as policl\u00ednicas.","jetpack_sharing_enabled":true,"jetpack_likes_enabled":true,"_links":{"self":[{"href":"https:\/\/blogopara.com.br\/index.php\/wp-json\/wp\/v2\/posts\/2566","targetHints":{"allow":["GET"]}}],"collection":[{"href":"https:\/\/blogopara.com.br\/index.php\/wp-json\/wp\/v2\/posts"}],"about":[{"href":"https:\/\/blogopara.com.br\/index.php\/wp-json\/wp\/v2\/types\/post"}],"author":[{"embeddable":true,"href":"https:\/\/blogopara.com.br\/index.php\/wp-json\/wp\/v2\/users\/1"}],"replies":[{"embeddable":true,"href":"https:\/\/blogopara.com.br\/index.php\/wp-json\/wp\/v2\/comments?post=2566"}],"version-history":[{"count":3,"href":"https:\/\/blogopara.com.br\/index.php\/wp-json\/wp\/v2\/posts\/2566\/revisions"}],"predecessor-version":[{"id":2608,"href":"https:\/\/blogopara.com.br\/index.php\/wp-json\/wp\/v2\/posts\/2566\/revisions\/2608"}],"wp:featuredmedia":[{"embeddable":true,"href":"https:\/\/blogopara.com.br\/index.php\/wp-json\/wp\/v2\/media\/2569"}],"wp:attachment":[{"href":"https:\/\/blogopara.com.br\/index.php\/wp-json\/wp\/v2\/media?parent=2566"}],"wp:term":[{"taxonomy":"category","embeddable":true,"href":"https:\/\/blogopara.com.br\/index.php\/wp-json\/wp\/v2\/categories?post=2566"},{"taxonomy":"post_tag","embeddable":true,"href":"https:\/\/blogopara.com.br\/index.php\/wp-json\/wp\/v2\/tags?post=2566"}],"curies":[{"name":"wp","href":"https:\/\/api.w.org\/{rel}","templated":true}]}}