{"id":25695,"date":"2021-07-13T16:17:00","date_gmt":"2021-07-13T19:17:00","guid":{"rendered":"https:\/\/blogopara.com.br\/?p=25695"},"modified":"2021-07-13T10:26:33","modified_gmt":"2021-07-13T13:26:33","slug":"prefeitura-de-juazeiro-promovera-mostra-artistica-e-cultural-alusiva-ao-aniversario-da-cidade","status":"publish","type":"post","link":"https:\/\/blogopara.com.br\/index.php\/2021\/07\/13\/prefeitura-de-juazeiro-promovera-mostra-artistica-e-cultural-alusiva-ao-aniversario-da-cidade","title":{"rendered":"Prefeitura de Juazeiro promover\u00e1 Mostra Art\u00edstica e Cultural alusiva ao anivers\u00e1rio da cidade"},"content":{"rendered":"<p style=\"font-weight: 400; text-align: justify;\">No m\u00eas de anivers\u00e1rio do munic\u00edpio de Juazeiro, a Prefeitura Municipal, atrav\u00e9s da Secretaria de Educa\u00e7\u00e3o e Juventude (Seduc), ir\u00e1 promover a Mostra de Artes Integradas Art\u00edsticas e Culturais. Com o tema \u201cJuazeiro Encantado: 143 anos de muitas hist\u00f3rias para contar!\u201d, a programa\u00e7\u00e3o voltada para estudantes dos Anos Finais\u00a0 (6\u00ba ao 9 ano) da Rede Municipal, ir\u00e1 apresentar no dia 30 de julho, produ\u00e7\u00f5es em diversas categorias art\u00edsticas, sobre temas relacionados \u00e0 cidade.<\/p>\n<p style=\"font-weight: 400; text-align: justify;\">A Mostra visa fortalecer a identidade cultural e patrimonial de Juazeiro. Os estudantes produzir\u00e3o v\u00eddeos para as categorias dan\u00e7a, m\u00fasica, teatro, literatura e artes visuais, de acordo com o regulamento dispon\u00edvel em anexo. Entre os dias 12 e 21 de julho, as escolas participar\u00e3o de momentos de mobiliza\u00e7\u00e3o com equipes da Seduc e receber\u00e3o as produ\u00e7\u00f5es dos estudantes para sele\u00e7\u00e3o e inscri\u00e7\u00e3o na Mostra, nos dias 22 e 23.<\/p>\n<p style=\"font-weight: 400; text-align: justify;\">Ap\u00f3s sele\u00e7\u00e3o realizada pelos formadores da Escola de Forma\u00e7\u00e3o de Educadores Parlim (Efep), os finalistas ser\u00e3o divulgados no dia 28 de julho na Plataforma Escola Presente, e no dia 30, os trabalhos ser\u00e3o apresentados na Mostra de Artes Integradas Art\u00edsticas e Culturais, atrav\u00e9s do canal Seduc Juazeiro-BA, no YouTube.<\/p>\n<p style=\"font-weight: 400; text-align: justify;\">\u201cEssa \u00e9 mais uma maneira de fortalecer a nossa cultura local e presentear a nossa cidade com as produ\u00e7\u00f5es art\u00edsticas dos estudantes da Rede Municipal\u201d, destacou a secret\u00e1ria de Educa\u00e7\u00e3o do munic\u00edpio, Normeide Almeida.<\/p>\n<p style=\"font-weight: 400; text-align: justify;\">Seduc- Ascom Pmj<\/p>\n<p style=\"font-weight: 400; text-align: justify;\">\n<p style=\"font-weight: 400; text-align: justify;\">\n<p style=\"font-weight: 400; text-align: justify;\">\n<p style=\"font-weight: 400; text-align: justify;\">\n","protected":false},"excerpt":{"rendered":"<p>No m\u00eas de anivers\u00e1rio do munic\u00edpio de Juazeiro, a Prefeitura Municipal, atrav\u00e9s da Secretaria de Educa\u00e7\u00e3o e Juventude (Seduc), ir\u00e1 promover a Mostra de Artes Integradas Art\u00edsticas e Culturais. Com o tema \u201cJuazeiro Encantado: 143 anos de muitas hist\u00f3rias para contar!\u201d, a programa\u00e7\u00e3o voltada para estudantes dos Anos Finais\u00a0 (6\u00ba ao 9 ano) da Rede [&hellip;]<\/p>\n","protected":false},"author":1,"featured_media":25696,"comment_status":"closed","ping_status":"open","sticky":false,"template":"","format":"standard","meta":{"_uag_custom_page_level_css":"","_monsterinsights_skip_tracking":false,"_monsterinsights_sitenote_active":false,"_monsterinsights_sitenote_note":"","_monsterinsights_sitenote_category":0,"jetpack_post_was_ever_published":false,"_jetpack_newsletter_access":"","_jetpack_dont_email_post_to_subs":false,"_jetpack_newsletter_tier_id":0,"_jetpack_memberships_contains_paywalled_content":false,"_jetpack_memberships_contains_paid_content":false,"footnotes":"","jetpack_publicize_message":"","jetpack_publicize_feature_enabled":true,"jetpack_social_post_already_shared":true,"jetpack_social_options":{"image_generator_settings":{"template":"highway","default_image_id":0,"font":"","enabled":false},"version":2}},"categories":[1784,203],"tags":[4066,4065,4064,340],"class_list":["post-25695","post","type-post","status-publish","format-standard","has-post-thumbnail","hentry","category-cultura-2","category-juazeiro","tag-aniversario-da-cidade","tag-cultura-alusiva","tag-mostra-artistica","tag-prefeitura-de-juazeiro"],"jetpack_publicize_connections":[],"jetpack_featured_media_url":"https:\/\/blogopara.com.br\/wp-content\/uploads\/2021\/07\/CARD-MOSTRA.jpeg","uagb_featured_image_src":{"full":["https:\/\/blogopara.com.br\/wp-content\/uploads\/2021\/07\/CARD-MOSTRA.jpeg",500,500,false],"thumbnail":["https:\/\/blogopara.com.br\/wp-content\/uploads\/2021\/07\/CARD-MOSTRA-150x150.jpeg",150,150,true],"medium":["https:\/\/blogopara.com.br\/wp-content\/uploads\/2021\/07\/CARD-MOSTRA-300x300.jpeg",300,300,true],"medium_large":["https:\/\/blogopara.com.br\/wp-content\/uploads\/2021\/07\/CARD-MOSTRA.jpeg",500,500,false],"large":["https:\/\/blogopara.com.br\/wp-content\/uploads\/2021\/07\/CARD-MOSTRA.jpeg",500,500,false],"1536x1536":["https:\/\/blogopara.com.br\/wp-content\/uploads\/2021\/07\/CARD-MOSTRA.jpeg",500,500,false],"2048x2048":["https:\/\/blogopara.com.br\/wp-content\/uploads\/2021\/07\/CARD-MOSTRA.jpeg",500,500,false],"mantranews-slider-large":["https:\/\/blogopara.com.br\/wp-content\/uploads\/2021\/07\/CARD-MOSTRA.jpeg",500,500,false],"mantranews-featured-medium":["https:\/\/blogopara.com.br\/wp-content\/uploads\/2021\/07\/CARD-MOSTRA-420x307.jpeg",420,307,true],"mantranews-featured-long":["https:\/\/blogopara.com.br\/wp-content\/uploads\/2021\/07\/CARD-MOSTRA-300x443.jpeg",300,443,true],"mantranews-block-medium":["https:\/\/blogopara.com.br\/wp-content\/uploads\/2021\/07\/CARD-MOSTRA-464x290.jpeg",464,290,true],"mantranews-carousel-image":["https:\/\/blogopara.com.br\/wp-content\/uploads\/2021\/07\/CARD-MOSTRA.jpeg",500,500,false],"mantranews-block-thumb":["https:\/\/blogopara.com.br\/wp-content\/uploads\/2021\/07\/CARD-MOSTRA-322x230.jpeg",322,230,true],"mantranews-single-large":["https:\/\/blogopara.com.br\/wp-content\/uploads\/2021\/07\/CARD-MOSTRA.jpeg",500,500,false]},"uagb_author_info":{"display_name":"Reda\u00e7\u00e3o geral","author_link":"https:\/\/blogopara.com.br\/index.php\/author\/blogopara"},"uagb_comment_info":0,"uagb_excerpt":"No m\u00eas de anivers\u00e1rio do munic\u00edpio de Juazeiro, a Prefeitura Municipal, atrav\u00e9s da Secretaria de Educa\u00e7\u00e3o e Juventude (Seduc), ir\u00e1 promover a Mostra de Artes Integradas Art\u00edsticas e Culturais. Com o tema \u201cJuazeiro Encantado: 143 anos de muitas hist\u00f3rias para contar!\u201d, a programa\u00e7\u00e3o voltada para estudantes dos Anos Finais\u00a0 (6\u00ba ao 9 ano) da Rede&hellip;","jetpack_sharing_enabled":true,"jetpack_likes_enabled":true,"_links":{"self":[{"href":"https:\/\/blogopara.com.br\/index.php\/wp-json\/wp\/v2\/posts\/25695","targetHints":{"allow":["GET"]}}],"collection":[{"href":"https:\/\/blogopara.com.br\/index.php\/wp-json\/wp\/v2\/posts"}],"about":[{"href":"https:\/\/blogopara.com.br\/index.php\/wp-json\/wp\/v2\/types\/post"}],"author":[{"embeddable":true,"href":"https:\/\/blogopara.com.br\/index.php\/wp-json\/wp\/v2\/users\/1"}],"replies":[{"embeddable":true,"href":"https:\/\/blogopara.com.br\/index.php\/wp-json\/wp\/v2\/comments?post=25695"}],"version-history":[{"count":1,"href":"https:\/\/blogopara.com.br\/index.php\/wp-json\/wp\/v2\/posts\/25695\/revisions"}],"predecessor-version":[{"id":25697,"href":"https:\/\/blogopara.com.br\/index.php\/wp-json\/wp\/v2\/posts\/25695\/revisions\/25697"}],"wp:featuredmedia":[{"embeddable":true,"href":"https:\/\/blogopara.com.br\/index.php\/wp-json\/wp\/v2\/media\/25696"}],"wp:attachment":[{"href":"https:\/\/blogopara.com.br\/index.php\/wp-json\/wp\/v2\/media?parent=25695"}],"wp:term":[{"taxonomy":"category","embeddable":true,"href":"https:\/\/blogopara.com.br\/index.php\/wp-json\/wp\/v2\/categories?post=25695"},{"taxonomy":"post_tag","embeddable":true,"href":"https:\/\/blogopara.com.br\/index.php\/wp-json\/wp\/v2\/tags?post=25695"}],"curies":[{"name":"wp","href":"https:\/\/api.w.org\/{rel}","templated":true}]}}