{"id":25701,"date":"2021-07-13T14:51:00","date_gmt":"2021-07-13T17:51:00","guid":{"rendered":"https:\/\/blogopara.com.br\/?p=25701"},"modified":"2021-07-13T13:45:14","modified_gmt":"2021-07-13T16:45:14","slug":"lgbtfobia-apos-ser-contratado-homem-trans-e-demitido-de-empresa-em-petrolina-minha-cota-de-pessoas-diferentes-ja-esta-atendida","status":"publish","type":"post","link":"https:\/\/blogopara.com.br\/index.php\/2021\/07\/13\/lgbtfobia-apos-ser-contratado-homem-trans-e-demitido-de-empresa-em-petrolina-minha-cota-de-pessoas-diferentes-ja-esta-atendida","title":{"rendered":"LGBTfobia: Ap\u00f3s ser contratado, homem trans \u00e9 demitido de empresa em Petrolina: \u201cMinha cota de pessoas diferentes j\u00e1 est\u00e1 atendida\u201d"},"content":{"rendered":"<div class=\"entry-content\">\n<p style=\"text-align: justify;\">Eduardo Pr\u00edncipe de Lira Rocha \u00e9 um homem trans e foi contratado para trabalhar em uma empresa em Petrolina, no Sert\u00e3o de Pernambuco. O que deveria ser um momento de satisfa\u00e7\u00e3o profissional terminou em frustra\u00e7\u00e3o. A alegria de conseguir uma coloca\u00e7\u00e3o no mercado de trabalho, principalmente\u00a0 em um momento de crise financeira trazida pela Covid-19, se transformou em um pesadelo. Infelizmente o sofrimento que Eduardo passou chegou bem antes da pandemia e n\u00e3o tem vacina.<\/p>\n<p style=\"text-align: justify;\">Ap\u00f3s passar por uma sele\u00e7\u00e3o de emprego e ser aprovado por preencher todos os requisitos da vaga ofertada, Eduardo foi demitido um dia antes de come\u00e7ar a trabalhar. Ele iniciaria as atividades na empresa hoje (12).\u00a0 Ontem (11) o propriet\u00e1rio mandou uma mensagem o dispensando.<\/p>\n<p style=\"text-align: justify;\">Segundo trecho da conversar publicada por Eduardo em seus redes sociais, o dono da empresa disse que: \u201cDe minha parte, n\u00e3o segui o roteiro correto das entrevistas e n\u00e3o o identifiquei na primeira hora.[..] Meu objetivo \u00e9 contratar um monitor, consequentemente do sexo masculino. Minha cota de pessoas diferentes j\u00e1 est\u00e1 atendida e completa com o que demonstro n\u00e3o ter preconceito\u201d, escreveu o propriet\u00e1rio.<\/p>\n<p style=\"text-align: justify;\">Ainda de acordo com as mensagem publicadas por Eduardo no Instagram, o propriet\u00e1rio disse que s\u00f3 percebeu que ele era um homem trans bem depois. \u201cSomem vim saber de sua condi\u00e7\u00e3o muito depois. Nada contra. Mas a vaga \u00e9 para o sexo masculino\u201d, pontuou.<\/p>\n<p style=\"text-align: justify;\"><strong>Racismo<\/strong><\/p>\n<p style=\"text-align: justify;\">O criminalista Gilmar J\u00fanior,\u00a0 advogado de Eduardo Rocha,\u00a0 destacou que o propriet\u00e1rio ser\u00e1 processado nas esferas c\u00edvel e criminal. \u201cN\u00f3s vamos adentrar na seara c\u00edvel para pedir uma indeniza\u00e7\u00e3o pelo dano moral que ele sofreu e na seara criminal tamb\u00e9m, porque em 2019 o STF decidiu que a transfobia e a homofobia podem ser inseridas na lei 7.716 de 1989 que constitui o crime de racismo\u201d, afirmou o criminalista.<\/p>\n<p style=\"text-align: justify;\">A pena para o crime de racismo \u00e9 de dois a cinco anos de deten\u00e7\u00e3o.<\/p>\n<\/div>\n\n\n<p>Por: Blog Waldiney Passos<\/p>\n\n\n\n<p><\/p>\n","protected":false},"excerpt":{"rendered":"<p>Eduardo Pr\u00edncipe de Lira Rocha \u00e9 um homem trans e foi contratado para trabalhar em uma empresa em Petrolina, no Sert\u00e3o de Pernambuco. O que deveria ser um momento de satisfa\u00e7\u00e3o profissional terminou em frustra\u00e7\u00e3o. A alegria de conseguir uma coloca\u00e7\u00e3o no mercado de trabalho, principalmente\u00a0 em um momento de crise financeira trazida pela Covid-19, [&hellip;]<\/p>\n","protected":false},"author":1,"featured_media":25702,"comment_status":"closed","ping_status":"open","sticky":false,"template":"","format":"standard","meta":{"_uag_custom_page_level_css":"","_monsterinsights_skip_tracking":false,"_monsterinsights_sitenote_active":false,"_monsterinsights_sitenote_note":"","_monsterinsights_sitenote_category":0,"jetpack_post_was_ever_published":false,"_jetpack_newsletter_access":"","_jetpack_dont_email_post_to_subs":false,"_jetpack_newsletter_tier_id":0,"_jetpack_memberships_contains_paywalled_content":false,"_jetpack_memberships_contains_paid_content":false,"footnotes":"","jetpack_publicize_message":"","jetpack_publicize_feature_enabled":true,"jetpack_social_post_already_shared":true,"jetpack_social_options":{"image_generator_settings":{"template":"highway","default_image_id":0,"font":"","enabled":false},"version":2}},"categories":[851],"tags":[4071,4004,4070,3025,2478],"class_list":["post-25701","post","type-post","status-publish","format-standard","has-post-thumbnail","hentry","category-petrolina","tag-demitido","tag-empresa","tag-homem-trans","tag-lgbtfobia","tag-petrolina-pe"],"jetpack_publicize_connections":[],"jetpack_featured_media_url":"https:\/\/blogopara.com.br\/wp-content\/uploads\/2021\/07\/eduardo.jpg","uagb_featured_image_src":{"full":["https:\/\/blogopara.com.br\/wp-content\/uploads\/2021\/07\/eduardo.jpg",500,281,false],"thumbnail":["https:\/\/blogopara.com.br\/wp-content\/uploads\/2021\/07\/eduardo-150x150.jpg",150,150,true],"medium":["https:\/\/blogopara.com.br\/wp-content\/uploads\/2021\/07\/eduardo-300x169.jpg",300,169,true],"medium_large":["https:\/\/blogopara.com.br\/wp-content\/uploads\/2021\/07\/eduardo.jpg",500,281,false],"large":["https:\/\/blogopara.com.br\/wp-content\/uploads\/2021\/07\/eduardo.jpg",500,281,false],"1536x1536":["https:\/\/blogopara.com.br\/wp-content\/uploads\/2021\/07\/eduardo.jpg",500,281,false],"2048x2048":["https:\/\/blogopara.com.br\/wp-content\/uploads\/2021\/07\/eduardo.jpg",500,281,false],"mantranews-slider-large":["https:\/\/blogopara.com.br\/wp-content\/uploads\/2021\/07\/eduardo.jpg",500,281,false],"mantranews-featured-medium":["https:\/\/blogopara.com.br\/wp-content\/uploads\/2021\/07\/eduardo-420x281.jpg",420,281,true],"mantranews-featured-long":["https:\/\/blogopara.com.br\/wp-content\/uploads\/2021\/07\/eduardo-300x281.jpg",300,281,true],"mantranews-block-medium":["https:\/\/blogopara.com.br\/wp-content\/uploads\/2021\/07\/eduardo-464x281.jpg",464,281,true],"mantranews-carousel-image":["https:\/\/blogopara.com.br\/wp-content\/uploads\/2021\/07\/eduardo.jpg",500,281,false],"mantranews-block-thumb":["https:\/\/blogopara.com.br\/wp-content\/uploads\/2021\/07\/eduardo-322x230.jpg",322,230,true],"mantranews-single-large":["https:\/\/blogopara.com.br\/wp-content\/uploads\/2021\/07\/eduardo.jpg",500,281,false]},"uagb_author_info":{"display_name":"Reda\u00e7\u00e3o geral","author_link":"https:\/\/blogopara.com.br\/index.php\/author\/blogopara"},"uagb_comment_info":0,"uagb_excerpt":"Eduardo Pr\u00edncipe de Lira Rocha \u00e9 um homem trans e foi contratado para trabalhar em uma empresa em Petrolina, no Sert\u00e3o de Pernambuco. O que deveria ser um momento de satisfa\u00e7\u00e3o profissional terminou em frustra\u00e7\u00e3o. A alegria de conseguir uma coloca\u00e7\u00e3o no mercado de trabalho, principalmente\u00a0 em um momento de crise financeira trazida pela Covid-19,&hellip;","jetpack_sharing_enabled":true,"jetpack_likes_enabled":true,"_links":{"self":[{"href":"https:\/\/blogopara.com.br\/index.php\/wp-json\/wp\/v2\/posts\/25701","targetHints":{"allow":["GET"]}}],"collection":[{"href":"https:\/\/blogopara.com.br\/index.php\/wp-json\/wp\/v2\/posts"}],"about":[{"href":"https:\/\/blogopara.com.br\/index.php\/wp-json\/wp\/v2\/types\/post"}],"author":[{"embeddable":true,"href":"https:\/\/blogopara.com.br\/index.php\/wp-json\/wp\/v2\/users\/1"}],"replies":[{"embeddable":true,"href":"https:\/\/blogopara.com.br\/index.php\/wp-json\/wp\/v2\/comments?post=25701"}],"version-history":[{"count":1,"href":"https:\/\/blogopara.com.br\/index.php\/wp-json\/wp\/v2\/posts\/25701\/revisions"}],"predecessor-version":[{"id":25703,"href":"https:\/\/blogopara.com.br\/index.php\/wp-json\/wp\/v2\/posts\/25701\/revisions\/25703"}],"wp:featuredmedia":[{"embeddable":true,"href":"https:\/\/blogopara.com.br\/index.php\/wp-json\/wp\/v2\/media\/25702"}],"wp:attachment":[{"href":"https:\/\/blogopara.com.br\/index.php\/wp-json\/wp\/v2\/media?parent=25701"}],"wp:term":[{"taxonomy":"category","embeddable":true,"href":"https:\/\/blogopara.com.br\/index.php\/wp-json\/wp\/v2\/categories?post=25701"},{"taxonomy":"post_tag","embeddable":true,"href":"https:\/\/blogopara.com.br\/index.php\/wp-json\/wp\/v2\/tags?post=25701"}],"curies":[{"name":"wp","href":"https:\/\/api.w.org\/{rel}","templated":true}]}}