{"id":25708,"date":"2021-07-13T13:55:28","date_gmt":"2021-07-13T16:55:28","guid":{"rendered":"https:\/\/blogopara.com.br\/?p=25708"},"modified":"2021-07-13T13:55:33","modified_gmt":"2021-07-13T16:55:33","slug":"rui-costa-diz-que-data-de-retorno-das-aulas-deve-ser-anunciada-nesta-terca-13","status":"publish","type":"post","link":"https:\/\/blogopara.com.br\/index.php\/2021\/07\/13\/rui-costa-diz-que-data-de-retorno-das-aulas-deve-ser-anunciada-nesta-terca-13","title":{"rendered":"Rui Costa diz que data de retorno das aulas deve ser anunciada nesta ter\u00e7a (13)"},"content":{"rendered":"<p id=\"viewer-c0djm\" class=\"XzvDs _208Ie _1atvN _2QAo- _25MYV _2WrB- _1atvN public-DraftStyleDefault-block-depth0 public-DraftStyleDefault-text-ltr\" style=\"text-align: justify;\"><span class=\"vkIF2 public-DraftStyleDefault-ltr\">O governador Rui Costa (PT) confirmou, nesta ter\u00e7a-feira (13), durante coletiva, que a data de retorno das aulas presenciais no estado ser\u00e1 anunciada ainda hoje.<\/span><\/p>\n<p id=\"viewer-2nkt1\" class=\"XzvDs _208Ie _1atvN _2QAo- _1iXso _3_La3 _1atvN public-DraftStyleDefault-block-depth0 public-DraftStyleDefault-text-ltr\" style=\"text-align: justify;\"><span class=\"vkIF2 public-DraftStyleDefault-ltr\">O governador confirmou que a volta acontecer\u00e1 ainda no m\u00eas de julho, e lembrou que ser\u00e1 utilizado, no primeiro momento, o modelo h\u00edbrido de aula, alternando presencial e online.<\/span><\/p>\n<p class=\"XzvDs _208Ie _1atvN _2QAo- _1iXso _3_La3 _1atvN public-DraftStyleDefault-block-depth0 public-DraftStyleDefault-text-ltr\" style=\"text-align: justify;\"><span class=\"vkIF2 public-DraftStyleDefault-ltr\">\u201cHoje ainda vamos anunciar a data de retorno \u00e0s aulas que ser\u00e1 necessariamente agora em julho. Isso ser\u00e1 divulgado \u00e0 tarde, ap\u00f3s uma reuni\u00e3o com as secretarias de educa\u00e7\u00e3o e sa\u00fade para fixar o dia\u201d, disse explicou o governador.<\/span><\/p>\n<div style=\"text-align: justify;\" data-hook=\"rcv-block9\"><\/div>\n<div id=\"viewer-ek4fr\" class=\"XzvDs _208Ie _1atvN _2QAo- _1iXso _3_La3 _1atvN public-DraftStyleDefault-block-depth0 public-DraftStyleDefault-text-ltr\" style=\"text-align: justify;\"><\/div>\n","protected":false},"excerpt":{"rendered":"<p>O governador Rui Costa (PT) confirmou, nesta ter\u00e7a-feira (13), durante coletiva, que a data de retorno das aulas presenciais no estado ser\u00e1 anunciada ainda hoje. O governador confirmou que a volta acontecer\u00e1 ainda no m\u00eas de julho, e lembrou que ser\u00e1 utilizado, no primeiro momento, o modelo h\u00edbrido de aula, alternando presencial e online. \u201cHoje [&hellip;]<\/p>\n","protected":false},"author":1,"featured_media":23645,"comment_status":"closed","ping_status":"open","sticky":false,"template":"","format":"standard","meta":{"_uag_custom_page_level_css":"","_monsterinsights_skip_tracking":false,"_monsterinsights_sitenote_active":false,"_monsterinsights_sitenote_note":"","_monsterinsights_sitenote_category":0,"jetpack_post_was_ever_published":false,"_jetpack_newsletter_access":"","_jetpack_dont_email_post_to_subs":false,"_jetpack_newsletter_tier_id":0,"_jetpack_memberships_contains_paywalled_content":false,"_jetpack_memberships_contains_paid_content":false,"footnotes":"","jetpack_publicize_message":"","jetpack_publicize_feature_enabled":true,"jetpack_social_post_already_shared":true,"jetpack_social_options":{"image_generator_settings":{"template":"highway","default_image_id":0,"font":"","enabled":false},"version":2}},"categories":[199,209],"tags":[3170,2284,3919],"class_list":["post-25708","post","type-post","status-publish","format-standard","has-post-thumbnail","hentry","category-bahia","category-educacao","tag-atividades-presenciais","tag-governador","tag-retorno-as-aulas"],"jetpack_publicize_connections":[],"jetpack_featured_media_url":"https:\/\/blogopara.com.br\/wp-content\/uploads\/2021\/05\/csm_rui_costa_reproducao_f4e9f6d75f.jpg","uagb_featured_image_src":{"full":["https:\/\/blogopara.com.br\/wp-content\/uploads\/2021\/05\/csm_rui_costa_reproducao_f4e9f6d75f.jpg",500,235,false],"thumbnail":["https:\/\/blogopara.com.br\/wp-content\/uploads\/2021\/05\/csm_rui_costa_reproducao_f4e9f6d75f-150x150.jpg",150,150,true],"medium":["https:\/\/blogopara.com.br\/wp-content\/uploads\/2021\/05\/csm_rui_costa_reproducao_f4e9f6d75f-300x141.jpg",300,141,true],"medium_large":["https:\/\/blogopara.com.br\/wp-content\/uploads\/2021\/05\/csm_rui_costa_reproducao_f4e9f6d75f.jpg",500,235,false],"large":["https:\/\/blogopara.com.br\/wp-content\/uploads\/2021\/05\/csm_rui_costa_reproducao_f4e9f6d75f.jpg",500,235,false],"1536x1536":["https:\/\/blogopara.com.br\/wp-content\/uploads\/2021\/05\/csm_rui_costa_reproducao_f4e9f6d75f.jpg",500,235,false],"2048x2048":["https:\/\/blogopara.com.br\/wp-content\/uploads\/2021\/05\/csm_rui_costa_reproducao_f4e9f6d75f.jpg",500,235,false],"mantranews-slider-large":["https:\/\/blogopara.com.br\/wp-content\/uploads\/2021\/05\/csm_rui_costa_reproducao_f4e9f6d75f.jpg",500,235,false],"mantranews-featured-medium":["https:\/\/blogopara.com.br\/wp-content\/uploads\/2021\/05\/csm_rui_costa_reproducao_f4e9f6d75f-420x235.jpg",420,235,true],"mantranews-featured-long":["https:\/\/blogopara.com.br\/wp-content\/uploads\/2021\/05\/csm_rui_costa_reproducao_f4e9f6d75f-300x235.jpg",300,235,true],"mantranews-block-medium":["https:\/\/blogopara.com.br\/wp-content\/uploads\/2021\/05\/csm_rui_costa_reproducao_f4e9f6d75f-464x235.jpg",464,235,true],"mantranews-carousel-image":["https:\/\/blogopara.com.br\/wp-content\/uploads\/2021\/05\/csm_rui_costa_reproducao_f4e9f6d75f.jpg",500,235,false],"mantranews-block-thumb":["https:\/\/blogopara.com.br\/wp-content\/uploads\/2021\/05\/csm_rui_costa_reproducao_f4e9f6d75f-322x230.jpg",322,230,true],"mantranews-single-large":["https:\/\/blogopara.com.br\/wp-content\/uploads\/2021\/05\/csm_rui_costa_reproducao_f4e9f6d75f.jpg",500,235,false]},"uagb_author_info":{"display_name":"Reda\u00e7\u00e3o geral","author_link":"https:\/\/blogopara.com.br\/index.php\/author\/blogopara"},"uagb_comment_info":0,"uagb_excerpt":"O governador Rui Costa (PT) confirmou, nesta ter\u00e7a-feira (13), durante coletiva, que a data de retorno das aulas presenciais no estado ser\u00e1 anunciada ainda hoje. O governador confirmou que a volta acontecer\u00e1 ainda no m\u00eas de julho, e lembrou que ser\u00e1 utilizado, no primeiro momento, o modelo h\u00edbrido de aula, alternando presencial e online. \u201cHoje&hellip;","jetpack_sharing_enabled":true,"jetpack_likes_enabled":true,"_links":{"self":[{"href":"https:\/\/blogopara.com.br\/index.php\/wp-json\/wp\/v2\/posts\/25708","targetHints":{"allow":["GET"]}}],"collection":[{"href":"https:\/\/blogopara.com.br\/index.php\/wp-json\/wp\/v2\/posts"}],"about":[{"href":"https:\/\/blogopara.com.br\/index.php\/wp-json\/wp\/v2\/types\/post"}],"author":[{"embeddable":true,"href":"https:\/\/blogopara.com.br\/index.php\/wp-json\/wp\/v2\/users\/1"}],"replies":[{"embeddable":true,"href":"https:\/\/blogopara.com.br\/index.php\/wp-json\/wp\/v2\/comments?post=25708"}],"version-history":[{"count":1,"href":"https:\/\/blogopara.com.br\/index.php\/wp-json\/wp\/v2\/posts\/25708\/revisions"}],"predecessor-version":[{"id":25709,"href":"https:\/\/blogopara.com.br\/index.php\/wp-json\/wp\/v2\/posts\/25708\/revisions\/25709"}],"wp:featuredmedia":[{"embeddable":true,"href":"https:\/\/blogopara.com.br\/index.php\/wp-json\/wp\/v2\/media\/23645"}],"wp:attachment":[{"href":"https:\/\/blogopara.com.br\/index.php\/wp-json\/wp\/v2\/media?parent=25708"}],"wp:term":[{"taxonomy":"category","embeddable":true,"href":"https:\/\/blogopara.com.br\/index.php\/wp-json\/wp\/v2\/categories?post=25708"},{"taxonomy":"post_tag","embeddable":true,"href":"https:\/\/blogopara.com.br\/index.php\/wp-json\/wp\/v2\/tags?post=25708"}],"curies":[{"name":"wp","href":"https:\/\/api.w.org\/{rel}","templated":true}]}}