{"id":25731,"date":"2021-07-13T08:34:00","date_gmt":"2021-07-13T11:34:00","guid":{"rendered":"https:\/\/blogopara.com.br\/?p=25731"},"modified":"2021-07-13T22:30:01","modified_gmt":"2021-07-14T01:30:01","slug":"allan-jones-assume-cargo-de-assessor-especial-da-prefeitura-de-juazeiro-ba","status":"publish","type":"post","link":"https:\/\/blogopara.com.br\/index.php\/2021\/07\/13\/allan-jones-assume-cargo-de-assessor-especial-da-prefeitura-de-juazeiro-ba","title":{"rendered":"Allan Jones assume cargo de Assessor Especial da Prefeitura de Juazeiro-BA"},"content":{"rendered":"<div id=\":qy\" class=\"ii gt\">\n<div id=\":qx\" class=\"a3s aiL \">\n<div dir=\"ltr\" style=\"text-align: justify;\">O m\u00e9dico e advogado, Allan Jones, foi nomeado, nesta ter\u00e7a-feira (13), como Assessor Especial de Gest\u00e3o da Prefeitura de Juazeiro. O ex-vereador aceitou o convite da prefeita, Suzana Ramos, e chega para fortalecer a rela\u00e7\u00e3o interinstitucional do Gabinete.<br \/><br \/>Allan, que se destacou em sua atua\u00e7\u00e3o como parlamentar na legislatura de 2017\/2020, traz em seu curr\u00edculo a desenvoltura e experi\u00eancia pol\u00edtica adquirida em toda sua vida p\u00fablica.<br \/><br \/>Com importantes projetos de lei aprovados e sancionados durante sua legislatura, al\u00e9m de realiza\u00e7\u00f5es de a\u00e7\u00f5es e projetos sociais, Allan Jones tamb\u00e9m se destacou como \u00a0um grande articulador da campanha vitoriosa da chapa Suzana e Leonardo, nas \u00faltimas elei\u00e7\u00f5es municipais em Juazeiro. Al\u00e9m disso, teve papel decisivo e importante na elei\u00e7\u00e3o do atual presidente da C\u00e2mara de Juazeiro, Berg da Carna\u00edba.<br \/><br \/>Jones, agora, passa a dar a sua contribui\u00e7\u00e3o na articula\u00e7\u00e3o pol\u00edtica e administrativa da Prefeitura Municipal. Com bom relacionamento junto aos vereadores e lideran\u00e7as pol\u00edticas do munic\u00edpio, chega para agregar.<br \/><br \/>\u201cEm conversa com a Prefeita Suzana decidi aceitar a miss\u00e3o da gest\u00e3o, dar minha contribui\u00e7\u00e3o como servidor de Juazeiro. Entro no governo para somar ao time liderado por essa mulher que vem sendo exemplo de dedica\u00e7\u00e3o e cuidado na cidade\u201d, disse Allan.<br \/>\n<div>\u00a0<\/div>\n<\/div>\n<\/div>\n<div class=\"yj6qo\" style=\"text-align: justify;\">\u00a0<\/div>\n<div id=\":qx\" class=\"a3s aiL \" style=\"text-align: justify;\">\n<div class=\"adL\">\n<div id=\":qy\" class=\"ii gt\">\n<div id=\":qx\" class=\"a3s aiL \">\n<div dir=\"ltr\">O m\u00e9dico e advogado, Allan Jones, foi nomeado, nesta ter\u00e7a-feira (13), como Assessor Especial de Gest\u00e3o da Prefeitura de Juazeiro. O ex-vereador aceitou o convite da prefeita, Suzana Ramos, e chega para fortalecer a rela\u00e7\u00e3o interinstitucional do Gabinete.<br \/><br \/>Allan, que se destacou em sua atua\u00e7\u00e3o como parlamentar na legislatura de 2017\/2020, traz em seu curr\u00edculo a desenvoltura e experi\u00eancia pol\u00edtica adquirida em toda sua vida p\u00fablica.<br \/><br \/>Com importantes projetos de lei aprovados e sancionados durante sua legislatura, al\u00e9m de realiza\u00e7\u00f5es de a\u00e7\u00f5es e projetos sociais, Allan Jones tamb\u00e9m se destacou como \u00a0um grande articulador da campanha vitoriosa da chapa Suzana e Leonardo, nas \u00faltimas elei\u00e7\u00f5es municipais em Juazeiro. Al\u00e9m disso, teve papel decisivo e importante na elei\u00e7\u00e3o do atual presidente da C\u00e2mara de Juazeiro, Berg da Carna\u00edba.<br \/><br \/>Jones, agora, passa a dar a sua contribui\u00e7\u00e3o na articula\u00e7\u00e3o pol\u00edtica e administrativa da Prefeitura Municipal. Com bom relacionamento junto aos vereadores e lideran\u00e7as pol\u00edticas do munic\u00edpio, chega para agregar.<br \/><br \/>\u201cEm conversa com a Prefeita Suzana decidi aceitar a miss\u00e3o da gest\u00e3o, dar minha contribui\u00e7\u00e3o como servidor de Juazeiro. Entro no governo para somar ao time liderado por essa mulher que vem sendo exemplo de dedica\u00e7\u00e3o e cuidado na cidade\u201d, disse Allan.<br \/>\n<div>\u00a0<\/div>\n<div>\u00a0<\/div>\n<\/div>\n<div class=\"yj6qo\">\u00a0<\/div>\n<div class=\"adL\">Assessoria Allan Jones<\/div>\n<\/div>\n<\/div>\n<div id=\":q1\" class=\"hq gt\">\u00a0<\/div>\n<\/div>\n<\/div>\n<\/div>\n<div id=\":q1\" class=\"hq gt\" style=\"text-align: justify;\">\u00a0<\/div>\n\n\n<p><\/p>\n","protected":false},"excerpt":{"rendered":"<p>O m\u00e9dico e advogado, Allan Jones, foi nomeado, nesta ter\u00e7a-feira (13), como Assessor Especial de Gest\u00e3o da Prefeitura de Juazeiro. O ex-vereador aceitou o convite da prefeita, Suzana Ramos, e chega para fortalecer a rela\u00e7\u00e3o interinstitucional do Gabinete. Allan, que se destacou em sua atua\u00e7\u00e3o como parlamentar na legislatura de 2017\/2020, traz em seu curr\u00edculo [&hellip;]<\/p>\n","protected":false},"author":1,"featured_media":25732,"comment_status":"closed","ping_status":"open","sticky":false,"template":"","format":"standard","meta":{"_uag_custom_page_level_css":"","_monsterinsights_skip_tracking":false,"_monsterinsights_sitenote_active":false,"_monsterinsights_sitenote_note":"","_monsterinsights_sitenote_category":0,"jetpack_post_was_ever_published":false,"_jetpack_newsletter_access":"","_jetpack_dont_email_post_to_subs":false,"_jetpack_newsletter_tier_id":0,"_jetpack_memberships_contains_paywalled_content":false,"_jetpack_memberships_contains_paid_content":false,"footnotes":"","jetpack_publicize_message":"","jetpack_publicize_feature_enabled":true,"jetpack_social_post_already_shared":true,"jetpack_social_options":{"image_generator_settings":{"template":"highway","default_image_id":0,"font":"","enabled":false},"version":2}},"categories":[203],"tags":[595,4072,340,4073],"class_list":["post-25731","post","type-post","status-publish","format-standard","has-post-thumbnail","hentry","category-juazeiro","tag-allan-jones","tag-cargo-de-assessor","tag-prefeitura-de-juazeiro","tag-susana-ramos"],"jetpack_publicize_connections":[],"jetpack_featured_media_url":"https:\/\/blogopara.com.br\/wp-content\/uploads\/2021\/07\/Allan-Jones-e-Suzana-Ramos.jpeg","uagb_featured_image_src":{"full":["https:\/\/blogopara.com.br\/wp-content\/uploads\/2021\/07\/Allan-Jones-e-Suzana-Ramos.jpeg",500,500,false],"thumbnail":["https:\/\/blogopara.com.br\/wp-content\/uploads\/2021\/07\/Allan-Jones-e-Suzana-Ramos-150x150.jpeg",150,150,true],"medium":["https:\/\/blogopara.com.br\/wp-content\/uploads\/2021\/07\/Allan-Jones-e-Suzana-Ramos-300x300.jpeg",300,300,true],"medium_large":["https:\/\/blogopara.com.br\/wp-content\/uploads\/2021\/07\/Allan-Jones-e-Suzana-Ramos.jpeg",500,500,false],"large":["https:\/\/blogopara.com.br\/wp-content\/uploads\/2021\/07\/Allan-Jones-e-Suzana-Ramos.jpeg",500,500,false],"1536x1536":["https:\/\/blogopara.com.br\/wp-content\/uploads\/2021\/07\/Allan-Jones-e-Suzana-Ramos.jpeg",500,500,false],"2048x2048":["https:\/\/blogopara.com.br\/wp-content\/uploads\/2021\/07\/Allan-Jones-e-Suzana-Ramos.jpeg",500,500,false],"mantranews-slider-large":["https:\/\/blogopara.com.br\/wp-content\/uploads\/2021\/07\/Allan-Jones-e-Suzana-Ramos.jpeg",500,500,false],"mantranews-featured-medium":["https:\/\/blogopara.com.br\/wp-content\/uploads\/2021\/07\/Allan-Jones-e-Suzana-Ramos-420x307.jpeg",420,307,true],"mantranews-featured-long":["https:\/\/blogopara.com.br\/wp-content\/uploads\/2021\/07\/Allan-Jones-e-Suzana-Ramos-300x443.jpeg",300,443,true],"mantranews-block-medium":["https:\/\/blogopara.com.br\/wp-content\/uploads\/2021\/07\/Allan-Jones-e-Suzana-Ramos-464x290.jpeg",464,290,true],"mantranews-carousel-image":["https:\/\/blogopara.com.br\/wp-content\/uploads\/2021\/07\/Allan-Jones-e-Suzana-Ramos.jpeg",500,500,false],"mantranews-block-thumb":["https:\/\/blogopara.com.br\/wp-content\/uploads\/2021\/07\/Allan-Jones-e-Suzana-Ramos-322x230.jpeg",322,230,true],"mantranews-single-large":["https:\/\/blogopara.com.br\/wp-content\/uploads\/2021\/07\/Allan-Jones-e-Suzana-Ramos.jpeg",500,500,false]},"uagb_author_info":{"display_name":"Reda\u00e7\u00e3o geral","author_link":"https:\/\/blogopara.com.br\/index.php\/author\/blogopara"},"uagb_comment_info":0,"uagb_excerpt":"O m\u00e9dico e advogado, Allan Jones, foi nomeado, nesta ter\u00e7a-feira (13), como Assessor Especial de Gest\u00e3o da Prefeitura de Juazeiro. O ex-vereador aceitou o convite da prefeita, Suzana Ramos, e chega para fortalecer a rela\u00e7\u00e3o interinstitucional do Gabinete. Allan, que se destacou em sua atua\u00e7\u00e3o como parlamentar na legislatura de 2017\/2020, traz em seu curr\u00edculo&hellip;","jetpack_sharing_enabled":true,"jetpack_likes_enabled":true,"_links":{"self":[{"href":"https:\/\/blogopara.com.br\/index.php\/wp-json\/wp\/v2\/posts\/25731","targetHints":{"allow":["GET"]}}],"collection":[{"href":"https:\/\/blogopara.com.br\/index.php\/wp-json\/wp\/v2\/posts"}],"about":[{"href":"https:\/\/blogopara.com.br\/index.php\/wp-json\/wp\/v2\/types\/post"}],"author":[{"embeddable":true,"href":"https:\/\/blogopara.com.br\/index.php\/wp-json\/wp\/v2\/users\/1"}],"replies":[{"embeddable":true,"href":"https:\/\/blogopara.com.br\/index.php\/wp-json\/wp\/v2\/comments?post=25731"}],"version-history":[{"count":1,"href":"https:\/\/blogopara.com.br\/index.php\/wp-json\/wp\/v2\/posts\/25731\/revisions"}],"predecessor-version":[{"id":25733,"href":"https:\/\/blogopara.com.br\/index.php\/wp-json\/wp\/v2\/posts\/25731\/revisions\/25733"}],"wp:featuredmedia":[{"embeddable":true,"href":"https:\/\/blogopara.com.br\/index.php\/wp-json\/wp\/v2\/media\/25732"}],"wp:attachment":[{"href":"https:\/\/blogopara.com.br\/index.php\/wp-json\/wp\/v2\/media?parent=25731"}],"wp:term":[{"taxonomy":"category","embeddable":true,"href":"https:\/\/blogopara.com.br\/index.php\/wp-json\/wp\/v2\/categories?post=25731"},{"taxonomy":"post_tag","embeddable":true,"href":"https:\/\/blogopara.com.br\/index.php\/wp-json\/wp\/v2\/tags?post=25731"}],"curies":[{"name":"wp","href":"https:\/\/api.w.org\/{rel}","templated":true}]}}