{"id":25900,"date":"2021-07-18T08:40:00","date_gmt":"2021-07-18T11:40:00","guid":{"rendered":"https:\/\/blogopara.com.br\/?p=25900"},"modified":"2021-07-17T20:50:24","modified_gmt":"2021-07-17T23:50:24","slug":"bolsonaro-apresenta-melhora-e-tera-alta-neste-domingo-diz-medico-do-presidente","status":"publish","type":"post","link":"https:\/\/blogopara.com.br\/index.php\/2021\/07\/18\/bolsonaro-apresenta-melhora-e-tera-alta-neste-domingo-diz-medico-do-presidente","title":{"rendered":"Bolsonaro apresenta melhora e ter\u00e1 alta neste domingo, diz m\u00e9dico do presidente"},"content":{"rendered":"<p style=\"text-align: justify;\">O presidente da Rep\u00fablica, Jair Bolsonaro, continua evoluindo satisfatoriamente neste s\u00e1bado (17),&nbsp;segundo novo boletim m\u00e9dico, e deve ter alta neste domingo (18).&nbsp;<\/p>\n<p style=\"text-align: justify;\">Na \u00faltima&nbsp;quarta-feira (14), Bolsonaro deu entrada pela manh\u00e3 no Hospital das For\u00e7as Armadas, em Bras\u00edlia, com uma crise persistente de solu\u00e7o e mal-estar. Exames indicaram um quadro de obstru\u00e7\u00e3o intestinal. Por decis\u00e3o do cirurgi\u00e3o Antonio Luiz Macedo, respons\u00e1vel pelas cirurgias no abd\u00f4men do presidente, Bolsonaro foi transferido para S\u00e3o Paulo, onde est\u00e1 internado&nbsp;no Hospital Vila Nova Star.<\/p>\n<p style=\"text-align: justify;\">Na tarde de&nbsp;sexta-feira (16), o presidente fez um&nbsp;exame de tomografia computadorizada do abd\u00f4men e o resultado indicou uma melhora do quadro de suboclus\u00e3o.<\/p>\n<p style=\"text-align: justify;\">Depois da retirada da sonda nasog\u00e1strica, Bolsonaro iniciou a&nbsp;retomada a alimenta\u00e7\u00e3o oral na sexta e, de acordo com o m\u00e9dico Ant\u00f4nio Macedo, respons\u00e1vel pelo tratamento, o chefe do Executivo ter\u00e1 alta do hospital&nbsp;neste domingo (18).<\/p>\n<p>Por: BNews<\/p>\n","protected":false},"excerpt":{"rendered":"<p>O presidente da Rep\u00fablica, Jair Bolsonaro, continua evoluindo satisfatoriamente neste s\u00e1bado (17),&nbsp;segundo novo boletim m\u00e9dico, e deve ter alta neste domingo (18).&nbsp; Na \u00faltima&nbsp;quarta-feira (14), Bolsonaro deu entrada pela manh\u00e3 no Hospital das For\u00e7as Armadas, em Bras\u00edlia, com uma crise persistente de solu\u00e7o e mal-estar. Exames indicaram um quadro de obstru\u00e7\u00e3o intestinal. Por decis\u00e3o do [&hellip;]<\/p>\n","protected":false},"author":1,"featured_media":25901,"comment_status":"closed","ping_status":"open","sticky":false,"template":"","format":"standard","meta":{"_uag_custom_page_level_css":"","_monsterinsights_skip_tracking":false,"_monsterinsights_sitenote_active":false,"_monsterinsights_sitenote_note":"","_monsterinsights_sitenote_category":0,"jetpack_post_was_ever_published":false,"_jetpack_newsletter_access":"","_jetpack_dont_email_post_to_subs":false,"_jetpack_newsletter_tier_id":0,"_jetpack_memberships_contains_paywalled_content":false,"_jetpack_memberships_contains_paid_content":false,"footnotes":"","jetpack_publicize_message":"","jetpack_publicize_feature_enabled":true,"jetpack_social_post_already_shared":true,"jetpack_social_options":{"image_generator_settings":{"template":"highway","default_image_id":0,"font":"","enabled":false},"version":2}},"categories":[200],"tags":[4137,4138,21,4136],"class_list":["post-25900","post","type-post","status-publish","format-standard","has-post-thumbnail","hentry","category-brasil","tag-alta","tag-boletim-medico","tag-bolsonaro","tag-melhora"],"jetpack_publicize_connections":[],"jetpack_featured_media_url":"https:\/\/blogopara.com.br\/wp-content\/uploads\/2021\/07\/314796-IMAGEM_NOTICIA_0-1.jpg","uagb_featured_image_src":{"full":["https:\/\/blogopara.com.br\/wp-content\/uploads\/2021\/07\/314796-IMAGEM_NOTICIA_0-1.jpg",500,246,false],"thumbnail":["https:\/\/blogopara.com.br\/wp-content\/uploads\/2021\/07\/314796-IMAGEM_NOTICIA_0-1-150x150.jpg",150,150,true],"medium":["https:\/\/blogopara.com.br\/wp-content\/uploads\/2021\/07\/314796-IMAGEM_NOTICIA_0-1-300x148.jpg",300,148,true],"medium_large":["https:\/\/blogopara.com.br\/wp-content\/uploads\/2021\/07\/314796-IMAGEM_NOTICIA_0-1.jpg",500,246,false],"large":["https:\/\/blogopara.com.br\/wp-content\/uploads\/2021\/07\/314796-IMAGEM_NOTICIA_0-1.jpg",500,246,false],"1536x1536":["https:\/\/blogopara.com.br\/wp-content\/uploads\/2021\/07\/314796-IMAGEM_NOTICIA_0-1.jpg",500,246,false],"2048x2048":["https:\/\/blogopara.com.br\/wp-content\/uploads\/2021\/07\/314796-IMAGEM_NOTICIA_0-1.jpg",500,246,false],"mantranews-slider-large":["https:\/\/blogopara.com.br\/wp-content\/uploads\/2021\/07\/314796-IMAGEM_NOTICIA_0-1.jpg",500,246,false],"mantranews-featured-medium":["https:\/\/blogopara.com.br\/wp-content\/uploads\/2021\/07\/314796-IMAGEM_NOTICIA_0-1-420x246.jpg",420,246,true],"mantranews-featured-long":["https:\/\/blogopara.com.br\/wp-content\/uploads\/2021\/07\/314796-IMAGEM_NOTICIA_0-1-300x246.jpg",300,246,true],"mantranews-block-medium":["https:\/\/blogopara.com.br\/wp-content\/uploads\/2021\/07\/314796-IMAGEM_NOTICIA_0-1-464x246.jpg",464,246,true],"mantranews-carousel-image":["https:\/\/blogopara.com.br\/wp-content\/uploads\/2021\/07\/314796-IMAGEM_NOTICIA_0-1.jpg",500,246,false],"mantranews-block-thumb":["https:\/\/blogopara.com.br\/wp-content\/uploads\/2021\/07\/314796-IMAGEM_NOTICIA_0-1-322x230.jpg",322,230,true],"mantranews-single-large":["https:\/\/blogopara.com.br\/wp-content\/uploads\/2021\/07\/314796-IMAGEM_NOTICIA_0-1.jpg",500,246,false]},"uagb_author_info":{"display_name":"Reda\u00e7\u00e3o geral","author_link":"https:\/\/blogopara.com.br\/index.php\/author\/blogopara"},"uagb_comment_info":0,"uagb_excerpt":"O presidente da Rep\u00fablica, Jair Bolsonaro, continua evoluindo satisfatoriamente neste s\u00e1bado (17),&nbsp;segundo novo boletim m\u00e9dico, e deve ter alta neste domingo (18).&nbsp; Na \u00faltima&nbsp;quarta-feira (14), Bolsonaro deu entrada pela manh\u00e3 no Hospital das For\u00e7as Armadas, em Bras\u00edlia, com uma crise persistente de solu\u00e7o e mal-estar. Exames indicaram um quadro de obstru\u00e7\u00e3o intestinal. Por decis\u00e3o do&hellip;","jetpack_sharing_enabled":true,"jetpack_likes_enabled":true,"_links":{"self":[{"href":"https:\/\/blogopara.com.br\/index.php\/wp-json\/wp\/v2\/posts\/25900","targetHints":{"allow":["GET"]}}],"collection":[{"href":"https:\/\/blogopara.com.br\/index.php\/wp-json\/wp\/v2\/posts"}],"about":[{"href":"https:\/\/blogopara.com.br\/index.php\/wp-json\/wp\/v2\/types\/post"}],"author":[{"embeddable":true,"href":"https:\/\/blogopara.com.br\/index.php\/wp-json\/wp\/v2\/users\/1"}],"replies":[{"embeddable":true,"href":"https:\/\/blogopara.com.br\/index.php\/wp-json\/wp\/v2\/comments?post=25900"}],"version-history":[{"count":2,"href":"https:\/\/blogopara.com.br\/index.php\/wp-json\/wp\/v2\/posts\/25900\/revisions"}],"predecessor-version":[{"id":25904,"href":"https:\/\/blogopara.com.br\/index.php\/wp-json\/wp\/v2\/posts\/25900\/revisions\/25904"}],"wp:featuredmedia":[{"embeddable":true,"href":"https:\/\/blogopara.com.br\/index.php\/wp-json\/wp\/v2\/media\/25901"}],"wp:attachment":[{"href":"https:\/\/blogopara.com.br\/index.php\/wp-json\/wp\/v2\/media?parent=25900"}],"wp:term":[{"taxonomy":"category","embeddable":true,"href":"https:\/\/blogopara.com.br\/index.php\/wp-json\/wp\/v2\/categories?post=25900"},{"taxonomy":"post_tag","embeddable":true,"href":"https:\/\/blogopara.com.br\/index.php\/wp-json\/wp\/v2\/tags?post=25900"}],"curies":[{"name":"wp","href":"https:\/\/api.w.org\/{rel}","templated":true}]}}