{"id":25971,"date":"2021-07-20T07:42:00","date_gmt":"2021-07-20T10:42:00","guid":{"rendered":"https:\/\/blogopara.com.br\/?p=25971"},"modified":"2021-07-19T19:56:31","modified_gmt":"2021-07-19T22:56:31","slug":"responsavel-por-diversos-ataques-a-banco-na-bahia-em-2021-e-preso","status":"publish","type":"post","link":"https:\/\/blogopara.com.br\/index.php\/2021\/07\/20\/responsavel-por-diversos-ataques-a-banco-na-bahia-em-2021-e-preso","title":{"rendered":"Respons\u00e1vel por diversos ataques a banco na Bahia em 2021 \u00e9 preso"},"content":{"rendered":"<div class=\"td_block_wrap tdb_single_content tdi_85 td-pb-border-top td_block_template_8 td-post-content tagdiv-type\" data-td-block-uid=\"tdi_85\">\n<div class=\"tdb-block-inner td-fix-index\">\n<p style=\"text-align: justify;\">Considerado o maior comparsa de um dos principais l\u00edderes de uma organiza\u00e7\u00e3o criminosa respons\u00e1vel por roubos a institui\u00e7\u00f5es financeiras na Bahia, foi preso nesta segunda-feira (19), com o apoio do Departamento de Repress\u00e3o e Combate ao Crime Organizado (DRACO), pela Pol\u00edcia Rodovi\u00e1ria Federal (PRF), na capital paraibana de Campina Grande.<\/p>\n<div class=\"td-a-ad id_inline_ad0 id_ad_content-horiz-center\" style=\"text-align: justify;\">\n<div class=\"a-single a-21\"><span style=\"font-size: inherit;\">Ele foi abordado em um ve\u00edculo modelo Volkswagen Jetta quando se dirigia para a capital Jo\u00e3o Pessoa. \u201cFoi uma a\u00e7\u00e3o de interag\u00eancias entre as for\u00e7as policiais, resultando na abordagem e na pris\u00e3o do criminoso\u201d, disse o diretor do Draco, delegado Jos\u00e9 Bezerra.<\/span><\/div>\n<\/div>\n<p style=\"text-align: justify;\">O preso \u00e9 respons\u00e1vel pela autoria de v\u00e1rios crimes neste ano de 2021. \u201cMedidas j\u00e1 est\u00e3o sendo adotadas para o fim de recambiar o preso para o Estado da Bahia\u201d, finalizou Bezerra.<\/p>\n<\/div>\n<\/div>\n<p>Fonte: Informe Baiano<\/p>\n<div class=\"vc_row_inner tdi_87  vc_row vc_inner wpb_row td-pb-row\" style=\"text-align: justify;\">\n<div class=\"vc_column_inner tdi_89  wpb_column vc_column_container tdc-inner-column td-pb-span12\">\n<div class=\"vc_column-inner\">\n<div class=\"td-block td-a-rec td-a-rec-id-custom-spot tdi_90 td_block_template_8\"><\/div>\n<\/div>\n<\/div>\n<\/div>\n<div class=\"vc_row_inner tdi_92  vc_row vc_inner wpb_row td-pb-row\">\n<div class=\"vc_column_inner tdi_94  wpb_column vc_column_container tdc-inner-column td-pb-span12\">\n<div class=\"vc_column-inner\">\n<div class=\"wpb_wrapper\">\n<div class=\"td_block_wrap td_flex_block_1 tdi_95 td_with_ajax_pagination td-pb-border-top td_block_template_8 td_flex_block\" data-td-block-uid=\"tdi_95\">\n<div class=\"td-block-title-wrap\" style=\"text-align: justify;\"><\/div>\n<\/div>\n<\/div>\n<\/div>\n<\/div>\n<\/div>\n","protected":false},"excerpt":{"rendered":"<p>Considerado o maior comparsa de um dos principais l\u00edderes de uma organiza\u00e7\u00e3o criminosa respons\u00e1vel por roubos a institui\u00e7\u00f5es financeiras na Bahia, foi preso nesta segunda-feira (19), com o apoio do Departamento de Repress\u00e3o e Combate ao Crime Organizado (DRACO), pela Pol\u00edcia Rodovi\u00e1ria Federal (PRF), na capital paraibana de Campina Grande. Ele foi abordado em um [&hellip;]<\/p>\n","protected":false},"author":1,"featured_media":25972,"comment_status":"closed","ping_status":"open","sticky":false,"template":"","format":"standard","meta":{"_uag_custom_page_level_css":"","_monsterinsights_skip_tracking":false,"_monsterinsights_sitenote_active":false,"_monsterinsights_sitenote_note":"","_monsterinsights_sitenote_category":0,"jetpack_post_was_ever_published":false,"_jetpack_newsletter_access":"","_jetpack_dont_email_post_to_subs":false,"_jetpack_newsletter_tier_id":0,"_jetpack_memberships_contains_paywalled_content":false,"_jetpack_memberships_contains_paid_content":false,"footnotes":"","jetpack_publicize_message":"","jetpack_publicize_feature_enabled":true,"jetpack_social_post_already_shared":true,"jetpack_social_options":{"image_generator_settings":{"template":"highway","default_image_id":0,"font":"","enabled":false},"version":2}},"categories":[199],"tags":[11,944,4174,4173],"class_list":["post-25971","post","type-post","status-publish","format-standard","has-post-thumbnail","hentry","category-bahia","tag-bahia","tag-banco","tag-diversos-ataques","tag-responsavel"],"jetpack_publicize_connections":[],"jetpack_featured_media_url":"https:\/\/blogopara.com.br\/wp-content\/uploads\/2021\/07\/IMG-20210719-WA0237-696x464-1.jpg","uagb_featured_image_src":{"full":["https:\/\/blogopara.com.br\/wp-content\/uploads\/2021\/07\/IMG-20210719-WA0237-696x464-1.jpg",500,333,false],"thumbnail":["https:\/\/blogopara.com.br\/wp-content\/uploads\/2021\/07\/IMG-20210719-WA0237-696x464-1-150x150.jpg",150,150,true],"medium":["https:\/\/blogopara.com.br\/wp-content\/uploads\/2021\/07\/IMG-20210719-WA0237-696x464-1-300x200.jpg",300,200,true],"medium_large":["https:\/\/blogopara.com.br\/wp-content\/uploads\/2021\/07\/IMG-20210719-WA0237-696x464-1.jpg",500,333,false],"large":["https:\/\/blogopara.com.br\/wp-content\/uploads\/2021\/07\/IMG-20210719-WA0237-696x464-1.jpg",500,333,false],"1536x1536":["https:\/\/blogopara.com.br\/wp-content\/uploads\/2021\/07\/IMG-20210719-WA0237-696x464-1.jpg",500,333,false],"2048x2048":["https:\/\/blogopara.com.br\/wp-content\/uploads\/2021\/07\/IMG-20210719-WA0237-696x464-1.jpg",500,333,false],"mantranews-slider-large":["https:\/\/blogopara.com.br\/wp-content\/uploads\/2021\/07\/IMG-20210719-WA0237-696x464-1.jpg",500,333,false],"mantranews-featured-medium":["https:\/\/blogopara.com.br\/wp-content\/uploads\/2021\/07\/IMG-20210719-WA0237-696x464-1-420x307.jpg",420,307,true],"mantranews-featured-long":["https:\/\/blogopara.com.br\/wp-content\/uploads\/2021\/07\/IMG-20210719-WA0237-696x464-1-300x333.jpg",300,333,true],"mantranews-block-medium":["https:\/\/blogopara.com.br\/wp-content\/uploads\/2021\/07\/IMG-20210719-WA0237-696x464-1-464x290.jpg",464,290,true],"mantranews-carousel-image":["https:\/\/blogopara.com.br\/wp-content\/uploads\/2021\/07\/IMG-20210719-WA0237-696x464-1.jpg",500,333,false],"mantranews-block-thumb":["https:\/\/blogopara.com.br\/wp-content\/uploads\/2021\/07\/IMG-20210719-WA0237-696x464-1-322x230.jpg",322,230,true],"mantranews-single-large":["https:\/\/blogopara.com.br\/wp-content\/uploads\/2021\/07\/IMG-20210719-WA0237-696x464-1.jpg",500,333,false]},"uagb_author_info":{"display_name":"Reda\u00e7\u00e3o geral","author_link":"https:\/\/blogopara.com.br\/index.php\/author\/blogopara"},"uagb_comment_info":0,"uagb_excerpt":"Considerado o maior comparsa de um dos principais l\u00edderes de uma organiza\u00e7\u00e3o criminosa respons\u00e1vel por roubos a institui\u00e7\u00f5es financeiras na Bahia, foi preso nesta segunda-feira (19), com o apoio do Departamento de Repress\u00e3o e Combate ao Crime Organizado (DRACO), pela Pol\u00edcia Rodovi\u00e1ria Federal (PRF), na capital paraibana de Campina Grande. Ele foi abordado em um&hellip;","jetpack_sharing_enabled":true,"jetpack_likes_enabled":true,"_links":{"self":[{"href":"https:\/\/blogopara.com.br\/index.php\/wp-json\/wp\/v2\/posts\/25971","targetHints":{"allow":["GET"]}}],"collection":[{"href":"https:\/\/blogopara.com.br\/index.php\/wp-json\/wp\/v2\/posts"}],"about":[{"href":"https:\/\/blogopara.com.br\/index.php\/wp-json\/wp\/v2\/types\/post"}],"author":[{"embeddable":true,"href":"https:\/\/blogopara.com.br\/index.php\/wp-json\/wp\/v2\/users\/1"}],"replies":[{"embeddable":true,"href":"https:\/\/blogopara.com.br\/index.php\/wp-json\/wp\/v2\/comments?post=25971"}],"version-history":[{"count":1,"href":"https:\/\/blogopara.com.br\/index.php\/wp-json\/wp\/v2\/posts\/25971\/revisions"}],"predecessor-version":[{"id":25973,"href":"https:\/\/blogopara.com.br\/index.php\/wp-json\/wp\/v2\/posts\/25971\/revisions\/25973"}],"wp:featuredmedia":[{"embeddable":true,"href":"https:\/\/blogopara.com.br\/index.php\/wp-json\/wp\/v2\/media\/25972"}],"wp:attachment":[{"href":"https:\/\/blogopara.com.br\/index.php\/wp-json\/wp\/v2\/media?parent=25971"}],"wp:term":[{"taxonomy":"category","embeddable":true,"href":"https:\/\/blogopara.com.br\/index.php\/wp-json\/wp\/v2\/categories?post=25971"},{"taxonomy":"post_tag","embeddable":true,"href":"https:\/\/blogopara.com.br\/index.php\/wp-json\/wp\/v2\/tags?post=25971"}],"curies":[{"name":"wp","href":"https:\/\/api.w.org\/{rel}","templated":true}]}}