{"id":26009,"date":"2021-07-24T08:55:00","date_gmt":"2021-07-24T11:55:00","guid":{"rendered":"https:\/\/blogopara.com.br\/?p=26009"},"modified":"2021-07-21T14:19:54","modified_gmt":"2021-07-21T17:19:54","slug":"juazeiro-vereador-e-suspeito-de-comandar-milicia-virtual-para-atacar-opositores-e-blogs-com-fake-news","status":"publish","type":"post","link":"https:\/\/blogopara.com.br\/index.php\/2021\/07\/24\/juazeiro-vereador-e-suspeito-de-comandar-milicia-virtual-para-atacar-opositores-e-blogs-com-fake-news","title":{"rendered":"Juazeiro: Vereador \u00e9 suspeito de comandar mil\u00edcia virtual para atacar opositores e blogs com fake news"},"content":{"rendered":"<p style=\"text-align: justify;\">Ap\u00f3s alguns meses de investiga\u00e7\u00e3o, um advogado de Juazeiro, que foi v\u00edtima de ataques nas redes sociais, est\u00e1 protocolando na justi\u00e7a uma queixa-crime contra um vereador de oposi\u00e7\u00e3o e um grupo de pessoas que utilizaram do anonimato para denegrir e atacar autoridades municipais, blogs e servidores p\u00fablicos.<\/p>\n<p style=\"text-align: justify;\">&#8220;N\u00f3s temos em Juazeiro hoje uma mil\u00edcia organizada nas redes sociais, e n\u00f3s temos que compreender a quem essa mil\u00edcia serve a um determinado grupo pol\u00edtico&#8221;, disse o advogado que prefere manter o sigilo da sua identidade. &#8220;Ela obviamente \u00e9 articulada, ela tem investimento, utiliza rob\u00f4s, e ela persegue opini\u00f5es que ela n\u00e3o concorda. Isso n\u00e3o \u00e9 bom para o debate p\u00fablico, isso busca prejudicar a imagem das pessoas, da prefeita e de servidores&#8221;, afirmou o advogado.<\/p>\n<p style=\"text-align: justify;\">O blog teve acesso a farta documenta\u00e7\u00e3o que comp\u00f5e a pe\u00e7a denunciat\u00f3ria, \u00e9 percept\u00edvel que o modos operandis do grupo era sempre o mesmo, quando um membro da mil\u00edcia compartilha nas redes sociais alguma acusa\u00e7\u00e3o ou suposta den\u00fancia, os demais se encarregavam de estimular o debate, fomentando em outras pessoas um posicionamento negativo sobre a postagem.<\/p>\n<p style=\"text-align: justify;\">Segundo o advogado, um vereador de oposi\u00e7\u00e3o comanda diretamente as a\u00e7\u00f5es, financia e compartilha os fakes news contra os opositores, alguns blogs e apoiadores da prefeita Suzana Ramos (PSDB).<\/p>\n<p style=\"text-align: justify;\">Ainda segundo o advogado, n\u00e3o se trata de um grupo de &#8220;malucos&#8221;. H\u00e1 sim, uma organiza\u00e7\u00e3o por tr\u00e1s disso, que ataca inclusive a imprensa. S\u00e3o acusa\u00e7\u00f5es covardes de pessoas que se escondem por tr\u00e1s de um computador, do aplicativo de whatsapp,\u00a0 e terminam cometendo crimes,\u00a0 com o objetivo derrubar funcion\u00e1rios, destruir reputa\u00e7\u00f5es e promover linchamentos virtuais.<\/p>\n<p style=\"text-align: justify;\">O &#8220;Gabinete do \u00f3dio&#8221; de Juazeiro \u00e9 formado por empres\u00e1rios, pol\u00edticos, profissionais aut\u00f4nomos, servidores p\u00fablicos. As a\u00e7\u00f5es do grupo s\u00e3o reflexos do resultado das \u00faltimas elei\u00e7\u00f5es municipais.<\/p>\n<p style=\"text-align: justify;\">Todo material vai ser tamb\u00e9m encaminhado para o Minist\u00e9rio P\u00fablico Estadual.<\/p>\n<p style=\"text-align: justify;\">\u00a0<\/p>\n\n\n<p><\/p>\n","protected":false},"excerpt":{"rendered":"<p>Ap\u00f3s alguns meses de investiga\u00e7\u00e3o, um advogado de Juazeiro, que foi v\u00edtima de ataques nas redes sociais, est\u00e1 protocolando na justi\u00e7a uma queixa-crime contra um vereador de oposi\u00e7\u00e3o e um grupo de pessoas que utilizaram do anonimato para denegrir e atacar autoridades municipais, blogs e servidores p\u00fablicos. &#8220;N\u00f3s temos em Juazeiro hoje uma mil\u00edcia organizada [&hellip;]<\/p>\n","protected":false},"author":1,"featured_media":26026,"comment_status":"open","ping_status":"open","sticky":false,"template":"","format":"standard","meta":{"_uag_custom_page_level_css":"","_monsterinsights_skip_tracking":false,"_monsterinsights_sitenote_active":false,"_monsterinsights_sitenote_note":"","_monsterinsights_sitenote_category":0,"jetpack_post_was_ever_published":false,"_jetpack_newsletter_access":"","_jetpack_dont_email_post_to_subs":false,"_jetpack_newsletter_tier_id":0,"_jetpack_memberships_contains_paywalled_content":false,"_jetpack_memberships_contains_paid_content":false,"footnotes":"","jetpack_publicize_message":"","jetpack_publicize_feature_enabled":true,"jetpack_social_post_already_shared":true,"jetpack_social_options":{"image_generator_settings":{"template":"highway","default_image_id":0,"font":"","enabled":false},"version":2}},"categories":[203],"tags":[],"class_list":["post-26009","post","type-post","status-publish","format-standard","has-post-thumbnail","hentry","category-juazeiro"],"jetpack_publicize_connections":[],"jetpack_featured_media_url":"https:\/\/blogopara.com.br\/wp-content\/uploads\/2021\/07\/Rosa-e-Branco-Estrada-para-a-Paternidade-Eventos-e-Interesse-Especifico-Apresentacao-5.jpg","uagb_featured_image_src":{"full":["https:\/\/blogopara.com.br\/wp-content\/uploads\/2021\/07\/Rosa-e-Branco-Estrada-para-a-Paternidade-Eventos-e-Interesse-Especifico-Apresentacao-5.jpg",500,281,false],"thumbnail":["https:\/\/blogopara.com.br\/wp-content\/uploads\/2021\/07\/Rosa-e-Branco-Estrada-para-a-Paternidade-Eventos-e-Interesse-Especifico-Apresentacao-5-150x150.jpg",150,150,true],"medium":["https:\/\/blogopara.com.br\/wp-content\/uploads\/2021\/07\/Rosa-e-Branco-Estrada-para-a-Paternidade-Eventos-e-Interesse-Especifico-Apresentacao-5-300x169.jpg",300,169,true],"medium_large":["https:\/\/blogopara.com.br\/wp-content\/uploads\/2021\/07\/Rosa-e-Branco-Estrada-para-a-Paternidade-Eventos-e-Interesse-Especifico-Apresentacao-5.jpg",500,281,false],"large":["https:\/\/blogopara.com.br\/wp-content\/uploads\/2021\/07\/Rosa-e-Branco-Estrada-para-a-Paternidade-Eventos-e-Interesse-Especifico-Apresentacao-5.jpg",500,281,false],"1536x1536":["https:\/\/blogopara.com.br\/wp-content\/uploads\/2021\/07\/Rosa-e-Branco-Estrada-para-a-Paternidade-Eventos-e-Interesse-Especifico-Apresentacao-5.jpg",500,281,false],"2048x2048":["https:\/\/blogopara.com.br\/wp-content\/uploads\/2021\/07\/Rosa-e-Branco-Estrada-para-a-Paternidade-Eventos-e-Interesse-Especifico-Apresentacao-5.jpg",500,281,false],"mantranews-slider-large":["https:\/\/blogopara.com.br\/wp-content\/uploads\/2021\/07\/Rosa-e-Branco-Estrada-para-a-Paternidade-Eventos-e-Interesse-Especifico-Apresentacao-5.jpg",500,281,false],"mantranews-featured-medium":["https:\/\/blogopara.com.br\/wp-content\/uploads\/2021\/07\/Rosa-e-Branco-Estrada-para-a-Paternidade-Eventos-e-Interesse-Especifico-Apresentacao-5-420x281.jpg",420,281,true],"mantranews-featured-long":["https:\/\/blogopara.com.br\/wp-content\/uploads\/2021\/07\/Rosa-e-Branco-Estrada-para-a-Paternidade-Eventos-e-Interesse-Especifico-Apresentacao-5-300x281.jpg",300,281,true],"mantranews-block-medium":["https:\/\/blogopara.com.br\/wp-content\/uploads\/2021\/07\/Rosa-e-Branco-Estrada-para-a-Paternidade-Eventos-e-Interesse-Especifico-Apresentacao-5-464x281.jpg",464,281,true],"mantranews-carousel-image":["https:\/\/blogopara.com.br\/wp-content\/uploads\/2021\/07\/Rosa-e-Branco-Estrada-para-a-Paternidade-Eventos-e-Interesse-Especifico-Apresentacao-5.jpg",500,281,false],"mantranews-block-thumb":["https:\/\/blogopara.com.br\/wp-content\/uploads\/2021\/07\/Rosa-e-Branco-Estrada-para-a-Paternidade-Eventos-e-Interesse-Especifico-Apresentacao-5-322x230.jpg",322,230,true],"mantranews-single-large":["https:\/\/blogopara.com.br\/wp-content\/uploads\/2021\/07\/Rosa-e-Branco-Estrada-para-a-Paternidade-Eventos-e-Interesse-Especifico-Apresentacao-5.jpg",500,281,false]},"uagb_author_info":{"display_name":"Reda\u00e7\u00e3o geral","author_link":"https:\/\/blogopara.com.br\/index.php\/author\/blogopara"},"uagb_comment_info":0,"uagb_excerpt":"Ap\u00f3s alguns meses de investiga\u00e7\u00e3o, um advogado de Juazeiro, que foi v\u00edtima de ataques nas redes sociais, est\u00e1 protocolando na justi\u00e7a uma queixa-crime contra um vereador de oposi\u00e7\u00e3o e um grupo de pessoas que utilizaram do anonimato para denegrir e atacar autoridades municipais, blogs e servidores p\u00fablicos. &#8220;N\u00f3s temos em Juazeiro hoje uma mil\u00edcia organizada&hellip;","jetpack_sharing_enabled":true,"jetpack_likes_enabled":true,"_links":{"self":[{"href":"https:\/\/blogopara.com.br\/index.php\/wp-json\/wp\/v2\/posts\/26009","targetHints":{"allow":["GET"]}}],"collection":[{"href":"https:\/\/blogopara.com.br\/index.php\/wp-json\/wp\/v2\/posts"}],"about":[{"href":"https:\/\/blogopara.com.br\/index.php\/wp-json\/wp\/v2\/types\/post"}],"author":[{"embeddable":true,"href":"https:\/\/blogopara.com.br\/index.php\/wp-json\/wp\/v2\/users\/1"}],"replies":[{"embeddable":true,"href":"https:\/\/blogopara.com.br\/index.php\/wp-json\/wp\/v2\/comments?post=26009"}],"version-history":[{"count":7,"href":"https:\/\/blogopara.com.br\/index.php\/wp-json\/wp\/v2\/posts\/26009\/revisions"}],"predecessor-version":[{"id":26037,"href":"https:\/\/blogopara.com.br\/index.php\/wp-json\/wp\/v2\/posts\/26009\/revisions\/26037"}],"wp:featuredmedia":[{"embeddable":true,"href":"https:\/\/blogopara.com.br\/index.php\/wp-json\/wp\/v2\/media\/26026"}],"wp:attachment":[{"href":"https:\/\/blogopara.com.br\/index.php\/wp-json\/wp\/v2\/media?parent=26009"}],"wp:term":[{"taxonomy":"category","embeddable":true,"href":"https:\/\/blogopara.com.br\/index.php\/wp-json\/wp\/v2\/categories?post=26009"},{"taxonomy":"post_tag","embeddable":true,"href":"https:\/\/blogopara.com.br\/index.php\/wp-json\/wp\/v2\/tags?post=26009"}],"curies":[{"name":"wp","href":"https:\/\/api.w.org\/{rel}","templated":true}]}}