{"id":26010,"date":"2021-07-21T11:35:00","date_gmt":"2021-07-21T14:35:00","guid":{"rendered":"https:\/\/blogopara.com.br\/?p=26010"},"modified":"2021-07-21T07:47:15","modified_gmt":"2021-07-21T10:47:15","slug":"prefeitura-de-juazeiro-alinha-parceria-com-a-ufba-para-aplicacao-de-projeto-de-educacao-pioneiro-na-regiao-2","status":"publish","type":"post","link":"https:\/\/blogopara.com.br\/index.php\/2021\/07\/21\/prefeitura-de-juazeiro-alinha-parceria-com-a-ufba-para-aplicacao-de-projeto-de-educacao-pioneiro-na-regiao-2","title":{"rendered":"Prefeitura de Juazeiro alinha parceria com a UFBA para aplica\u00e7\u00e3o de projeto de Educa\u00e7\u00e3o pioneiro na regi\u00e3o"},"content":{"rendered":"<p style=\"text-align: justify;\">Integrantes da Secretaria de Educa\u00e7\u00e3o e Juventude (Seduc) de Juazeiro se reuniram virtualmente nesta segunda-feira (19), com representantes do Programa de P\u00f3s-Gradua\u00e7\u00e3o em Direito (PPGD), da Universidade Federal da Bahia (UFBA), para alinhar a aplica\u00e7\u00e3o do projeto \u201cPPGD UFBA nas escolas\u201d. Juazeiro ser\u00e1 a primeira cidade do Norte da Bahia contemplada pelo projeto, que visa contribuir para a forma\u00e7\u00e3o de professores e estudantes da rede p\u00fablica, a partir de palestras e cursos livres sobre temas relacionados aos Direitos Humanos e ao exerc\u00edcio da cidadania.<\/p>\n<p style=\"text-align: justify;\">Participaram da reuni\u00e3o, o gestor de Pol\u00edticas P\u00fablicas da Seduc, Jos\u00e9 Carlos Chastinet, a diretora de Juventude e Esporte Educacional, Carla Luz, a superintendente de Ensino, Willany Cunha, o gerente de Juventude, Andr\u00e9 Rapadura, e entre os representantes do PPGD, o coordenador do Programa, Ricardo Maur\u00edcio Freire.<\/p>\n<p style=\"text-align: justify;\">Na ocasi\u00e3o foi explicado sobre o funcionamento do projeto, que corresponde \u00e0 realiza\u00e7\u00e3o de forma\u00e7\u00f5es cont\u00ednuas para professores da Educa\u00e7\u00e3o B\u00e1sica, com a participa\u00e7\u00e3o de professores, graduandos e egressos do PPGD. Ap\u00f3s participa\u00e7\u00e3o nas forma\u00e7\u00f5es, os conte\u00fados apreendidos ser\u00e3o aplicados em sala de aula para os estudantes. A programa\u00e7\u00e3o prev\u00ea ainda, a emiss\u00e3o de certificados de participa\u00e7\u00e3o para os professores da Rede Municipal.<\/p>\n<p style=\"text-align: justify;\">A previs\u00e3o \u00e9 de que o \u201cPPGD UFBA nas escolas\u201d tenha in\u00edcio ainda no segundo semestre. \u201cA aplica\u00e7\u00e3o desse projeto nas escolas \u00e9 uma iniciativa importante por trazer a discuss\u00e3o sobre temas sociais, j\u00e1 na Educa\u00e7\u00e3o B\u00e1sica. O pr\u00f3ximo passo \u00e9 fazer os alinhamentos relativos a calend\u00e1rio e defini\u00e7\u00e3o dos temas, junto \u00e0s outras superintend\u00eancias, para que possamos efetivar a aplica\u00e7\u00e3o do projeto\u201d, explicou o gestor de Pol\u00edticas P\u00fablicas da Seduc, Jos\u00e9 Carlos Chastinet.<\/p>\n<p>\u00a0<\/p>\n<p style=\"text-align: justify;\">Seduc\/PMJ<\/p>\n","protected":false},"excerpt":{"rendered":"<p>Integrantes da Secretaria de Educa\u00e7\u00e3o e Juventude (Seduc) de Juazeiro se reuniram virtualmente nesta segunda-feira (19), com representantes do Programa de P\u00f3s-Gradua\u00e7\u00e3o em Direito (PPGD), da Universidade Federal da Bahia (UFBA), para alinhar a aplica\u00e7\u00e3o do projeto \u201cPPGD UFBA nas escolas\u201d. Juazeiro ser\u00e1 a primeira cidade do Norte da Bahia contemplada pelo projeto, que visa [&hellip;]<\/p>\n","protected":false},"author":1,"featured_media":26011,"comment_status":"closed","ping_status":"open","sticky":false,"template":"","format":"standard","meta":{"_uag_custom_page_level_css":"","_monsterinsights_skip_tracking":false,"_monsterinsights_sitenote_active":false,"_monsterinsights_sitenote_note":"","_monsterinsights_sitenote_category":0,"jetpack_post_was_ever_published":false,"_jetpack_newsletter_access":"","_jetpack_dont_email_post_to_subs":false,"_jetpack_newsletter_tier_id":0,"_jetpack_memberships_contains_paywalled_content":false,"_jetpack_memberships_contains_paid_content":false,"footnotes":"","jetpack_publicize_message":"","jetpack_publicize_feature_enabled":true,"jetpack_social_post_already_shared":true,"jetpack_social_options":{"image_generator_settings":{"template":"highway","default_image_id":0,"font":"","enabled":false},"version":2}},"categories":[209,203],"tags":[4192,4193,340,4188],"class_list":["post-26010","post","type-post","status-publish","format-standard","has-post-thumbnail","hentry","category-educacao","category-juazeiro","tag-alinhamento","tag-parceria-ufba","tag-prefeitura-de-juazeiro","tag-projeto-de-educacao"],"jetpack_publicize_connections":[],"jetpack_featured_media_url":"https:\/\/blogopara.com.br\/wp-content\/uploads\/2021\/07\/WhatsApp-Image-2021-07-20-at-22.06.43.jpeg","uagb_featured_image_src":{"full":["https:\/\/blogopara.com.br\/wp-content\/uploads\/2021\/07\/WhatsApp-Image-2021-07-20-at-22.06.43.jpeg",500,332,false],"thumbnail":["https:\/\/blogopara.com.br\/wp-content\/uploads\/2021\/07\/WhatsApp-Image-2021-07-20-at-22.06.43-150x150.jpeg",150,150,true],"medium":["https:\/\/blogopara.com.br\/wp-content\/uploads\/2021\/07\/WhatsApp-Image-2021-07-20-at-22.06.43-300x199.jpeg",300,199,true],"medium_large":["https:\/\/blogopara.com.br\/wp-content\/uploads\/2021\/07\/WhatsApp-Image-2021-07-20-at-22.06.43.jpeg",500,332,false],"large":["https:\/\/blogopara.com.br\/wp-content\/uploads\/2021\/07\/WhatsApp-Image-2021-07-20-at-22.06.43.jpeg",500,332,false],"1536x1536":["https:\/\/blogopara.com.br\/wp-content\/uploads\/2021\/07\/WhatsApp-Image-2021-07-20-at-22.06.43.jpeg",500,332,false],"2048x2048":["https:\/\/blogopara.com.br\/wp-content\/uploads\/2021\/07\/WhatsApp-Image-2021-07-20-at-22.06.43.jpeg",500,332,false],"mantranews-slider-large":["https:\/\/blogopara.com.br\/wp-content\/uploads\/2021\/07\/WhatsApp-Image-2021-07-20-at-22.06.43.jpeg",500,332,false],"mantranews-featured-medium":["https:\/\/blogopara.com.br\/wp-content\/uploads\/2021\/07\/WhatsApp-Image-2021-07-20-at-22.06.43-420x307.jpeg",420,307,true],"mantranews-featured-long":["https:\/\/blogopara.com.br\/wp-content\/uploads\/2021\/07\/WhatsApp-Image-2021-07-20-at-22.06.43-300x332.jpeg",300,332,true],"mantranews-block-medium":["https:\/\/blogopara.com.br\/wp-content\/uploads\/2021\/07\/WhatsApp-Image-2021-07-20-at-22.06.43-464x290.jpeg",464,290,true],"mantranews-carousel-image":["https:\/\/blogopara.com.br\/wp-content\/uploads\/2021\/07\/WhatsApp-Image-2021-07-20-at-22.06.43.jpeg",500,332,false],"mantranews-block-thumb":["https:\/\/blogopara.com.br\/wp-content\/uploads\/2021\/07\/WhatsApp-Image-2021-07-20-at-22.06.43-322x230.jpeg",322,230,true],"mantranews-single-large":["https:\/\/blogopara.com.br\/wp-content\/uploads\/2021\/07\/WhatsApp-Image-2021-07-20-at-22.06.43.jpeg",500,332,false]},"uagb_author_info":{"display_name":"Reda\u00e7\u00e3o geral","author_link":"https:\/\/blogopara.com.br\/index.php\/author\/blogopara"},"uagb_comment_info":0,"uagb_excerpt":"Integrantes da Secretaria de Educa\u00e7\u00e3o e Juventude (Seduc) de Juazeiro se reuniram virtualmente nesta segunda-feira (19), com representantes do Programa de P\u00f3s-Gradua\u00e7\u00e3o em Direito (PPGD), da Universidade Federal da Bahia (UFBA), para alinhar a aplica\u00e7\u00e3o do projeto \u201cPPGD UFBA nas escolas\u201d. Juazeiro ser\u00e1 a primeira cidade do Norte da Bahia contemplada pelo projeto, que visa&hellip;","jetpack_sharing_enabled":true,"jetpack_likes_enabled":true,"_links":{"self":[{"href":"https:\/\/blogopara.com.br\/index.php\/wp-json\/wp\/v2\/posts\/26010","targetHints":{"allow":["GET"]}}],"collection":[{"href":"https:\/\/blogopara.com.br\/index.php\/wp-json\/wp\/v2\/posts"}],"about":[{"href":"https:\/\/blogopara.com.br\/index.php\/wp-json\/wp\/v2\/types\/post"}],"author":[{"embeddable":true,"href":"https:\/\/blogopara.com.br\/index.php\/wp-json\/wp\/v2\/users\/1"}],"replies":[{"embeddable":true,"href":"https:\/\/blogopara.com.br\/index.php\/wp-json\/wp\/v2\/comments?post=26010"}],"version-history":[{"count":1,"href":"https:\/\/blogopara.com.br\/index.php\/wp-json\/wp\/v2\/posts\/26010\/revisions"}],"predecessor-version":[{"id":26012,"href":"https:\/\/blogopara.com.br\/index.php\/wp-json\/wp\/v2\/posts\/26010\/revisions\/26012"}],"wp:featuredmedia":[{"embeddable":true,"href":"https:\/\/blogopara.com.br\/index.php\/wp-json\/wp\/v2\/media\/26011"}],"wp:attachment":[{"href":"https:\/\/blogopara.com.br\/index.php\/wp-json\/wp\/v2\/media?parent=26010"}],"wp:term":[{"taxonomy":"category","embeddable":true,"href":"https:\/\/blogopara.com.br\/index.php\/wp-json\/wp\/v2\/categories?post=26010"},{"taxonomy":"post_tag","embeddable":true,"href":"https:\/\/blogopara.com.br\/index.php\/wp-json\/wp\/v2\/tags?post=26010"}],"curies":[{"name":"wp","href":"https:\/\/api.w.org\/{rel}","templated":true}]}}