{"id":26036,"date":"2021-07-21T18:18:00","date_gmt":"2021-07-21T21:18:00","guid":{"rendered":"https:\/\/blogopara.com.br\/?p=26036"},"modified":"2021-07-21T14:33:41","modified_gmt":"2021-07-21T17:33:41","slug":"bruno-reis-tem-expectativa-de-resolver-impasse-com-rodoviarios-da-csn-ainda-nesta-semana","status":"publish","type":"post","link":"https:\/\/blogopara.com.br\/index.php\/2021\/07\/21\/bruno-reis-tem-expectativa-de-resolver-impasse-com-rodoviarios-da-csn-ainda-nesta-semana","title":{"rendered":"Bruno Reis tem expectativa de resolver impasse com rodovi\u00e1rios da CSN ainda nesta semana"},"content":{"rendered":"<p style=\"text-align: justify;\">O prefeito de Salvador, Bruno Reis (DEM), afirmou nesta quarta-feira (21) que tem a expectativa de que o impasse com os rodovi\u00e1rios da concession\u00e1ria CSN possa ser resolvido nesta semana, com a libera\u00e7\u00e3o para pagamento das indeniza\u00e7\u00f5es por parte dos trabalhadores que n\u00e3o foram empregados pela Prefeitura. Nesta ter\u00e7a-feira (20), ele esteve novamente em Bras\u00edlia, desta vez para se reunir com o ministro da Economia, Paulo Guedes, em busca da libera\u00e7\u00e3o de cr\u00e9dito extra para custear o servi\u00e7o. Desde o in\u00edcio da pandemia at\u00e9 hoje, a Prefeitura j\u00e1 desembolsou cerca de R$ 140 milh\u00f5es para equilibrar as contas.<\/p>\n<p style=\"text-align: justify;\">Na semana passada, o Tribunal Regional do Trabalho da 5\u00aa Regi\u00e3o (TRT5-BA) homologou o acordo entre o Munic\u00edpio de Salvador, o Sindicato dos Rodovi\u00e1rios e o Grupo Concession\u00e1ria Salvador Norte. Segundo Bruno Reis, resta agora resolver somente a &#8220;quest\u00e3o burocr\u00e1tica&#8221; para que a Prefeitura conceda o cr\u00e9dito para que a empresa pague devidamente as pend\u00eancias trabalhistas.<\/p>\n<p style=\"text-align: justify;\">&#8220;O acordo j\u00e1 foi homologado e a expectativa \u00e9 que essa semana ainda possa ser resolvida a quest\u00e3o burocr\u00e1tica, cumpridas as exig\u00eancias, os prazos legais, para que a Prefeitura poss fazer esse cr\u00e9dito com o objetivo espec\u00edfico de indenizar os trabalhadores, por um raz\u00e3o social e pelo momento de excpecionalidade que estamos vivendo&#8221;, destacou o prefeito em coletiva de imprensa, reiterando a crise econ\u00f4mica agravada pela pandemia de Covid-19.<\/p>\n<p style=\"text-align: justify;\">Tema recorrente na agenda do prefeito, a dificuldade para equilibrar as contas do transporte p\u00fablico \u00e9 enorme e n\u00e3o \u00e9 exclusividade de Salvador. Com o aumento do pre\u00e7o do combust\u00edvel e a dr\u00e1stica redu\u00e7\u00e3o da circula\u00e7\u00e3o de pessoas para tentar evitar a dissemina\u00e7\u00e3o da doen\u00e7a, o servi\u00e7o que j\u00e1 era defasado passou a dar preju\u00edzo nas grandes cidades do pa\u00eds.<\/p>\n<p style=\"text-align: justify;\">Bruno defende publicamente uma interven\u00e7\u00e3o do Governo Federal, como, por exemplo, no subs\u00eddio das gratuidades das passagens dos idosos, que somados aos estudantes chega a representar 30% do p\u00fablico de passageiros na capital baiana.<\/p>\n<p style=\"text-align: justify;\">A reuni\u00e3o com Guedes, apesar de n\u00e3o ter sido resolutiva, foi uma &#8220;boa conversa&#8221; e indica &#8220;caminhos&#8221; futuros para o pa\u00eds. Segundo o prefeito, o Brasil est\u00e1 pr\u00f3ximo de cumprir a &#8220;meta fiscal&#8221; e pode ter alguma &#8220;sobra&#8221; para ser destinada a ajudar os munic\u00edpios a custearem o transporte rodovi\u00e1rio urbano, hoje respons\u00e1vel por tirar o sono do gestor.<\/p>\n<p style=\"text-align: justify;\">&#8220;Efetivamente, este [o transporte] \u00e9 um dos meus problemas hoje. Ali\u00e1s, isso consome pelo menos 30% dos meus dias, todos os dias&#8221;, pontua.<\/p>\n<p style=\"text-align: justify;\">\n<p style=\"text-align: justify;\">Fonte: BNews<\/p>\n","protected":false},"excerpt":{"rendered":"<p>O prefeito de Salvador, Bruno Reis (DEM), afirmou nesta quarta-feira (21) que tem a expectativa de que o impasse com os rodovi\u00e1rios da concession\u00e1ria CSN possa ser resolvido nesta semana, com a libera\u00e7\u00e3o para pagamento das indeniza\u00e7\u00f5es por parte dos trabalhadores que n\u00e3o foram empregados pela Prefeitura. Nesta ter\u00e7a-feira (20), ele esteve novamente em Bras\u00edlia, [&hellip;]<\/p>\n","protected":false},"author":1,"featured_media":26042,"comment_status":"closed","ping_status":"open","sticky":false,"template":"","format":"standard","meta":{"_uag_custom_page_level_css":"","_monsterinsights_skip_tracking":false,"_monsterinsights_sitenote_active":false,"_monsterinsights_sitenote_note":"","_monsterinsights_sitenote_category":0,"jetpack_post_was_ever_published":false,"_jetpack_newsletter_access":"","_jetpack_dont_email_post_to_subs":false,"_jetpack_newsletter_tier_id":0,"_jetpack_memberships_contains_paywalled_content":false,"_jetpack_memberships_contains_paid_content":false,"footnotes":"","jetpack_publicize_message":"","jetpack_publicize_feature_enabled":true,"jetpack_social_post_already_shared":true,"jetpack_social_options":{"image_generator_settings":{"template":"highway","default_image_id":0,"font":"","enabled":false},"version":2}},"categories":[199,200,206],"tags":[2554,4213,4209,4211,4210,4212],"class_list":["post-26036","post","type-post","status-publish","format-standard","has-post-thumbnail","hentry","category-bahia","category-brasil","category-economia","tag-bruno-reis","tag-csn","tag-expectativa","tag-impasse","tag-resolucao","tag-rodoviarios"],"jetpack_publicize_connections":[],"jetpack_featured_media_url":"https:\/\/blogopara.com.br\/wp-content\/uploads\/2021\/07\/315216-IMAGEM_NOTICIA_0.jpg","uagb_featured_image_src":{"full":["https:\/\/blogopara.com.br\/wp-content\/uploads\/2021\/07\/315216-IMAGEM_NOTICIA_0.jpg",500,246,false],"thumbnail":["https:\/\/blogopara.com.br\/wp-content\/uploads\/2021\/07\/315216-IMAGEM_NOTICIA_0-150x150.jpg",150,150,true],"medium":["https:\/\/blogopara.com.br\/wp-content\/uploads\/2021\/07\/315216-IMAGEM_NOTICIA_0-300x148.jpg",300,148,true],"medium_large":["https:\/\/blogopara.com.br\/wp-content\/uploads\/2021\/07\/315216-IMAGEM_NOTICIA_0.jpg",500,246,false],"large":["https:\/\/blogopara.com.br\/wp-content\/uploads\/2021\/07\/315216-IMAGEM_NOTICIA_0.jpg",500,246,false],"1536x1536":["https:\/\/blogopara.com.br\/wp-content\/uploads\/2021\/07\/315216-IMAGEM_NOTICIA_0.jpg",500,246,false],"2048x2048":["https:\/\/blogopara.com.br\/wp-content\/uploads\/2021\/07\/315216-IMAGEM_NOTICIA_0.jpg",500,246,false],"mantranews-slider-large":["https:\/\/blogopara.com.br\/wp-content\/uploads\/2021\/07\/315216-IMAGEM_NOTICIA_0.jpg",500,246,false],"mantranews-featured-medium":["https:\/\/blogopara.com.br\/wp-content\/uploads\/2021\/07\/315216-IMAGEM_NOTICIA_0-420x246.jpg",420,246,true],"mantranews-featured-long":["https:\/\/blogopara.com.br\/wp-content\/uploads\/2021\/07\/315216-IMAGEM_NOTICIA_0-300x246.jpg",300,246,true],"mantranews-block-medium":["https:\/\/blogopara.com.br\/wp-content\/uploads\/2021\/07\/315216-IMAGEM_NOTICIA_0-464x246.jpg",464,246,true],"mantranews-carousel-image":["https:\/\/blogopara.com.br\/wp-content\/uploads\/2021\/07\/315216-IMAGEM_NOTICIA_0.jpg",500,246,false],"mantranews-block-thumb":["https:\/\/blogopara.com.br\/wp-content\/uploads\/2021\/07\/315216-IMAGEM_NOTICIA_0-322x230.jpg",322,230,true],"mantranews-single-large":["https:\/\/blogopara.com.br\/wp-content\/uploads\/2021\/07\/315216-IMAGEM_NOTICIA_0.jpg",500,246,false]},"uagb_author_info":{"display_name":"Reda\u00e7\u00e3o geral","author_link":"https:\/\/blogopara.com.br\/index.php\/author\/blogopara"},"uagb_comment_info":0,"uagb_excerpt":"O prefeito de Salvador, Bruno Reis (DEM), afirmou nesta quarta-feira (21) que tem a expectativa de que o impasse com os rodovi\u00e1rios da concession\u00e1ria CSN possa ser resolvido nesta semana, com a libera\u00e7\u00e3o para pagamento das indeniza\u00e7\u00f5es por parte dos trabalhadores que n\u00e3o foram empregados pela Prefeitura. Nesta ter\u00e7a-feira (20), ele esteve novamente em Bras\u00edlia,&hellip;","jetpack_sharing_enabled":true,"jetpack_likes_enabled":true,"_links":{"self":[{"href":"https:\/\/blogopara.com.br\/index.php\/wp-json\/wp\/v2\/posts\/26036","targetHints":{"allow":["GET"]}}],"collection":[{"href":"https:\/\/blogopara.com.br\/index.php\/wp-json\/wp\/v2\/posts"}],"about":[{"href":"https:\/\/blogopara.com.br\/index.php\/wp-json\/wp\/v2\/types\/post"}],"author":[{"embeddable":true,"href":"https:\/\/blogopara.com.br\/index.php\/wp-json\/wp\/v2\/users\/1"}],"replies":[{"embeddable":true,"href":"https:\/\/blogopara.com.br\/index.php\/wp-json\/wp\/v2\/comments?post=26036"}],"version-history":[{"count":2,"href":"https:\/\/blogopara.com.br\/index.php\/wp-json\/wp\/v2\/posts\/26036\/revisions"}],"predecessor-version":[{"id":26047,"href":"https:\/\/blogopara.com.br\/index.php\/wp-json\/wp\/v2\/posts\/26036\/revisions\/26047"}],"wp:featuredmedia":[{"embeddable":true,"href":"https:\/\/blogopara.com.br\/index.php\/wp-json\/wp\/v2\/media\/26042"}],"wp:attachment":[{"href":"https:\/\/blogopara.com.br\/index.php\/wp-json\/wp\/v2\/media?parent=26036"}],"wp:term":[{"taxonomy":"category","embeddable":true,"href":"https:\/\/blogopara.com.br\/index.php\/wp-json\/wp\/v2\/categories?post=26036"},{"taxonomy":"post_tag","embeddable":true,"href":"https:\/\/blogopara.com.br\/index.php\/wp-json\/wp\/v2\/tags?post=26036"}],"curies":[{"name":"wp","href":"https:\/\/api.w.org\/{rel}","templated":true}]}}