{"id":26079,"date":"2021-07-22T15:37:00","date_gmt":"2021-07-22T18:37:00","guid":{"rendered":"https:\/\/blogopara.com.br\/?p=26079"},"modified":"2021-07-22T12:43:08","modified_gmt":"2021-07-22T15:43:08","slug":"carmen-lucia-nega-acao-para-obrigar-lira-a-analisar-pedido-de-impeachment-contra-bolsonaro","status":"publish","type":"post","link":"https:\/\/blogopara.com.br\/index.php\/2021\/07\/22\/carmen-lucia-nega-acao-para-obrigar-lira-a-analisar-pedido-de-impeachment-contra-bolsonaro","title":{"rendered":"C\u00e1rmen L\u00facia nega a\u00e7\u00e3o para obrigar Lira a analisar pedido de impeachment contra Bolsonaro"},"content":{"rendered":"<p style=\"text-align: justify;\">Ministra do Supremo Tribunal Federal (STF),\u00a0<a href=\"https:\/\/www.bnews.com.br\/noticias\/jusnews\/politica\/313142,pedido-do-pt-para-obrigar-lira-a-analisar-impeachment-de-bolsonaro-sera-julgado-por-carmen-lucia.html\">C\u00e1rmen L\u00facia<\/a>\u00a0recusou, nesta quarta-feira (21), um pedido de membros do Partido dos Trabalhadores (PT) para determinar que o presidente da C\u00e2mara, Arthur Lira (PP-AL), fizesse a an\u00e1lise do pedido de impeachment contra o presidente Jair Bolsonaro (sem partido).<br \/>\u00a0<br \/>O pedido de<a href=\"https:\/\/www.bnews.com.br\/noticias\/politica\/313956,pesquisa-datafolha-revela-que-maioria-e-favoravel-ao-impeachment-de-bolsonaro.html\">\u00a0impeachment contra Bolsonaro<\/a>\u00a0foi protocolado por entidades da sociedade civil em maio de 2020. No final do m\u00eas de junho deste ano, um\u00a0<a href=\"https:\/\/www.bnews.com.br\/noticias\/politica\/312767,superpedido-de-impeachment-de-bolsonaro-e-apresentado-gleisi-kataguiri-e-joice-dividem-mesmo-palanque.html\">superpedido<\/a>\u00a0de impeachment reuniu os argumentos apresentados em mais de 120 documentos e foram entregues na C\u00e2mara, mas<a href=\"https:\/\/www.bnews.com.br\/noticias\/politica\/297810,para-lira-impeachment-nao-e-prioridade-e-nao-ha-clima-para-medida-extrema.html\">\u00a0Lira afirmou que isso n\u00e3o era uma prioridade<\/a>.\u00a0<br \/>\u00a0<br \/>O ex-prefeito de S\u00e3o Paulo e ex-ministro da Educa\u00e7\u00e3o Fernando Haddad e o deputado federal Rui Falc\u00e3o (PT-SP) recorreram ao STF para que um pedido de impeachment fosse analisado pelo deputado Arthur Lira. O ex-prefeito e o deputado impetraram um mandado de seguran\u00e7a no Supremo, onde eles argumentam que o presidente da C\u00e2mara cometeu &#8220;ato omissivo ao n\u00e3o fazer sequer o exame de requisitos meramente formais ou encaminhar internamente a peti\u00e7\u00e3o de impeachment por crimes de responsabilidade&#8221;. \u00a0<br \/>\u00a0<br \/>Na decis\u00e3o de C\u00e1rmen L\u00facia, a ministra afirma que o pedido de Haddad e Falc\u00e3o n\u00e3o atende \u00e0s exig\u00eancias de um mandado de seguran\u00e7a.\u00a0<br \/>\u00a0<br \/>&#8220;A imposi\u00e7\u00e3o do imediato processamento da den\u00fancia para apura\u00e7\u00e3o de responsabilidade do Presidente da Rep\u00fablica, pelo Poder Judici\u00e1rio, macularia o princ\u00edpio da separa\u00e7\u00e3o dos poderes&#8221;, disse a ministra. &#8220;E para atendimento deste princ\u00edpio garantidor da efici\u00eancia do sistema de freios e contrapesos \u00e9 que a jurisprud\u00eancia deste Supremo Tribunal consolidou-se no sentido de se estabelecer, na mat\u00e9ria, a autoconten\u00e7\u00e3o do exerc\u00edcio jurisdicional constitucional&#8221;, completou C\u00e1rmen L\u00facia.<\/p>\n\n\n<p><\/p>\n\n\n\n<p>Fonte: BNews<\/p>\n","protected":false},"excerpt":{"rendered":"<p>Ministra do Supremo Tribunal Federal (STF),\u00a0C\u00e1rmen L\u00facia\u00a0recusou, nesta quarta-feira (21), um pedido de membros do Partido dos Trabalhadores (PT) para determinar que o presidente da C\u00e2mara, Arthur Lira (PP-AL), fizesse a an\u00e1lise do pedido de impeachment contra o presidente Jair Bolsonaro (sem partido).\u00a0O pedido de\u00a0impeachment contra Bolsonaro\u00a0foi protocolado por entidades da sociedade civil em maio [&hellip;]<\/p>\n","protected":false},"author":1,"featured_media":26080,"comment_status":"closed","ping_status":"open","sticky":false,"template":"","format":"standard","meta":{"_uag_custom_page_level_css":"","_monsterinsights_skip_tracking":false,"_monsterinsights_sitenote_active":false,"_monsterinsights_sitenote_note":"","_monsterinsights_sitenote_category":0,"jetpack_post_was_ever_published":false,"_jetpack_newsletter_access":"","_jetpack_dont_email_post_to_subs":false,"_jetpack_newsletter_tier_id":0,"_jetpack_memberships_contains_paywalled_content":false,"_jetpack_memberships_contains_paid_content":false,"footnotes":"","jetpack_publicize_message":"","jetpack_publicize_feature_enabled":true,"jetpack_social_post_already_shared":true,"jetpack_social_options":{"image_generator_settings":{"template":"highway","default_image_id":0,"font":"","enabled":false},"version":2}},"categories":[200,210],"tags":[4223,4221,3330,4222,3908],"class_list":["post-26079","post","type-post","status-publish","format-standard","has-post-thumbnail","hentry","category-brasil","category-justica","tag-acao-para-obrigar-lira","tag-carmen-lucia","tag-contra-bolsonaro","tag-nega","tag-pedido-de-impeachment"],"jetpack_publicize_connections":[],"jetpack_featured_media_url":"https:\/\/blogopara.com.br\/wp-content\/uploads\/2021\/07\/315267-IMAGEM_NOTICIA_0.jpg","uagb_featured_image_src":{"full":["https:\/\/blogopara.com.br\/wp-content\/uploads\/2021\/07\/315267-IMAGEM_NOTICIA_0.jpg",500,246,false],"thumbnail":["https:\/\/blogopara.com.br\/wp-content\/uploads\/2021\/07\/315267-IMAGEM_NOTICIA_0-150x150.jpg",150,150,true],"medium":["https:\/\/blogopara.com.br\/wp-content\/uploads\/2021\/07\/315267-IMAGEM_NOTICIA_0-300x148.jpg",300,148,true],"medium_large":["https:\/\/blogopara.com.br\/wp-content\/uploads\/2021\/07\/315267-IMAGEM_NOTICIA_0.jpg",500,246,false],"large":["https:\/\/blogopara.com.br\/wp-content\/uploads\/2021\/07\/315267-IMAGEM_NOTICIA_0.jpg",500,246,false],"1536x1536":["https:\/\/blogopara.com.br\/wp-content\/uploads\/2021\/07\/315267-IMAGEM_NOTICIA_0.jpg",500,246,false],"2048x2048":["https:\/\/blogopara.com.br\/wp-content\/uploads\/2021\/07\/315267-IMAGEM_NOTICIA_0.jpg",500,246,false],"mantranews-slider-large":["https:\/\/blogopara.com.br\/wp-content\/uploads\/2021\/07\/315267-IMAGEM_NOTICIA_0.jpg",500,246,false],"mantranews-featured-medium":["https:\/\/blogopara.com.br\/wp-content\/uploads\/2021\/07\/315267-IMAGEM_NOTICIA_0-420x246.jpg",420,246,true],"mantranews-featured-long":["https:\/\/blogopara.com.br\/wp-content\/uploads\/2021\/07\/315267-IMAGEM_NOTICIA_0-300x246.jpg",300,246,true],"mantranews-block-medium":["https:\/\/blogopara.com.br\/wp-content\/uploads\/2021\/07\/315267-IMAGEM_NOTICIA_0-464x246.jpg",464,246,true],"mantranews-carousel-image":["https:\/\/blogopara.com.br\/wp-content\/uploads\/2021\/07\/315267-IMAGEM_NOTICIA_0.jpg",500,246,false],"mantranews-block-thumb":["https:\/\/blogopara.com.br\/wp-content\/uploads\/2021\/07\/315267-IMAGEM_NOTICIA_0-322x230.jpg",322,230,true],"mantranews-single-large":["https:\/\/blogopara.com.br\/wp-content\/uploads\/2021\/07\/315267-IMAGEM_NOTICIA_0.jpg",500,246,false]},"uagb_author_info":{"display_name":"Reda\u00e7\u00e3o geral","author_link":"https:\/\/blogopara.com.br\/index.php\/author\/blogopara"},"uagb_comment_info":0,"uagb_excerpt":"Ministra do Supremo Tribunal Federal (STF),\u00a0C\u00e1rmen L\u00facia\u00a0recusou, nesta quarta-feira (21), um pedido de membros do Partido dos Trabalhadores (PT) para determinar que o presidente da C\u00e2mara, Arthur Lira (PP-AL), fizesse a an\u00e1lise do pedido de impeachment contra o presidente Jair Bolsonaro (sem partido).\u00a0O pedido de\u00a0impeachment contra Bolsonaro\u00a0foi protocolado por entidades da sociedade civil em maio&hellip;","jetpack_sharing_enabled":true,"jetpack_likes_enabled":true,"_links":{"self":[{"href":"https:\/\/blogopara.com.br\/index.php\/wp-json\/wp\/v2\/posts\/26079","targetHints":{"allow":["GET"]}}],"collection":[{"href":"https:\/\/blogopara.com.br\/index.php\/wp-json\/wp\/v2\/posts"}],"about":[{"href":"https:\/\/blogopara.com.br\/index.php\/wp-json\/wp\/v2\/types\/post"}],"author":[{"embeddable":true,"href":"https:\/\/blogopara.com.br\/index.php\/wp-json\/wp\/v2\/users\/1"}],"replies":[{"embeddable":true,"href":"https:\/\/blogopara.com.br\/index.php\/wp-json\/wp\/v2\/comments?post=26079"}],"version-history":[{"count":1,"href":"https:\/\/blogopara.com.br\/index.php\/wp-json\/wp\/v2\/posts\/26079\/revisions"}],"predecessor-version":[{"id":26081,"href":"https:\/\/blogopara.com.br\/index.php\/wp-json\/wp\/v2\/posts\/26079\/revisions\/26081"}],"wp:featuredmedia":[{"embeddable":true,"href":"https:\/\/blogopara.com.br\/index.php\/wp-json\/wp\/v2\/media\/26080"}],"wp:attachment":[{"href":"https:\/\/blogopara.com.br\/index.php\/wp-json\/wp\/v2\/media?parent=26079"}],"wp:term":[{"taxonomy":"category","embeddable":true,"href":"https:\/\/blogopara.com.br\/index.php\/wp-json\/wp\/v2\/categories?post=26079"},{"taxonomy":"post_tag","embeddable":true,"href":"https:\/\/blogopara.com.br\/index.php\/wp-json\/wp\/v2\/tags?post=26079"}],"curies":[{"name":"wp","href":"https:\/\/api.w.org\/{rel}","templated":true}]}}