{"id":26082,"date":"2021-07-22T16:28:00","date_gmt":"2021-07-22T19:28:00","guid":{"rendered":"https:\/\/blogopara.com.br\/?p=26082"},"modified":"2021-07-22T12:56:54","modified_gmt":"2021-07-22T15:56:54","slug":"bolsonaro-confirma-ciro-nogueira-na-casa-civil-e-recriacao-de-ministerio-do-trabalho","status":"publish","type":"post","link":"https:\/\/blogopara.com.br\/index.php\/2021\/07\/22\/bolsonaro-confirma-ciro-nogueira-na-casa-civil-e-recriacao-de-ministerio-do-trabalho","title":{"rendered":"Bolsonaro confirma Ciro Nogueira na Casa Civil e recria\u00e7\u00e3o de Minist\u00e9rio do Trabalho"},"content":{"rendered":"\n\n<p style=\"text-align: justify;\">O presidente Jair Bolsonaro confirmou hoje (22) que o senador Ciro Nogueira (PP-PI) vai assumir a Casa Civil da Presid\u00eancia Rep\u00fablica, em uma reforma ministerial que deve acontecer na semana que vem. \u201cEst\u00e1 praticamente certo. Vamos botar um senador aqui na Casa Civil que pode manter um di\u00e1logo melhor com o parlamento brasileiro\u201d, disse Bolsonaro em entrevista \u00e0 R\u00e1dio Banda B, de Curitiba, nesta manh\u00e3.<\/p>\n<div class=\"td-a-ad id_inline_ad0 id_ad_content-horiz-center\" style=\"text-align: justify;\">\n<div class=\"a-single a-21\">\n<div><span style=\"font-size: inherit;\">\u201cA princ\u00edpio \u00e9 ele [Ciro Nogueira], conversei com ele j\u00e1, ele aceitou. Ele est\u00e1 em recesso, chega em Bras\u00edlia segunda-feira, converso com ele, acertamos os ponteiros. E a gente toca o barco. \u00c9 uma pessoa que eu conhe\u00e7o h\u00e1 muito tempo, ele chegou em 95 na C\u00e2mara, eu cheguei em 91\u201d, explicou.<\/span><\/div>\n<\/div>\n<\/div>\n<p style=\"text-align: justify;\">Bolsonaro tamb\u00e9m confirmou a recria\u00e7\u00e3o do Minist\u00e9rio do Trabalho e Previd\u00eancia, que, no in\u00edcio do governo, foi agrupado com outros quatro minist\u00e9rios para a cria\u00e7\u00e3o do Minist\u00e9rio da Economia, sob o comando do ministro Paulo Guedes. O atual ministro da Secretaria Geral, Onyx Lorenzoni, ser\u00e1 o titular deste novo minist\u00e9rio e o atual chefe da Casa Civil, Luiz Eduardo Ramos, assumir\u00e1 seu lugar na Secretaria Geral.<\/p>\n<p style=\"text-align: justify;\">\u201cEle mesmo [Paulo Guedes] concordou com tir\u00e1-lo dessa parte para passar para esse novo minist\u00e9rio. D\u00e1 uma descompress\u00e3o no Paulo Guedes e deixa o Onyx para tratar dessa quest\u00e3o important\u00edssima [trabalho]\u201d, disse o presidente.<\/p>\n<p style=\"text-align: justify;\">De acordo com Bolsonaro, o n\u00famero de minist\u00e9rios ser\u00e1 restabelecido para o total de 23. Em fevereiro deste ano, com a aprova\u00e7\u00e3o da autonomia do Banco Central, o \u00f3rg\u00e3o perdeu status de minist\u00e9rio e se transformou em autarquia federal.<\/p>\n<p style=\"text-align: justify;\">Agora, a pasta de Trabalho e Previd\u00eancia completar\u00e1 a lista. \u201cN\u00e3o vai pesar em nada as finan\u00e7as. N\u00e3o vamos criar cargos, \u00e9 apenas uma mudan\u00e7a de secretarias do Minist\u00e9rio da Economia para esse novo minist\u00e9rio\u201d, explicou.<\/p>\n<p style=\"text-align: justify;\">Em mar\u00e7o deste ano, o presidente j\u00e1 havia promovido uma reforma ministerial, com trocas em seis minist\u00e9rios: Casa Civil e Secretaria de Governo, ambas ligadas \u00e0 Presid\u00eancia da Rep\u00fablica, minist\u00e9rios da Justi\u00e7a e Seguran\u00e7a P\u00fablica, das Rela\u00e7\u00f5es Exteriores e da Defesa e tamb\u00e9m da Advocacia-Geral da Uni\u00e3o (AGU).<\/p>\n<p>Fonte: Informe Baiano<\/p>\n<p>\u00a0<\/p>\n\n\n<p><\/p>\n","protected":false},"excerpt":{"rendered":"<p>O presidente Jair Bolsonaro confirmou hoje (22) que o senador Ciro Nogueira (PP-PI) vai assumir a Casa Civil da Presid\u00eancia Rep\u00fablica, em uma reforma ministerial que deve acontecer na semana que vem. \u201cEst\u00e1 praticamente certo. Vamos botar um senador aqui na Casa Civil que pode manter um di\u00e1logo melhor com o parlamento brasileiro\u201d, disse Bolsonaro [&hellip;]<\/p>\n","protected":false},"author":1,"featured_media":26083,"comment_status":"closed","ping_status":"open","sticky":false,"template":"","format":"standard","meta":{"_uag_custom_page_level_css":"","_monsterinsights_skip_tracking":false,"_monsterinsights_sitenote_active":false,"_monsterinsights_sitenote_note":"","_monsterinsights_sitenote_category":0,"jetpack_post_was_ever_published":false,"_jetpack_newsletter_access":"","_jetpack_dont_email_post_to_subs":false,"_jetpack_newsletter_tier_id":0,"_jetpack_memberships_contains_paywalled_content":false,"_jetpack_memberships_contains_paid_content":false,"footnotes":"","jetpack_publicize_message":"","jetpack_publicize_feature_enabled":true,"jetpack_social_post_already_shared":true,"jetpack_social_options":{"image_generator_settings":{"template":"highway","default_image_id":0,"font":"","enabled":false},"version":2}},"categories":[200,197],"tags":[21,4225,4224,3091,2815],"class_list":["post-26082","post","type-post","status-publish","format-standard","has-post-thumbnail","hentry","category-brasil","category-politica","tag-bolsonaro","tag-casa-civil","tag-ciro-nogueira","tag-confirmacao","tag-ministerio-do-trabalho"],"jetpack_publicize_connections":[],"jetpack_featured_media_url":"https:\/\/blogopara.com.br\/wp-content\/uploads\/2021\/07\/Ciro-Nogueira-1.jpg","uagb_featured_image_src":{"full":["https:\/\/blogopara.com.br\/wp-content\/uploads\/2021\/07\/Ciro-Nogueira-1.jpg",500,333,false],"thumbnail":["https:\/\/blogopara.com.br\/wp-content\/uploads\/2021\/07\/Ciro-Nogueira-1-150x150.jpg",150,150,true],"medium":["https:\/\/blogopara.com.br\/wp-content\/uploads\/2021\/07\/Ciro-Nogueira-1-300x200.jpg",300,200,true],"medium_large":["https:\/\/blogopara.com.br\/wp-content\/uploads\/2021\/07\/Ciro-Nogueira-1.jpg",500,333,false],"large":["https:\/\/blogopara.com.br\/wp-content\/uploads\/2021\/07\/Ciro-Nogueira-1.jpg",500,333,false],"1536x1536":["https:\/\/blogopara.com.br\/wp-content\/uploads\/2021\/07\/Ciro-Nogueira-1.jpg",500,333,false],"2048x2048":["https:\/\/blogopara.com.br\/wp-content\/uploads\/2021\/07\/Ciro-Nogueira-1.jpg",500,333,false],"mantranews-slider-large":["https:\/\/blogopara.com.br\/wp-content\/uploads\/2021\/07\/Ciro-Nogueira-1.jpg",500,333,false],"mantranews-featured-medium":["https:\/\/blogopara.com.br\/wp-content\/uploads\/2021\/07\/Ciro-Nogueira-1-420x307.jpg",420,307,true],"mantranews-featured-long":["https:\/\/blogopara.com.br\/wp-content\/uploads\/2021\/07\/Ciro-Nogueira-1-300x333.jpg",300,333,true],"mantranews-block-medium":["https:\/\/blogopara.com.br\/wp-content\/uploads\/2021\/07\/Ciro-Nogueira-1-464x290.jpg",464,290,true],"mantranews-carousel-image":["https:\/\/blogopara.com.br\/wp-content\/uploads\/2021\/07\/Ciro-Nogueira-1.jpg",500,333,false],"mantranews-block-thumb":["https:\/\/blogopara.com.br\/wp-content\/uploads\/2021\/07\/Ciro-Nogueira-1-322x230.jpg",322,230,true],"mantranews-single-large":["https:\/\/blogopara.com.br\/wp-content\/uploads\/2021\/07\/Ciro-Nogueira-1.jpg",500,333,false]},"uagb_author_info":{"display_name":"Reda\u00e7\u00e3o geral","author_link":"https:\/\/blogopara.com.br\/index.php\/author\/blogopara"},"uagb_comment_info":0,"uagb_excerpt":"O presidente Jair Bolsonaro confirmou hoje (22) que o senador Ciro Nogueira (PP-PI) vai assumir a Casa Civil da Presid\u00eancia Rep\u00fablica, em uma reforma ministerial que deve acontecer na semana que vem. \u201cEst\u00e1 praticamente certo. Vamos botar um senador aqui na Casa Civil que pode manter um di\u00e1logo melhor com o parlamento brasileiro\u201d, disse Bolsonaro&hellip;","jetpack_sharing_enabled":true,"jetpack_likes_enabled":true,"_links":{"self":[{"href":"https:\/\/blogopara.com.br\/index.php\/wp-json\/wp\/v2\/posts\/26082","targetHints":{"allow":["GET"]}}],"collection":[{"href":"https:\/\/blogopara.com.br\/index.php\/wp-json\/wp\/v2\/posts"}],"about":[{"href":"https:\/\/blogopara.com.br\/index.php\/wp-json\/wp\/v2\/types\/post"}],"author":[{"embeddable":true,"href":"https:\/\/blogopara.com.br\/index.php\/wp-json\/wp\/v2\/users\/1"}],"replies":[{"embeddable":true,"href":"https:\/\/blogopara.com.br\/index.php\/wp-json\/wp\/v2\/comments?post=26082"}],"version-history":[{"count":1,"href":"https:\/\/blogopara.com.br\/index.php\/wp-json\/wp\/v2\/posts\/26082\/revisions"}],"predecessor-version":[{"id":26084,"href":"https:\/\/blogopara.com.br\/index.php\/wp-json\/wp\/v2\/posts\/26082\/revisions\/26084"}],"wp:featuredmedia":[{"embeddable":true,"href":"https:\/\/blogopara.com.br\/index.php\/wp-json\/wp\/v2\/media\/26083"}],"wp:attachment":[{"href":"https:\/\/blogopara.com.br\/index.php\/wp-json\/wp\/v2\/media?parent=26082"}],"wp:term":[{"taxonomy":"category","embeddable":true,"href":"https:\/\/blogopara.com.br\/index.php\/wp-json\/wp\/v2\/categories?post=26082"},{"taxonomy":"post_tag","embeddable":true,"href":"https:\/\/blogopara.com.br\/index.php\/wp-json\/wp\/v2\/tags?post=26082"}],"curies":[{"name":"wp","href":"https:\/\/api.w.org\/{rel}","templated":true}]}}