{"id":26085,"date":"2021-07-22T18:17:00","date_gmt":"2021-07-22T21:17:00","guid":{"rendered":"https:\/\/blogopara.com.br\/?p=26085"},"modified":"2021-07-22T15:33:44","modified_gmt":"2021-07-22T18:33:44","slug":"homem-de-40-anos-espanca-a-namorada-adolescente-e-envia-audio-da-agressao-para-o-tio-da-vitima","status":"publish","type":"post","link":"https:\/\/blogopara.com.br\/index.php\/2021\/07\/22\/homem-de-40-anos-espanca-a-namorada-adolescente-e-envia-audio-da-agressao-para-o-tio-da-vitima","title":{"rendered":"Homem de 40 anos espanca a namorada adolescente e envia \u00e1udio da agress\u00e3o para o tio da v\u00edtima"},"content":{"rendered":"<p style=\"text-align: justify;\">Uma adolescente de 17 anos foi espancada pelo companheiro de 40 anos, na quarta-feira (21) em um s\u00edtio na cidade de Candeias, e o agressor gravou um \u00e1udio para o tio da mo\u00e7a, avisando que tinha batido nela e que poderia mat\u00e1-la se ele n\u00e3o fosse busc\u00e1-la. O casal se relaciona desde 2019, mas o namoro seria bastante conturbado, segundo a jovem.<\/p>\n<p style=\"text-align: justify;\">A fam\u00edlia da adolescente tinha conhecimento sobre o namoro. A jovem relatou ao Balan\u00e7o Geral nesta quinta-feira (22) que ao menos cinco vezes foi agredida pelo companheiro e, sempre que voltava para a casa de familiares, ele ia procur\u00e1-la e ela acabava retornando para o s\u00edtio para ficar com o agressor.<\/p>\n<p style=\"text-align: justify;\">Parte do \u00faltimo ataque foi gravado pelo pr\u00f3prio homem e enviado para o tio da adolescente, que ficou desesperado quando teve acesso ao conte\u00fado da mensagem e imaginou que a sobrinha tivesse sido assassinada. O choro e os gritos da jovem s\u00e3o n\u00edtidos durante a grava\u00e7\u00e3o.<\/p>\n<p style=\"text-align: justify;\">O motivo da briga, segundo a v\u00edtima, teria sido o ci\u00fame excessivo do namorado, que achou que ela estava falando com outros homens atrav\u00e9s do celular, mas ela apenas conversava com uma amiga. \u201cEle pegou meu celular e n\u00e3o queria devolver. Me deu murros no bra\u00e7o e no peito, amea\u00e7ou me matar. Ele \u00e9 muito ciumento. Pra ele, mulher n\u00e3o pode ter rela\u00e7\u00e3o com homem nenhum, s\u00f3 tem que viver do lado dele\u201d, contou a adolescente.<\/p>\n<p style=\"text-align: justify;\">A pol\u00edcia foi chamada horas depois para atender a ocorr\u00eancia e, quando as equipes chegaram ao s\u00edtio, foram impedidas pelo agressor de entrar, pois estariam sem mandado. A v\u00edtima prestou queixa na Delegacia Especial de Atendimento \u00e0 Mulher de Candeias e passou por exame de corpo de delito.<\/p>\n<p style=\"text-align: justify;\">\u201cA policial que esteve no s\u00edtio me disse para prestar queixa e que, se voltasse pra ele de novo, iria acabar sendo morta por ele. Quando ele bebe, fica transtornado. Se a pessoa faz qualquer pergunta, fica agressivo. Discute sem explica\u00e7\u00e3o\u201d, acrescentou a mo\u00e7a. O homem continua livre.<\/p>\n<p style=\"text-align: justify;\">O tio dela afirmou ao Balan\u00e7o Geral que ficou desesperado quando ouviu a mensagem ap\u00f3s o plant\u00e3o no trabalho. \u201cFiquei em p\u00e2nico, achei que estava morta. Minha m\u00e3e passou mal. Como ele grava a tortura e manda para o tio? Sou forte, sou agente de seguran\u00e7a, mas, por pouco, n\u00e3o dei um tro\u00e7o achando que ela estava morta. \u00c9 muita ousadia um outro ser humano decidir gravar \u00e1udio de tortura e mandar pra fam\u00edlia! Agiu de um modo selvagem\u201d, destacou o tio.<\/p>\n\n\n<p>Fontes: <em>BNews<\/em><\/p>\n","protected":false},"excerpt":{"rendered":"<p>Uma adolescente de 17 anos foi espancada pelo companheiro de 40 anos, na quarta-feira (21) em um s\u00edtio na cidade de Candeias, e o agressor gravou um \u00e1udio para o tio da mo\u00e7a, avisando que tinha batido nela e que poderia mat\u00e1-la se ele n\u00e3o fosse busc\u00e1-la. O casal se relaciona desde 2019, mas o [&hellip;]<\/p>\n","protected":false},"author":1,"featured_media":26086,"comment_status":"closed","ping_status":"open","sticky":false,"template":"","format":"standard","meta":{"_uag_custom_page_level_css":"","_monsterinsights_skip_tracking":false,"_monsterinsights_sitenote_active":false,"_monsterinsights_sitenote_note":"","_monsterinsights_sitenote_category":0,"jetpack_post_was_ever_published":false,"_jetpack_newsletter_access":"","_jetpack_dont_email_post_to_subs":false,"_jetpack_newsletter_tier_id":0,"_jetpack_memberships_contains_paywalled_content":false,"_jetpack_memberships_contains_paid_content":false,"footnotes":"","jetpack_publicize_message":"","jetpack_publicize_feature_enabled":true,"jetpack_social_post_already_shared":true,"jetpack_social_options":{"image_generator_settings":{"template":"highway","default_image_id":0,"font":"","enabled":false},"version":2}},"categories":[200,202],"tags":[4226,806,4228,4227],"class_list":["post-26085","post","type-post","status-publish","format-standard","has-post-thumbnail","hentry","category-brasil","category-policia","tag-homem-2","tag-adolescente","tag-candeias","tag-espanca-namorada"],"jetpack_publicize_connections":[],"jetpack_featured_media_url":"https:\/\/blogopara.com.br\/wp-content\/uploads\/2021\/07\/315380-IMAGEM_NOTICIA_0.jpg","uagb_featured_image_src":{"full":["https:\/\/blogopara.com.br\/wp-content\/uploads\/2021\/07\/315380-IMAGEM_NOTICIA_0.jpg",500,246,false],"thumbnail":["https:\/\/blogopara.com.br\/wp-content\/uploads\/2021\/07\/315380-IMAGEM_NOTICIA_0-150x150.jpg",150,150,true],"medium":["https:\/\/blogopara.com.br\/wp-content\/uploads\/2021\/07\/315380-IMAGEM_NOTICIA_0-300x148.jpg",300,148,true],"medium_large":["https:\/\/blogopara.com.br\/wp-content\/uploads\/2021\/07\/315380-IMAGEM_NOTICIA_0.jpg",500,246,false],"large":["https:\/\/blogopara.com.br\/wp-content\/uploads\/2021\/07\/315380-IMAGEM_NOTICIA_0.jpg",500,246,false],"1536x1536":["https:\/\/blogopara.com.br\/wp-content\/uploads\/2021\/07\/315380-IMAGEM_NOTICIA_0.jpg",500,246,false],"2048x2048":["https:\/\/blogopara.com.br\/wp-content\/uploads\/2021\/07\/315380-IMAGEM_NOTICIA_0.jpg",500,246,false],"mantranews-slider-large":["https:\/\/blogopara.com.br\/wp-content\/uploads\/2021\/07\/315380-IMAGEM_NOTICIA_0.jpg",500,246,false],"mantranews-featured-medium":["https:\/\/blogopara.com.br\/wp-content\/uploads\/2021\/07\/315380-IMAGEM_NOTICIA_0-420x246.jpg",420,246,true],"mantranews-featured-long":["https:\/\/blogopara.com.br\/wp-content\/uploads\/2021\/07\/315380-IMAGEM_NOTICIA_0-300x246.jpg",300,246,true],"mantranews-block-medium":["https:\/\/blogopara.com.br\/wp-content\/uploads\/2021\/07\/315380-IMAGEM_NOTICIA_0-464x246.jpg",464,246,true],"mantranews-carousel-image":["https:\/\/blogopara.com.br\/wp-content\/uploads\/2021\/07\/315380-IMAGEM_NOTICIA_0.jpg",500,246,false],"mantranews-block-thumb":["https:\/\/blogopara.com.br\/wp-content\/uploads\/2021\/07\/315380-IMAGEM_NOTICIA_0-322x230.jpg",322,230,true],"mantranews-single-large":["https:\/\/blogopara.com.br\/wp-content\/uploads\/2021\/07\/315380-IMAGEM_NOTICIA_0.jpg",500,246,false]},"uagb_author_info":{"display_name":"Reda\u00e7\u00e3o geral","author_link":"https:\/\/blogopara.com.br\/index.php\/author\/blogopara"},"uagb_comment_info":0,"uagb_excerpt":"Uma adolescente de 17 anos foi espancada pelo companheiro de 40 anos, na quarta-feira (21) em um s\u00edtio na cidade de Candeias, e o agressor gravou um \u00e1udio para o tio da mo\u00e7a, avisando que tinha batido nela e que poderia mat\u00e1-la se ele n\u00e3o fosse busc\u00e1-la. O casal se relaciona desde 2019, mas o&hellip;","jetpack_sharing_enabled":true,"jetpack_likes_enabled":true,"_links":{"self":[{"href":"https:\/\/blogopara.com.br\/index.php\/wp-json\/wp\/v2\/posts\/26085","targetHints":{"allow":["GET"]}}],"collection":[{"href":"https:\/\/blogopara.com.br\/index.php\/wp-json\/wp\/v2\/posts"}],"about":[{"href":"https:\/\/blogopara.com.br\/index.php\/wp-json\/wp\/v2\/types\/post"}],"author":[{"embeddable":true,"href":"https:\/\/blogopara.com.br\/index.php\/wp-json\/wp\/v2\/users\/1"}],"replies":[{"embeddable":true,"href":"https:\/\/blogopara.com.br\/index.php\/wp-json\/wp\/v2\/comments?post=26085"}],"version-history":[{"count":1,"href":"https:\/\/blogopara.com.br\/index.php\/wp-json\/wp\/v2\/posts\/26085\/revisions"}],"predecessor-version":[{"id":26087,"href":"https:\/\/blogopara.com.br\/index.php\/wp-json\/wp\/v2\/posts\/26085\/revisions\/26087"}],"wp:featuredmedia":[{"embeddable":true,"href":"https:\/\/blogopara.com.br\/index.php\/wp-json\/wp\/v2\/media\/26086"}],"wp:attachment":[{"href":"https:\/\/blogopara.com.br\/index.php\/wp-json\/wp\/v2\/media?parent=26085"}],"wp:term":[{"taxonomy":"category","embeddable":true,"href":"https:\/\/blogopara.com.br\/index.php\/wp-json\/wp\/v2\/categories?post=26085"},{"taxonomy":"post_tag","embeddable":true,"href":"https:\/\/blogopara.com.br\/index.php\/wp-json\/wp\/v2\/tags?post=26085"}],"curies":[{"name":"wp","href":"https:\/\/api.w.org\/{rel}","templated":true}]}}