{"id":26122,"date":"2021-07-23T16:11:00","date_gmt":"2021-07-23T19:11:00","guid":{"rendered":"https:\/\/blogopara.com.br\/?p=26122"},"modified":"2021-07-23T15:05:15","modified_gmt":"2021-07-23T18:05:15","slug":"caso-beto-cicatriz-policia-prende-suspeita-da-morte-de-vereador-em-irara","status":"publish","type":"post","link":"https:\/\/blogopara.com.br\/index.php\/2021\/07\/23\/caso-beto-cicatriz-policia-prende-suspeita-da-morte-de-vereador-em-irara","title":{"rendered":"Caso \u2018Beto Cicatriz\u2019: Pol\u00edcia prende suspeita da morte de vereador em Irar\u00e1"},"content":{"rendered":"\n\n<p style=\"text-align: justify;\">Equipes da 2\u00aa Coordenadoria Regional de Pol\u00edcia do Interior (Coorpin\/Alagoinhas) e da Delegacia Territorial do munic\u00edpio prenderam, nesta quinta-feira (22\/07), uma mulher de 52 anos pela morte do vereador de Irar\u00e1 Jos\u00e9 Roberto Alves de Oliveira, o \u2018Beto Cicatriz\u2019, no \u00faltimo dia 11. Ela era a companheira do pol\u00edtico.<\/p>\n<p style=\"text-align: justify;\"><span style=\"font-size: inherit;\">A apura\u00e7\u00e3o da Pol\u00edcia Civil apontou que a rela\u00e7\u00e3o do vereador com sua parceira era muito tumultuada e repleta de brigas \u2013 inclusive sobre uma propriedade rural do pol\u00edtico. Ao iniciarem as investiga\u00e7\u00f5es, as unidades obtiveram a informa\u00e7\u00e3o de que, na madrugada do crime, ela e um homem sa\u00edram de um condom\u00ednio em Arembepe em dire\u00e7\u00e3o \u00e0 zona rural de Irar\u00e1 \u2013 o que foi confirmado por imagens \u00e0s quais os policiais tiveram acesso.<\/span><\/p>\n<p style=\"text-align: justify;\">A investiga\u00e7\u00e3o evidenciou contradi\u00e7\u00f5es no depoimento concedido pela mulher dias antes, visto que ela alegou estar em casa na data do fato e ter tomado conhecimento do crime por meio de uma liga\u00e7\u00e3o telef\u00f4nica. O homem apontado como comparsa na empreitada criminosa desapareceu, o que refor\u00e7ou as suspeitas. Ap\u00f3s outras dilig\u00eancias que confirmaram o envolvimento de ambos, foram pedidos os mandados de pris\u00e3o tempor\u00e1ria \u2013 conforme explicou o coordenador da 2\u00aa Coorpin, delegado F\u00e1bio Santos da Silva.<\/p>\n<p style=\"text-align: justify;\">\u201cA investiga\u00e7\u00e3o se iniciou exatamente no dia do homic\u00eddio. Equipes da 2\u00aa Coorpin se deslocaram ao local e colheram as informa\u00e7\u00f5es. Chegando l\u00e1, a gente teve a informa\u00e7\u00e3o de um carro preto que participou do crime. Ap\u00f3s a identifica\u00e7\u00e3o da placa, descobrimos toda a trajet\u00f3ria dele, desde o hor\u00e1rio em que ele saiu. E ela autorizou a entrada desse homem, agora foragido, no condom\u00ednio, e saiu com ele no ve\u00edculo. O tempo do retorno do carro ao condom\u00ednio condiz com o tempo de viagem do local do crime ao condom\u00ednio. Temos uma vasta documenta\u00e7\u00e3o em provas que denotam a participa\u00e7\u00e3o dos dois no homic\u00eddio\u201d, disse o delegado, que informou ainda que a suspeita exerceu o seu direito de permanecer calada.<\/p>\n<p style=\"text-align: justify;\">A companheira de Jos\u00e9 Roberto Alves de Oliveira est\u00e1 \u00e0 disposi\u00e7\u00e3o do Poder Judici\u00e1rio. As investiga\u00e7\u00f5es continuam para localizar o outro suspeito.<\/p>\n<p>\u00a0<\/p>\n<p>Fonte: Informe Baiano<\/p>\n\n\n<p><\/p>\n","protected":false},"excerpt":{"rendered":"<p>Equipes da 2\u00aa Coordenadoria Regional de Pol\u00edcia do Interior (Coorpin\/Alagoinhas) e da Delegacia Territorial do munic\u00edpio prenderam, nesta quinta-feira (22\/07), uma mulher de 52 anos pela morte do vereador de Irar\u00e1 Jos\u00e9 Roberto Alves de Oliveira, o \u2018Beto Cicatriz\u2019, no \u00faltimo dia 11. Ela era a companheira do pol\u00edtico. A apura\u00e7\u00e3o da Pol\u00edcia Civil apontou [&hellip;]<\/p>\n","protected":false},"author":1,"featured_media":26123,"comment_status":"closed","ping_status":"open","sticky":false,"template":"","format":"standard","meta":{"_uag_custom_page_level_css":"","_monsterinsights_skip_tracking":false,"_monsterinsights_sitenote_active":false,"_monsterinsights_sitenote_note":"","_monsterinsights_sitenote_category":0,"jetpack_post_was_ever_published":false,"_jetpack_newsletter_access":"","_jetpack_dont_email_post_to_subs":false,"_jetpack_newsletter_tier_id":0,"_jetpack_memberships_contains_paywalled_content":false,"_jetpack_memberships_contains_paid_content":false,"footnotes":"","jetpack_publicize_message":"","jetpack_publicize_feature_enabled":true,"jetpack_social_post_already_shared":true,"jetpack_social_options":{"image_generator_settings":{"template":"highway","default_image_id":0,"font":"","enabled":false},"version":2}},"categories":[203],"tags":[4246,1290,935,792,233],"class_list":["post-26122","post","type-post","status-publish","format-standard","has-post-thumbnail","hentry","category-juazeiro","tag-irara","tag-morte","tag-prisao","tag-suspeito","tag-vereador"],"jetpack_publicize_connections":[],"jetpack_featured_media_url":"https:\/\/blogopara.com.br\/wp-content\/uploads\/2021\/07\/ecbbd847-fe7d-4c57-bed4-6c7fe87aef61-1.jpg","uagb_featured_image_src":{"full":["https:\/\/blogopara.com.br\/wp-content\/uploads\/2021\/07\/ecbbd847-fe7d-4c57-bed4-6c7fe87aef61-1.jpg",500,368,false],"thumbnail":["https:\/\/blogopara.com.br\/wp-content\/uploads\/2021\/07\/ecbbd847-fe7d-4c57-bed4-6c7fe87aef61-1-150x150.jpg",150,150,true],"medium":["https:\/\/blogopara.com.br\/wp-content\/uploads\/2021\/07\/ecbbd847-fe7d-4c57-bed4-6c7fe87aef61-1-300x221.jpg",300,221,true],"medium_large":["https:\/\/blogopara.com.br\/wp-content\/uploads\/2021\/07\/ecbbd847-fe7d-4c57-bed4-6c7fe87aef61-1.jpg",500,368,false],"large":["https:\/\/blogopara.com.br\/wp-content\/uploads\/2021\/07\/ecbbd847-fe7d-4c57-bed4-6c7fe87aef61-1.jpg",500,368,false],"1536x1536":["https:\/\/blogopara.com.br\/wp-content\/uploads\/2021\/07\/ecbbd847-fe7d-4c57-bed4-6c7fe87aef61-1.jpg",500,368,false],"2048x2048":["https:\/\/blogopara.com.br\/wp-content\/uploads\/2021\/07\/ecbbd847-fe7d-4c57-bed4-6c7fe87aef61-1.jpg",500,368,false],"mantranews-slider-large":["https:\/\/blogopara.com.br\/wp-content\/uploads\/2021\/07\/ecbbd847-fe7d-4c57-bed4-6c7fe87aef61-1.jpg",500,368,false],"mantranews-featured-medium":["https:\/\/blogopara.com.br\/wp-content\/uploads\/2021\/07\/ecbbd847-fe7d-4c57-bed4-6c7fe87aef61-1-420x307.jpg",420,307,true],"mantranews-featured-long":["https:\/\/blogopara.com.br\/wp-content\/uploads\/2021\/07\/ecbbd847-fe7d-4c57-bed4-6c7fe87aef61-1-300x368.jpg",300,368,true],"mantranews-block-medium":["https:\/\/blogopara.com.br\/wp-content\/uploads\/2021\/07\/ecbbd847-fe7d-4c57-bed4-6c7fe87aef61-1-464x290.jpg",464,290,true],"mantranews-carousel-image":["https:\/\/blogopara.com.br\/wp-content\/uploads\/2021\/07\/ecbbd847-fe7d-4c57-bed4-6c7fe87aef61-1.jpg",500,368,false],"mantranews-block-thumb":["https:\/\/blogopara.com.br\/wp-content\/uploads\/2021\/07\/ecbbd847-fe7d-4c57-bed4-6c7fe87aef61-1-322x230.jpg",322,230,true],"mantranews-single-large":["https:\/\/blogopara.com.br\/wp-content\/uploads\/2021\/07\/ecbbd847-fe7d-4c57-bed4-6c7fe87aef61-1.jpg",500,368,false]},"uagb_author_info":{"display_name":"Reda\u00e7\u00e3o geral","author_link":"https:\/\/blogopara.com.br\/index.php\/author\/blogopara"},"uagb_comment_info":0,"uagb_excerpt":"Equipes da 2\u00aa Coordenadoria Regional de Pol\u00edcia do Interior (Coorpin\/Alagoinhas) e da Delegacia Territorial do munic\u00edpio prenderam, nesta quinta-feira (22\/07), uma mulher de 52 anos pela morte do vereador de Irar\u00e1 Jos\u00e9 Roberto Alves de Oliveira, o \u2018Beto Cicatriz\u2019, no \u00faltimo dia 11. Ela era a companheira do pol\u00edtico. A apura\u00e7\u00e3o da Pol\u00edcia Civil apontou&hellip;","jetpack_sharing_enabled":true,"jetpack_likes_enabled":true,"_links":{"self":[{"href":"https:\/\/blogopara.com.br\/index.php\/wp-json\/wp\/v2\/posts\/26122","targetHints":{"allow":["GET"]}}],"collection":[{"href":"https:\/\/blogopara.com.br\/index.php\/wp-json\/wp\/v2\/posts"}],"about":[{"href":"https:\/\/blogopara.com.br\/index.php\/wp-json\/wp\/v2\/types\/post"}],"author":[{"embeddable":true,"href":"https:\/\/blogopara.com.br\/index.php\/wp-json\/wp\/v2\/users\/1"}],"replies":[{"embeddable":true,"href":"https:\/\/blogopara.com.br\/index.php\/wp-json\/wp\/v2\/comments?post=26122"}],"version-history":[{"count":2,"href":"https:\/\/blogopara.com.br\/index.php\/wp-json\/wp\/v2\/posts\/26122\/revisions"}],"predecessor-version":[{"id":26125,"href":"https:\/\/blogopara.com.br\/index.php\/wp-json\/wp\/v2\/posts\/26122\/revisions\/26125"}],"wp:featuredmedia":[{"embeddable":true,"href":"https:\/\/blogopara.com.br\/index.php\/wp-json\/wp\/v2\/media\/26123"}],"wp:attachment":[{"href":"https:\/\/blogopara.com.br\/index.php\/wp-json\/wp\/v2\/media?parent=26122"}],"wp:term":[{"taxonomy":"category","embeddable":true,"href":"https:\/\/blogopara.com.br\/index.php\/wp-json\/wp\/v2\/categories?post=26122"},{"taxonomy":"post_tag","embeddable":true,"href":"https:\/\/blogopara.com.br\/index.php\/wp-json\/wp\/v2\/tags?post=26122"}],"curies":[{"name":"wp","href":"https:\/\/api.w.org\/{rel}","templated":true}]}}