{"id":26197,"date":"2021-07-25T16:13:00","date_gmt":"2021-07-25T19:13:00","guid":{"rendered":"https:\/\/blogopara.com.br\/?p=26197"},"modified":"2021-07-25T09:59:15","modified_gmt":"2021-07-25T12:59:15","slug":"morre-marco-antonio-raupp-ex-ministro-de-ciencia-e-tecnologia-do-governo-dilma","status":"publish","type":"post","link":"https:\/\/blogopara.com.br\/index.php\/2021\/07\/25\/morre-marco-antonio-raupp-ex-ministro-de-ciencia-e-tecnologia-do-governo-dilma","title":{"rendered":"Morre Marco Ant\u00f4nio Raupp, ex-ministro de Ci\u00eancia e Tecnologia do governo Dilma"},"content":{"rendered":"<p style=\"text-align: justify;\">O pesquisador Marco Ant\u00f4nio Raupp, ex-ministro de Ci\u00eancia e Tecnologia do governo de Dilma Rousseff (PT), morreu neste s\u00e1bado (24) aos 83 anos. De acordo com informa\u00e7\u00f5es do jornal O Globo, Raupp enfrentava nos \u00faltimos anos um tumor cerebral e faleceu de insufici\u00eancia respirat\u00f3ria aguda, em decorr\u00eancia do avan\u00e7o da doen\u00e7a.<\/p>\n<p style=\"text-align: justify;\">Ele chefiou o minist\u00e9rio por pouco mais de dois anos, entre janeiro de 2012 a mar\u00e7o de 2014. Atualmente, Raupp era diretor-geral da Associa\u00e7\u00e3o Parque Tecnol\u00f3gico de S\u00e3o Jos\u00e9 dos Campos (SP), fun\u00e7\u00e3o que ocupou por quase oito anos.<\/p>\n<p style=\"text-align: justify;\">Doutor em Matem\u00e1tica pela Universidade de Chicago, e livre-docente pela Universidade de S\u00e3o Paulo, no Instituto de Matem\u00e1tica e Estat\u00edstica, Raupp foi diretor e pesquisador do Instituto Nacional de Pesquisas Espaciais (Inpe), presidiu a Ag\u00eancia Espacial Brasileira (AEB) e a Sociedade Brasileira para o Progresso da Ci\u00eancia (SBPC).<\/p>\n<p>Fonte: BNews<\/p>\n","protected":false},"excerpt":{"rendered":"<p>O pesquisador Marco Ant\u00f4nio Raupp, ex-ministro de Ci\u00eancia e Tecnologia do governo de Dilma Rousseff (PT), morreu neste s\u00e1bado (24) aos 83 anos. De acordo com informa\u00e7\u00f5es do jornal O Globo, Raupp enfrentava nos \u00faltimos anos um tumor cerebral e faleceu de insufici\u00eancia respirat\u00f3ria aguda, em decorr\u00eancia do avan\u00e7o da doen\u00e7a. Ele chefiou o minist\u00e9rio [&hellip;]<\/p>\n","protected":false},"author":1,"featured_media":26198,"comment_status":"closed","ping_status":"open","sticky":false,"template":"","format":"standard","meta":{"_uag_custom_page_level_css":"","_monsterinsights_skip_tracking":false,"_monsterinsights_sitenote_active":false,"_monsterinsights_sitenote_note":"","_monsterinsights_sitenote_category":0,"jetpack_post_was_ever_published":false,"_jetpack_newsletter_access":"","_jetpack_dont_email_post_to_subs":false,"_jetpack_newsletter_tier_id":0,"_jetpack_memberships_contains_paywalled_content":false,"_jetpack_memberships_contains_paid_content":false,"footnotes":"","jetpack_publicize_message":"","jetpack_publicize_feature_enabled":true,"jetpack_social_post_already_shared":true,"jetpack_social_options":{"image_generator_settings":{"template":"highway","default_image_id":0,"font":"","enabled":false},"version":2}},"categories":[200],"tags":[4280,4279,4281,1290],"class_list":["post-26197","post","type-post","status-publish","format-standard","has-post-thumbnail","hentry","category-brasil","tag-ciencia-e-tecnologia","tag-ex-ministro","tag-governo-dilma","tag-morte"],"jetpack_publicize_connections":[],"jetpack_featured_media_url":"https:\/\/blogopara.com.br\/wp-content\/uploads\/2021\/07\/315677-IMAGEM_NOTICIA_0.jpg","uagb_featured_image_src":{"full":["https:\/\/blogopara.com.br\/wp-content\/uploads\/2021\/07\/315677-IMAGEM_NOTICIA_0.jpg",500,246,false],"thumbnail":["https:\/\/blogopara.com.br\/wp-content\/uploads\/2021\/07\/315677-IMAGEM_NOTICIA_0-150x150.jpg",150,150,true],"medium":["https:\/\/blogopara.com.br\/wp-content\/uploads\/2021\/07\/315677-IMAGEM_NOTICIA_0-300x148.jpg",300,148,true],"medium_large":["https:\/\/blogopara.com.br\/wp-content\/uploads\/2021\/07\/315677-IMAGEM_NOTICIA_0.jpg",500,246,false],"large":["https:\/\/blogopara.com.br\/wp-content\/uploads\/2021\/07\/315677-IMAGEM_NOTICIA_0.jpg",500,246,false],"1536x1536":["https:\/\/blogopara.com.br\/wp-content\/uploads\/2021\/07\/315677-IMAGEM_NOTICIA_0.jpg",500,246,false],"2048x2048":["https:\/\/blogopara.com.br\/wp-content\/uploads\/2021\/07\/315677-IMAGEM_NOTICIA_0.jpg",500,246,false],"mantranews-slider-large":["https:\/\/blogopara.com.br\/wp-content\/uploads\/2021\/07\/315677-IMAGEM_NOTICIA_0.jpg",500,246,false],"mantranews-featured-medium":["https:\/\/blogopara.com.br\/wp-content\/uploads\/2021\/07\/315677-IMAGEM_NOTICIA_0-420x246.jpg",420,246,true],"mantranews-featured-long":["https:\/\/blogopara.com.br\/wp-content\/uploads\/2021\/07\/315677-IMAGEM_NOTICIA_0-300x246.jpg",300,246,true],"mantranews-block-medium":["https:\/\/blogopara.com.br\/wp-content\/uploads\/2021\/07\/315677-IMAGEM_NOTICIA_0-464x246.jpg",464,246,true],"mantranews-carousel-image":["https:\/\/blogopara.com.br\/wp-content\/uploads\/2021\/07\/315677-IMAGEM_NOTICIA_0.jpg",500,246,false],"mantranews-block-thumb":["https:\/\/blogopara.com.br\/wp-content\/uploads\/2021\/07\/315677-IMAGEM_NOTICIA_0-322x230.jpg",322,230,true],"mantranews-single-large":["https:\/\/blogopara.com.br\/wp-content\/uploads\/2021\/07\/315677-IMAGEM_NOTICIA_0.jpg",500,246,false]},"uagb_author_info":{"display_name":"Reda\u00e7\u00e3o geral","author_link":"https:\/\/blogopara.com.br\/index.php\/author\/blogopara"},"uagb_comment_info":0,"uagb_excerpt":"O pesquisador Marco Ant\u00f4nio Raupp, ex-ministro de Ci\u00eancia e Tecnologia do governo de Dilma Rousseff (PT), morreu neste s\u00e1bado (24) aos 83 anos. De acordo com informa\u00e7\u00f5es do jornal O Globo, Raupp enfrentava nos \u00faltimos anos um tumor cerebral e faleceu de insufici\u00eancia respirat\u00f3ria aguda, em decorr\u00eancia do avan\u00e7o da doen\u00e7a. Ele chefiou o minist\u00e9rio&hellip;","jetpack_sharing_enabled":true,"jetpack_likes_enabled":true,"_links":{"self":[{"href":"https:\/\/blogopara.com.br\/index.php\/wp-json\/wp\/v2\/posts\/26197","targetHints":{"allow":["GET"]}}],"collection":[{"href":"https:\/\/blogopara.com.br\/index.php\/wp-json\/wp\/v2\/posts"}],"about":[{"href":"https:\/\/blogopara.com.br\/index.php\/wp-json\/wp\/v2\/types\/post"}],"author":[{"embeddable":true,"href":"https:\/\/blogopara.com.br\/index.php\/wp-json\/wp\/v2\/users\/1"}],"replies":[{"embeddable":true,"href":"https:\/\/blogopara.com.br\/index.php\/wp-json\/wp\/v2\/comments?post=26197"}],"version-history":[{"count":1,"href":"https:\/\/blogopara.com.br\/index.php\/wp-json\/wp\/v2\/posts\/26197\/revisions"}],"predecessor-version":[{"id":26199,"href":"https:\/\/blogopara.com.br\/index.php\/wp-json\/wp\/v2\/posts\/26197\/revisions\/26199"}],"wp:featuredmedia":[{"embeddable":true,"href":"https:\/\/blogopara.com.br\/index.php\/wp-json\/wp\/v2\/media\/26198"}],"wp:attachment":[{"href":"https:\/\/blogopara.com.br\/index.php\/wp-json\/wp\/v2\/media?parent=26197"}],"wp:term":[{"taxonomy":"category","embeddable":true,"href":"https:\/\/blogopara.com.br\/index.php\/wp-json\/wp\/v2\/categories?post=26197"},{"taxonomy":"post_tag","embeddable":true,"href":"https:\/\/blogopara.com.br\/index.php\/wp-json\/wp\/v2\/tags?post=26197"}],"curies":[{"name":"wp","href":"https:\/\/api.w.org\/{rel}","templated":true}]}}