{"id":26257,"date":"2021-07-27T11:37:00","date_gmt":"2021-07-27T14:37:00","guid":{"rendered":"https:\/\/blogopara.com.br\/?p=26257"},"modified":"2021-07-27T09:20:34","modified_gmt":"2021-07-27T12:20:34","slug":"apos-dois-incidentes-com-tubarao-em-15-dias-trecho-de-praia-em-piedade-e-interditado-para-banho","status":"publish","type":"post","link":"https:\/\/blogopara.com.br\/index.php\/2021\/07\/27\/apos-dois-incidentes-com-tubarao-em-15-dias-trecho-de-praia-em-piedade-e-interditado-para-banho","title":{"rendered":"Ap\u00f3s dois incidentes com tubar\u00e3o em 15 dias, trecho de praia em Piedade \u00e9 interditado para banho"},"content":{"rendered":"<p style=\"text-align: justify;\">O trecho de praia em Piedade onde ocorreram dois incidentes com tubar\u00e3o em 15 dias, sendo\u00a0<a href=\"https:\/\/www.folhape.com.br\/noticias\/banhista-e-atacado-por-tubarao-na-praia-de-piedade-segunda-vitima-em\/191403\/\" target=\"_blank\" rel=\"noopener\"><strong>o mais recente no \u00faltimo domingo (25)<\/strong><\/a>\u00a0e o\u00a0<a href=\"https:\/\/www.folhape.com.br\/noticias\/banhista-morre-apos-ser-atacado-por-tubarao-na-praia-de-piedade\/189918\/\" target=\"_blank\" rel=\"noopener\"><strong>anterior com v\u00edtima fatal<\/strong><\/a>, em 10 de julho, est\u00e1 interditado para banho de mar por tempo indeterminado, a partir desta ter\u00e7a-feira (27).<\/p>\n<p style=\"text-align: justify;\">A determina\u00e7\u00e3o consta em decreto publicado no Di\u00e1rio Oficial do munic\u00edpio pela Prefeitura de Jaboat\u00e3o dos Guararapes, na Regi\u00e3o Metropolitana do Recife <em><strong>[leia a \u00edntegra no final do texto]<\/strong><\/em>.<\/p>\n<div class=\"teads-inread sm-screen\" style=\"text-align: justify;\">\n<div>\n<div class=\"teads-ui-components-label\"><\/div>\n<div id=\"teads0\" class=\"teads-player\"><span style=\"font-size: inherit;\">Segundo o decreto, a medida, que foi tomada pela primeira vez no litoral pernambucano em raz\u00e3o de ocorr\u00eancias com tubar\u00e3o, vale enquanto forem feitos estudos e pesquisas para descobrir os \u201crecentes e frequentes ataques de tubar\u00e3o na \u00e1rea\u201d e tendo em conta a \u201cgrave reincid\u00eancia hist\u00f3rica\u201d.<\/span><\/div>\n<\/div>\n<\/div>\n<p style=\"text-align: justify;\">O trecho de orla considerado pelo decreto tem aproximadamente 1,6 quil\u00f4metro e vai da Igrejinha de Piedade ao Barramares Hotel.<\/p>\n<p>\u201cO trecho de \u00e1rea objeto da interdi\u00e7\u00e3o ser\u00e1 objeto de intensa fiscaliza\u00e7\u00e3o e sinaliza\u00e7\u00e3o para orienta\u00e7\u00e3o dos banhistas\u201d, cita o decreto assinado pelo prefeito de Jaboat\u00e3o dos Guararapes, Anderson Ferreira.<\/p>\n<p>A fiscaliza\u00e7\u00e3o do trecho ser\u00e1 realizada pela Guarda Civil Municipal, com apoio das For\u00e7as de Seguran\u00e7a do Estado.<\/p>\n<p><strong>Ocorr\u00eancias<\/strong><br \/>\nNo \u00faltimo domingo (25),\u00a0<a href=\"https:\/\/www.folhape.com.br\/noticias\/banhista-e-atacado-por-tubarao-na-praia-de-piedade-segunda-vitima-em\/191403\/\" target=\"_blank\" rel=\"noopener\"><strong>o banhista Everton dos Reis Guimar\u00e3es, de 32 anos, foi v\u00edtima de um incidente com tubar\u00e3o<\/strong><\/a>\u00a0na altura da Igrejinha de Piedade. Ele sofreu les\u00f5es na parte posterior da coxa esquerda e nos gl\u00fateos provocadas pela mordida do animal.<\/p>\n<p>Logo ap\u00f3s o incidente, Everton foi atendido por salva-vidas que estavam no local e realizaram os primeiros socorros. Ele foi encaminhado ao Hospital da Aeron\u00e1utica, em Jaboat\u00e3o, e posteriormente transferido para o Hospital da Restaura\u00e7\u00e3o, onde foi submetido a uma cirurgia logo ap\u00f3s dar entrada na unidade.<\/p>\n<div id=\"ad-middle\" class=\" adRef\" style=\"text-align: justify;\" data-google-query-id=\"CK7X-OObg_ICFYEmuQYdMZEHVA\">\n<div id=\"google_ads_iframe_\/21867286880\/folhape\/vmiddle_0__container__\"><span style=\"font-size: inherit;\">Depois do procedimento, ele ficou algumas horas internado em uma \u00e1rea de observa\u00e7\u00e3o e foi transferido para a enfermaria. Ainda n\u00e3o h\u00e1 previs\u00e3o de alta m\u00e9dica para ele.<\/span><\/div>\n<\/div>\n<p style=\"text-align: justify;\">\nDuas semanas antes, em 10 de julho,\u00a0<a href=\"https:\/\/www.folhape.com.br\/noticias\/banhista-morre-apos-ser-atacado-por-tubarao-na-praia-de-piedade\/189918\/\" target=\"_blank\" rel=\"noopener\"><strong>Marcelo Rocha Santos, 51 anos, morreu ap\u00f3s ser mordido por um tubar\u00e3o tigre<\/strong><\/a>, no mesmo ponto da praia de Piedade.<\/p>\n<p>Com os dois registros em julho, subiu para 67 o n\u00famero de casos de incidentes com tubar\u00e3o notificados em Pernambuco pelo Comit\u00ea Estadual de Monitoramento de Incidentes com Tubar\u00e3o (Cemit) desde 1992.<\/p>\n<p><strong>\u00cdntegra do decreto<\/strong><\/p>\n<p style=\"text-align: justify;\"><em>DECRETO N\u00ba 79 , DE 26 DE JULHO DE 2021<\/em><\/p>\n<p style=\"text-align: justify;\"><em>Ementa: Disp\u00f5e sobre a interdi\u00e7\u00e3o tempor\u00e1ria de trecho da orla da praia de Piedade para banho de mar, enquanto realizados estudos e pesquisas em raz\u00e3o dos recentes e frequentes ataques de tubar\u00e3o na \u00e1rea.<\/em><\/p>\n<p style=\"text-align: justify;\"><em>DECRETA:<\/em><\/p>\n<p style=\"text-align: justify;\"><em>Art. 1\u00ba Fica interditado por per\u00edodo indeterminado, para banho de mar, o trecho de praia do Munic\u00edpio do Jaboat\u00e3o dos Guararapes compreendido entre as seguintes coordenadas: \u2013 8.17546, -34.91389 (\u201cIgrejinha de Piedade\u201d) e -8.15585, -34.90775 (\u201cBarramares Hotel\u201d), enquanto durarem os estudos e pesquisas relacionados aos \u00faltimos ataques de tubar\u00e3o na \u00e1rea, tendo em conta sua grave reincid\u00eancia hist\u00f3rica.<\/em><\/p>\n<p style=\"text-align: justify;\"><em>Par\u00e1grafo \u00fanico \u2013 o trecho de \u00e1rea objeto da interdi\u00e7\u00e3o ser\u00e1 objeto de intensa fiscaliza\u00e7\u00e3o e sinaliza\u00e7\u00e3o para orienta\u00e7\u00e3o dos banhistas.<\/em><\/p>\n<p style=\"text-align: justify;\"><em>Art. 2\u00ba A fiscaliza\u00e7\u00e3o da \u00e1rea ser\u00e1 realizada pela Guarda Civil Municipal, com apoio das For\u00e7as de Seguran\u00e7a do Estado competentes.<\/em><\/p>\n<p style=\"text-align: justify;\"><em>Art. 3\u00ba O presente Decreto entrar\u00e1 em vigor na data de sua publica\u00e7\u00e3o.<\/em><\/p>\n<p style=\"text-align: justify;\"><em>Jaboat\u00e3o dos Guararapes, 26 de julho de 2021.<\/em><\/p>\n<p style=\"text-align: justify;\"><em>ANDERSON FERREIRA RODRIGUES<\/em><\/p>\n<p style=\"text-align: justify;\"><em>Prefeito<\/em><\/p>\n<section class=\"bannerBillboardDetalhe\">\n<div id=\"middle\" data-google-query-id=\"CMae7aObg_ICFUU0uQYdQcIAgw\">\n<div id=\"google_ads_iframe_\/88816410\/folhape\/noticias_1__container__\" style=\"text-align: justify;\"><strong>Por:\u00a0Portal Folha de Pernambuco<\/strong><\/div>\n<\/div>\n<\/section>\n","protected":false},"excerpt":{"rendered":"<p>O trecho de praia em Piedade onde ocorreram dois incidentes com tubar\u00e3o em 15 dias, sendo\u00a0o mais recente no \u00faltimo domingo (25)\u00a0e o\u00a0anterior com v\u00edtima fatal, em 10 de julho, est\u00e1 interditado para banho de mar por tempo indeterminado, a partir desta ter\u00e7a-feira (27). A determina\u00e7\u00e3o consta em decreto publicado no Di\u00e1rio Oficial do munic\u00edpio [&hellip;]<\/p>\n","protected":false},"author":1,"featured_media":26258,"comment_status":"closed","ping_status":"open","sticky":false,"template":"","format":"standard","meta":{"_uag_custom_page_level_css":"","_monsterinsights_skip_tracking":false,"_monsterinsights_sitenote_active":false,"_monsterinsights_sitenote_note":"","_monsterinsights_sitenote_category":0,"jetpack_post_was_ever_published":false,"_jetpack_newsletter_access":"","_jetpack_dont_email_post_to_subs":false,"_jetpack_newsletter_tier_id":0,"_jetpack_memberships_contains_paywalled_content":false,"_jetpack_memberships_contains_paid_content":false,"footnotes":"","jetpack_publicize_message":"","jetpack_publicize_feature_enabled":true,"jetpack_social_post_already_shared":true,"jetpack_social_options":{"image_generator_settings":{"template":"highway","default_image_id":0,"font":"","enabled":false},"version":2}},"categories":[1507],"tags":[4310,4309,4008,4308],"class_list":["post-26257","post","type-post","status-publish","format-standard","has-post-thumbnail","hentry","category-pernambuco","tag-incidentes-com-tubarao","tag-interditado","tag-piedade","tag-trecho-de-praia"],"jetpack_publicize_connections":[],"jetpack_featured_media_url":"https:\/\/blogopara.com.br\/wp-content\/uploads\/2021\/07\/whatsapp-image-2021-07-27-at-081836.jpeg","uagb_featured_image_src":{"full":["https:\/\/blogopara.com.br\/wp-content\/uploads\/2021\/07\/whatsapp-image-2021-07-27-at-081836.jpeg",500,333,false],"thumbnail":["https:\/\/blogopara.com.br\/wp-content\/uploads\/2021\/07\/whatsapp-image-2021-07-27-at-081836-150x150.jpeg",150,150,true],"medium":["https:\/\/blogopara.com.br\/wp-content\/uploads\/2021\/07\/whatsapp-image-2021-07-27-at-081836-300x200.jpeg",300,200,true],"medium_large":["https:\/\/blogopara.com.br\/wp-content\/uploads\/2021\/07\/whatsapp-image-2021-07-27-at-081836.jpeg",500,333,false],"large":["https:\/\/blogopara.com.br\/wp-content\/uploads\/2021\/07\/whatsapp-image-2021-07-27-at-081836.jpeg",500,333,false],"1536x1536":["https:\/\/blogopara.com.br\/wp-content\/uploads\/2021\/07\/whatsapp-image-2021-07-27-at-081836.jpeg",500,333,false],"2048x2048":["https:\/\/blogopara.com.br\/wp-content\/uploads\/2021\/07\/whatsapp-image-2021-07-27-at-081836.jpeg",500,333,false],"mantranews-slider-large":["https:\/\/blogopara.com.br\/wp-content\/uploads\/2021\/07\/whatsapp-image-2021-07-27-at-081836.jpeg",500,333,false],"mantranews-featured-medium":["https:\/\/blogopara.com.br\/wp-content\/uploads\/2021\/07\/whatsapp-image-2021-07-27-at-081836-420x307.jpeg",420,307,true],"mantranews-featured-long":["https:\/\/blogopara.com.br\/wp-content\/uploads\/2021\/07\/whatsapp-image-2021-07-27-at-081836-300x333.jpeg",300,333,true],"mantranews-block-medium":["https:\/\/blogopara.com.br\/wp-content\/uploads\/2021\/07\/whatsapp-image-2021-07-27-at-081836-464x290.jpeg",464,290,true],"mantranews-carousel-image":["https:\/\/blogopara.com.br\/wp-content\/uploads\/2021\/07\/whatsapp-image-2021-07-27-at-081836.jpeg",500,333,false],"mantranews-block-thumb":["https:\/\/blogopara.com.br\/wp-content\/uploads\/2021\/07\/whatsapp-image-2021-07-27-at-081836-322x230.jpeg",322,230,true],"mantranews-single-large":["https:\/\/blogopara.com.br\/wp-content\/uploads\/2021\/07\/whatsapp-image-2021-07-27-at-081836.jpeg",500,333,false]},"uagb_author_info":{"display_name":"Reda\u00e7\u00e3o geral","author_link":"https:\/\/blogopara.com.br\/index.php\/author\/blogopara"},"uagb_comment_info":0,"uagb_excerpt":"O trecho de praia em Piedade onde ocorreram dois incidentes com tubar\u00e3o em 15 dias, sendo\u00a0o mais recente no \u00faltimo domingo (25)\u00a0e o\u00a0anterior com v\u00edtima fatal, em 10 de julho, est\u00e1 interditado para banho de mar por tempo indeterminado, a partir desta ter\u00e7a-feira (27). A determina\u00e7\u00e3o consta em decreto publicado no Di\u00e1rio Oficial do munic\u00edpio&hellip;","jetpack_sharing_enabled":true,"jetpack_likes_enabled":true,"_links":{"self":[{"href":"https:\/\/blogopara.com.br\/index.php\/wp-json\/wp\/v2\/posts\/26257","targetHints":{"allow":["GET"]}}],"collection":[{"href":"https:\/\/blogopara.com.br\/index.php\/wp-json\/wp\/v2\/posts"}],"about":[{"href":"https:\/\/blogopara.com.br\/index.php\/wp-json\/wp\/v2\/types\/post"}],"author":[{"embeddable":true,"href":"https:\/\/blogopara.com.br\/index.php\/wp-json\/wp\/v2\/users\/1"}],"replies":[{"embeddable":true,"href":"https:\/\/blogopara.com.br\/index.php\/wp-json\/wp\/v2\/comments?post=26257"}],"version-history":[{"count":1,"href":"https:\/\/blogopara.com.br\/index.php\/wp-json\/wp\/v2\/posts\/26257\/revisions"}],"predecessor-version":[{"id":26259,"href":"https:\/\/blogopara.com.br\/index.php\/wp-json\/wp\/v2\/posts\/26257\/revisions\/26259"}],"wp:featuredmedia":[{"embeddable":true,"href":"https:\/\/blogopara.com.br\/index.php\/wp-json\/wp\/v2\/media\/26258"}],"wp:attachment":[{"href":"https:\/\/blogopara.com.br\/index.php\/wp-json\/wp\/v2\/media?parent=26257"}],"wp:term":[{"taxonomy":"category","embeddable":true,"href":"https:\/\/blogopara.com.br\/index.php\/wp-json\/wp\/v2\/categories?post=26257"},{"taxonomy":"post_tag","embeddable":true,"href":"https:\/\/blogopara.com.br\/index.php\/wp-json\/wp\/v2\/tags?post=26257"}],"curies":[{"name":"wp","href":"https:\/\/api.w.org\/{rel}","templated":true}]}}