{"id":2633,"date":"2019-08-21T09:13:02","date_gmt":"2019-08-21T12:13:02","guid":{"rendered":"http:\/\/blogopara.com.br\/?p=2633"},"modified":"2019-08-21T09:13:09","modified_gmt":"2019-08-21T12:13:09","slug":"ecologia-humana-o-que-e","status":"publish","type":"post","link":"https:\/\/blogopara.com.br\/index.php\/2019\/08\/21\/ecologia-humana-o-que-e","title":{"rendered":"Ecologia Humana, o que \u00e9?"},"content":{"rendered":"<p style=\"text-align: justify;\">A ecologia \u00e9 a ci\u00eancia das rela\u00e7\u00f5es entre organismos vivos e seu meio ambiente. A ecologia humana \u00e9 sobre rela\u00e7\u00f5es entre pessoas e seu meio ambiente. Na ecologia humana, o ambiente \u00e9 percebido como um ecossistema. Um ecossistema \u00e9 tudo em uma \u00e1rea espec\u00edfica \u2013 o ar, o solo, a \u00e1gua, os organismos vivos e as estruturas f\u00edsicas, incluindo tudo constru\u00eddo pelos humanos. As partes vivas de um ecossistema \u2013 microorganismos, plantas e animais (inclusive humanos) \u2013 s\u00e3o sua comunidade biol\u00f3gica.<\/p>\n<p style=\"text-align: justify;\"><strong>Teoria da Ecologia Humana<\/strong><\/p>\n<p style=\"text-align: justify;\">As teorias da intera\u00e7\u00e3o humana devem fornecer uma maneira de dar sentido aos acontecimentos que ocorreram no passado e, em seguida, permitir-nos fazer previs\u00f5es sobre o que pode acontecer no futuro.<\/p>\n<p style=\"text-align: justify;\">A\u00a0<strong>teoria da ecologia humana<\/strong>\u00a0\u00e9 uma maneira de analisar as intera\u00e7\u00f5es dos humanos com seus ambientes e considerar essa rela\u00e7\u00e3o como um sistema. Neste quadro te\u00f3rico, os aspectos biol\u00f3gicos, sociais e f\u00edsicos do organismo s\u00e3o considerados dentro do contexto de seus ambientes. Esses ambientes podem ser o mundo natural, a realidade constru\u00edda pelos humanos e \/ ou o meio social e cultural em que o organismo existe.<\/p>\n<p style=\"text-align: justify;\">A teoria ecol\u00f3gica humana \u00e9 provavelmente uma das primeiras teorias da fam\u00edlia e, no entanto, tamb\u00e9m cont\u00e9m muitos elementos novos e em evolu\u00e7\u00e3o que emergiram, j\u00e1 que come\u00e7amos a perceber como os ambientes naturais e humanos criados afetam nosso comportamento e como indiv\u00edduos e fam\u00edlias em virar, influenciar esses ambientes. Na ecologia humana, a pessoa e o meio ambiente s\u00e3o vistos como interligados em um processo ativo de influ\u00eancia e mudan\u00e7a m\u00fatua.<\/p>\n<p style=\"text-align: justify;\"><strong>As Origens da Teoria Ecol\u00f3gica Humana<\/strong><\/p>\n<p style=\"text-align: justify;\">A origem do termo ecologia vem da origem grega oikos que significa \u201clar\u201d. Como resultado, o campo da economia dom\u00e9stica, agora chamado de ecologia humana, produziu grande parte da pesquisa contempor\u00e2nea usando essa perspectiva te\u00f3rica. Margaret Bubolz e M. Suzanne Sontag (1993) atribuem o conceito de abordagem ecol\u00f3gica ao trabalho de Arist\u00f3teles e Plat\u00e3o, e depois \u00e0 teoria evolutiva de Darwin.<\/p>\n<p style=\"text-align: justify;\">Eles rastreiam a palavra ecologia para Ernest Haeckel, um zoologista alem\u00e3o que, em 1869, prop\u00f4s que o indiv\u00edduo fosse um produto da coopera\u00e7\u00e3o entre o meio ambiente e a hereditariedade organizacional e sugeriu que uma ci\u00eancia fosse desenvolvida para estudar organismos em seu meio ambiente.<\/p>\n<p style=\"text-align: justify;\">Os primeiros economistas da casa foram os principais defensores desta teoria, como seu campo desenvolvido no in\u00edcio do s\u00e9culo XX, aplicando v\u00e1rias disciplinas ao estudo da fam\u00edlia. A teoria j\u00e1 foi usada por soci\u00f3logos, antrop\u00f3logos, cientistas pol\u00edticos e economistas. Este trabalho continua, com o enquadramento ecol\u00f3gico humano sendo uma perspectiva importante na pesquisa e desenvolvimento te\u00f3rico no s\u00e9culo XXI.<\/p>\n<p style=\"text-align: justify;\"><strong>A Fam\u00edlia como um Sistema<\/strong><\/p>\n<p style=\"text-align: justify;\">A aplica\u00e7\u00e3o da teoria dos sistemas \u00e9 um princ\u00edpio b\u00e1sico da teoria ecol\u00f3gica humana. A fam\u00edlia \u00e9 vista como um sistema, com fronteiras entre ele e outros sistemas, como a comunidade e o sistema econ\u00f4mico. Os sistemas t\u00eam insumos que geram v\u00e1rios processos e a\u00e7\u00f5es, como as quantidades finitas de dinheiro ou tempo que as fam\u00edlias possuem.<\/p>\n<p style=\"text-align: justify;\">Eles tamb\u00e9m t\u00eam throughputs, que s\u00e3o os processos de transforma\u00e7\u00e3o que ocorrem dentro do sistema, como a troca de dinheiro para a presta\u00e7\u00e3o de um servi\u00e7o essencial, como comida, comendo em um restaurante. Al\u00e9m disso, os sistemas t\u00eam sa\u00eddas, que afetam outros sistemas, como a produ\u00e7\u00e3o de res\u00edduos, que s\u00e3o subprodutos da atividade na fam\u00edlia, sendo devolvidos ao ambiente maior.<\/p>\n<p style=\"text-align: justify;\">Existem loops de feedback do final do sistema de volta ao in\u00edcio, para fornecer coment\u00e1rios positivos e negativos de volta ao processo e permitir que o sistema se adapte \u00e0 mudan\u00e7a. Em um ecossistema, as partes e o todo s\u00e3o interdependentes.<\/p>\n<pre>Fonte: Portal SF<\/pre>\n","protected":false},"excerpt":{"rendered":"<p>A ecologia \u00e9 a ci\u00eancia das rela\u00e7\u00f5es entre organismos vivos e seu meio ambiente. A ecologia humana \u00e9 sobre rela\u00e7\u00f5es entre pessoas e seu meio ambiente. Na ecologia humana, o ambiente \u00e9 percebido como um ecossistema. Um ecossistema \u00e9 tudo em uma \u00e1rea espec\u00edfica \u2013 o ar, o solo, a \u00e1gua, os organismos vivos e [&hellip;]<\/p>\n","protected":false},"author":1,"featured_media":2634,"comment_status":"open","ping_status":"open","sticky":false,"template":"","format":"standard","meta":{"_uag_custom_page_level_css":"","_monsterinsights_skip_tracking":false,"_monsterinsights_sitenote_active":false,"_monsterinsights_sitenote_note":"","_monsterinsights_sitenote_category":0,"jetpack_post_was_ever_published":false,"_jetpack_newsletter_access":"","_jetpack_dont_email_post_to_subs":false,"_jetpack_newsletter_tier_id":0,"_jetpack_memberships_contains_paywalled_content":false,"_jetpack_memberships_contains_paid_content":false,"footnotes":"","jetpack_publicize_message":"","jetpack_publicize_feature_enabled":true,"jetpack_social_post_already_shared":true,"jetpack_social_options":{"image_generator_settings":{"template":"highway","default_image_id":0,"font":"","enabled":false},"version":2}},"categories":[200],"tags":[635],"class_list":["post-2633","post","type-post","status-publish","format-standard","has-post-thumbnail","hentry","category-brasil","tag-ecologia-humana"],"jetpack_publicize_connections":[],"jetpack_featured_media_url":"https:\/\/blogopara.com.br\/wp-content\/uploads\/2019\/08\/eco.jpg","uagb_featured_image_src":{"full":["https:\/\/blogopara.com.br\/wp-content\/uploads\/2019\/08\/eco.jpg",218,231,false],"thumbnail":["https:\/\/blogopara.com.br\/wp-content\/uploads\/2019\/08\/eco-150x150.jpg",150,150,true],"medium":["https:\/\/blogopara.com.br\/wp-content\/uploads\/2019\/08\/eco.jpg",218,231,false],"medium_large":["https:\/\/blogopara.com.br\/wp-content\/uploads\/2019\/08\/eco.jpg",218,231,false],"large":["https:\/\/blogopara.com.br\/wp-content\/uploads\/2019\/08\/eco.jpg",218,231,false],"1536x1536":["https:\/\/blogopara.com.br\/wp-content\/uploads\/2019\/08\/eco.jpg",218,231,false],"2048x2048":["https:\/\/blogopara.com.br\/wp-content\/uploads\/2019\/08\/eco.jpg",218,231,false],"mantranews-slider-large":["https:\/\/blogopara.com.br\/wp-content\/uploads\/2019\/08\/eco.jpg",218,231,false],"mantranews-featured-medium":["https:\/\/blogopara.com.br\/wp-content\/uploads\/2019\/08\/eco.jpg",218,231,false],"mantranews-featured-long":["https:\/\/blogopara.com.br\/wp-content\/uploads\/2019\/08\/eco.jpg",218,231,false],"mantranews-block-medium":["https:\/\/blogopara.com.br\/wp-content\/uploads\/2019\/08\/eco.jpg",218,231,false],"mantranews-carousel-image":["https:\/\/blogopara.com.br\/wp-content\/uploads\/2019\/08\/eco.jpg",218,231,false],"mantranews-block-thumb":["https:\/\/blogopara.com.br\/wp-content\/uploads\/2019\/08\/eco.jpg",217,230,false],"mantranews-single-large":["https:\/\/blogopara.com.br\/wp-content\/uploads\/2019\/08\/eco.jpg",218,231,false]},"uagb_author_info":{"display_name":"Reda\u00e7\u00e3o geral","author_link":"https:\/\/blogopara.com.br\/index.php\/author\/blogopara"},"uagb_comment_info":0,"uagb_excerpt":"A ecologia \u00e9 a ci\u00eancia das rela\u00e7\u00f5es entre organismos vivos e seu meio ambiente. A ecologia humana \u00e9 sobre rela\u00e7\u00f5es entre pessoas e seu meio ambiente. Na ecologia humana, o ambiente \u00e9 percebido como um ecossistema. Um ecossistema \u00e9 tudo em uma \u00e1rea espec\u00edfica \u2013 o ar, o solo, a \u00e1gua, os organismos vivos e&hellip;","jetpack_sharing_enabled":true,"jetpack_likes_enabled":true,"_links":{"self":[{"href":"https:\/\/blogopara.com.br\/index.php\/wp-json\/wp\/v2\/posts\/2633","targetHints":{"allow":["GET"]}}],"collection":[{"href":"https:\/\/blogopara.com.br\/index.php\/wp-json\/wp\/v2\/posts"}],"about":[{"href":"https:\/\/blogopara.com.br\/index.php\/wp-json\/wp\/v2\/types\/post"}],"author":[{"embeddable":true,"href":"https:\/\/blogopara.com.br\/index.php\/wp-json\/wp\/v2\/users\/1"}],"replies":[{"embeddable":true,"href":"https:\/\/blogopara.com.br\/index.php\/wp-json\/wp\/v2\/comments?post=2633"}],"version-history":[{"count":1,"href":"https:\/\/blogopara.com.br\/index.php\/wp-json\/wp\/v2\/posts\/2633\/revisions"}],"predecessor-version":[{"id":2635,"href":"https:\/\/blogopara.com.br\/index.php\/wp-json\/wp\/v2\/posts\/2633\/revisions\/2635"}],"wp:featuredmedia":[{"embeddable":true,"href":"https:\/\/blogopara.com.br\/index.php\/wp-json\/wp\/v2\/media\/2634"}],"wp:attachment":[{"href":"https:\/\/blogopara.com.br\/index.php\/wp-json\/wp\/v2\/media?parent=2633"}],"wp:term":[{"taxonomy":"category","embeddable":true,"href":"https:\/\/blogopara.com.br\/index.php\/wp-json\/wp\/v2\/categories?post=2633"},{"taxonomy":"post_tag","embeddable":true,"href":"https:\/\/blogopara.com.br\/index.php\/wp-json\/wp\/v2\/tags?post=2633"}],"curies":[{"name":"wp","href":"https:\/\/api.w.org\/{rel}","templated":true}]}}