{"id":26401,"date":"2021-07-30T18:49:00","date_gmt":"2021-07-30T21:49:00","guid":{"rendered":"https:\/\/blogopara.com.br\/?p=26401"},"modified":"2021-07-30T16:26:49","modified_gmt":"2021-07-30T19:26:49","slug":"dez-entidades-pedem-a-franca-que-corte-importacao-de-produtos-brasileiros","status":"publish","type":"post","link":"https:\/\/blogopara.com.br\/index.php\/2021\/07\/30\/dez-entidades-pedem-a-franca-que-corte-importacao-de-produtos-brasileiros","title":{"rendered":"Dez entidades pedem \u00e0 Fran\u00e7a que corte importa\u00e7\u00e3o de produtos brasileiros"},"content":{"rendered":"<p style=\"text-align: justify;\">Presidentes de dez organiza\u00e7\u00f5es ambientais francesas, entre elas se\u00e7\u00f5es nacionais da WWF e da Greenpeace, acusaram publicamente nesta sexta (30) o presidente Jair Bolsonaro de permitir a devasta\u00e7\u00e3o da Amaz\u00f4nia e do Pantanal e pediram &#8220;a\u00e7\u00e3o imediata&#8221; para proibir a importa\u00e7\u00e3o de produtos ligados ao desmatamento.<\/p>\n<div id=\"ad-middle\" class=\" adRef\" style=\"text-align: justify;\" data-google-query-id=\"CIyHoszAi_ICFdnaKAUd-wEJOw\">\n<div id=\"google_ads_iframe_\/21867286880\/folhape\/vmiddle_0__container__\"><span style=\"font-size: inherit;\">&#8220;O ano de 2020 foi marcado por inc\u00eandios que devastaram mais de 310 mil km\u00b2, com o aval do presidente Jair Bolsonaro&#8221;, escrevem os ativistas em carta aberta publicada no Le Monde, um dos principais jornais do pa\u00eds.<\/span><\/div>\n<\/div>\n<p style=\"text-align: justify;\">Al\u00e9m de restri\u00e7\u00f5es no com\u00e9rcio atual, eles pedem que a Fran\u00e7a bloqueie o acordo de associa\u00e7\u00e3o entre a Uni\u00e3o Europeia e o Mercosul, que, segundo o texto, aumentaria o desmatamento nos pa\u00edses sul-americanos em at\u00e9 25% ao ano durante seis anos.<\/p>\n<p style=\"text-align: justify;\">Um dos pa\u00edses que mais frequentemente declara ser imposs\u00edvel ratificar o acordo UE-Mercosul, a Fran\u00e7a adotou em 2018 uma estrat\u00e9gia nacional de combate ao desmatamento importado e, em 2019, Macron se comprometeu a tomar medidas para conter a destrui\u00e7\u00e3o da Amaz\u00f4nia.<\/p>\n<p style=\"text-align: justify;\">&#8220;Dois anos depois, o relat\u00f3rio \u00e9 amargo: nossas importa\u00e7\u00f5es do desmatamento n\u00e3o diminu\u00edram e a destrui\u00e7\u00e3o da Amaz\u00f4nia acelerou&#8221;, dizem os missivistas.<\/p>\n<p style=\"text-align: justify;\">Al\u00e9m da Fran\u00e7a, Holanda, \u00c1ustria e parte da B\u00e9lgica se op\u00f5em publicamente ao acordo firmado com os pa\u00edses sul-americanos, mas pa\u00edses liderados por Portugal e industriais europeus defendem sua ratifica\u00e7\u00e3o.<\/p>\n<p style=\"text-align: justify;\">O governo brasileiro, que neste ano trocou os titulares de dois minist\u00e9rios bastante questionados por autoridades europeias \u2013os de Rela\u00e7\u00f5es Exteriores e de Meio Ambiente\u2013, j\u00e1 afirmou que est\u00e1 disposto a negociar cl\u00e1usulas ambientais, uma das op\u00e7\u00f5es na qual a Comiss\u00e3o Europeia (Poder Executivo da UE, que negociou o tratado e defende sua ratifica\u00e7\u00e3o) tamb\u00e9m trabalha.<\/p>\n<p style=\"text-align: justify;\">Pol\u00edticos europeus declararam por\u00e9m que a credibilidade ambiental brasileira depende de medidas pr\u00e1ticas de prote\u00e7\u00e3o aos ecossistemas, e n\u00e3o do nome do ministro.<\/p>\n<p style=\"text-align: justify;\">Ap\u00f3s 20 anos de reuni\u00f5es, as negocia\u00e7\u00f5es sobre o acordo entre os dois blocos se encerraram em 2019, mas, desde ent\u00e3o, a tramita\u00e7\u00e3o foi congelada. O texto ainda est\u00e1 em fase de revis\u00e3o legal, em que s\u00e3o ajustados pontos sobre os quais h\u00e1 d\u00favidas.<\/p>\n<p style=\"text-align: justify;\">Depois \u00e9 preciso traduzir para os idiomas de todos os pa\u00edses-membros, obter aprova\u00e7\u00e3o no Parlamento Europeu e no Conselho Europeu (que re\u00fane os 27 l\u00edderes da UE) e a ratifica\u00e7\u00e3o nos parlamentos nacionais e regionais (na B\u00e9lgica) de todos os pa\u00edses envolvidos.<\/p>\n<p style=\"text-align: justify;\">Analistas e negociadores avaliam que o processo n\u00e3o sair\u00e1 da geladeira antes das elei\u00e7\u00f5es presidenciais na Fran\u00e7a, no ano que vem.<\/p>\n<p style=\"text-align: justify;\">Enquanto isso, os autores da carta querem &#8220;a\u00e7\u00e3o urgente&#8221; para obrigar os importadores franceses a garantir que os produtos que colocam no mercado n\u00e3o estejam vinculados ao desmatamento ou \u00e0 destrui\u00e7\u00e3o de ecossistemas.<\/p>\n<p style=\"text-align: justify;\">Os ambientalistas criticam o governo franc\u00eas por permanecer passivo &#8220;diante desse desastre ambiental, clim\u00e1tico e social&#8221; e continuar comprando produtos do agroneg\u00f3cio brasileiro: &#8220;Nossas importa\u00e7\u00f5es de produtos do desmatamento contribuem para a destrui\u00e7\u00e3o (&#8230;), a Amaz\u00f4nia e o cerrado d\u00e3o lugar a pastagens e campos de soja que a Fran\u00e7a importa maci\u00e7amente&#8221;.<\/p>\n<p style=\"text-align: justify;\">Projeto de lei de combate ao desmatamento j\u00e1 est\u00e1 em elabora\u00e7\u00e3o pela Comiss\u00e3o Europeia e deve ser avaliado no primeiro semestre de 2022, quando a Fran\u00e7a ocupa a presid\u00eancia rotativa do conselho do bloco \u2013o que lhe d\u00e1 mais influ\u00eancia na pauta de discuss\u00f5es.<\/p>\n<p style=\"text-align: justify;\">Mas, de acordo com a carta, medidas imediatas s\u00e3o necess\u00e1rias porque os n\u00fameros apontam para novos recordes de inc\u00eandios no Brasil neste ver\u00e3o.<\/p>\n<p style=\"text-align: justify;\">&#8220;No primeiro semestre de 2021, o desmatamento na Amaz\u00f4nia aumentou 17% em rela\u00e7\u00e3o ao primeiro semestre de 2020. Com o in\u00edcio da seca no Brasil, o n\u00famero de queimadas supera o do ano passado no mesmo per\u00edodo&#8221;, afirma o texto.<\/p>\n\n\n<p><\/p>\n\n\n\n<p>Fonte: Folha de Pernambuco<\/p>\n","protected":false},"excerpt":{"rendered":"<p>Presidentes de dez organiza\u00e7\u00f5es ambientais francesas, entre elas se\u00e7\u00f5es nacionais da WWF e da Greenpeace, acusaram publicamente nesta sexta (30) o presidente Jair Bolsonaro de permitir a devasta\u00e7\u00e3o da Amaz\u00f4nia e do Pantanal e pediram &#8220;a\u00e7\u00e3o imediata&#8221; para proibir a importa\u00e7\u00e3o de produtos ligados ao desmatamento. &#8220;O ano de 2020 foi marcado por inc\u00eandios que [&hellip;]<\/p>\n","protected":false},"author":1,"featured_media":26404,"comment_status":"closed","ping_status":"open","sticky":false,"template":"","format":"standard","meta":{"_uag_custom_page_level_css":"","_monsterinsights_skip_tracking":false,"_monsterinsights_sitenote_active":false,"_monsterinsights_sitenote_note":"","_monsterinsights_sitenote_category":0,"jetpack_post_was_ever_published":false,"_jetpack_newsletter_access":"","_jetpack_dont_email_post_to_subs":false,"_jetpack_newsletter_tier_id":0,"_jetpack_memberships_contains_paywalled_content":false,"_jetpack_memberships_contains_paid_content":false,"footnotes":"","jetpack_publicize_message":"","jetpack_publicize_feature_enabled":true,"jetpack_social_post_already_shared":true,"jetpack_social_options":{"image_generator_settings":{"template":"highway","default_image_id":0,"font":"","enabled":false},"version":2}},"categories":[3372],"tags":[4393,4395,4394,4396],"class_list":["post-26401","post","type-post","status-publish","format-standard","has-post-thumbnail","hentry","category-meio-ambiente","tag-dez-entidades","tag-importacao","tag-pedem-a-franca","tag-produtos-brasileiros"],"jetpack_publicize_connections":[],"jetpack_featured_media_url":"https:\/\/blogopara.com.br\/wp-content\/uploads\/2021\/07\/000-9f39ja.jpg","uagb_featured_image_src":{"full":["https:\/\/blogopara.com.br\/wp-content\/uploads\/2021\/07\/000-9f39ja.jpg",500,333,false],"thumbnail":["https:\/\/blogopara.com.br\/wp-content\/uploads\/2021\/07\/000-9f39ja-150x150.jpg",150,150,true],"medium":["https:\/\/blogopara.com.br\/wp-content\/uploads\/2021\/07\/000-9f39ja-300x200.jpg",300,200,true],"medium_large":["https:\/\/blogopara.com.br\/wp-content\/uploads\/2021\/07\/000-9f39ja.jpg",500,333,false],"large":["https:\/\/blogopara.com.br\/wp-content\/uploads\/2021\/07\/000-9f39ja.jpg",500,333,false],"1536x1536":["https:\/\/blogopara.com.br\/wp-content\/uploads\/2021\/07\/000-9f39ja.jpg",500,333,false],"2048x2048":["https:\/\/blogopara.com.br\/wp-content\/uploads\/2021\/07\/000-9f39ja.jpg",500,333,false],"mantranews-slider-large":["https:\/\/blogopara.com.br\/wp-content\/uploads\/2021\/07\/000-9f39ja.jpg",500,333,false],"mantranews-featured-medium":["https:\/\/blogopara.com.br\/wp-content\/uploads\/2021\/07\/000-9f39ja-420x307.jpg",420,307,true],"mantranews-featured-long":["https:\/\/blogopara.com.br\/wp-content\/uploads\/2021\/07\/000-9f39ja-300x333.jpg",300,333,true],"mantranews-block-medium":["https:\/\/blogopara.com.br\/wp-content\/uploads\/2021\/07\/000-9f39ja-464x290.jpg",464,290,true],"mantranews-carousel-image":["https:\/\/blogopara.com.br\/wp-content\/uploads\/2021\/07\/000-9f39ja.jpg",500,333,false],"mantranews-block-thumb":["https:\/\/blogopara.com.br\/wp-content\/uploads\/2021\/07\/000-9f39ja-322x230.jpg",322,230,true],"mantranews-single-large":["https:\/\/blogopara.com.br\/wp-content\/uploads\/2021\/07\/000-9f39ja.jpg",500,333,false]},"uagb_author_info":{"display_name":"Reda\u00e7\u00e3o geral","author_link":"https:\/\/blogopara.com.br\/index.php\/author\/blogopara"},"uagb_comment_info":0,"uagb_excerpt":"Presidentes de dez organiza\u00e7\u00f5es ambientais francesas, entre elas se\u00e7\u00f5es nacionais da WWF e da Greenpeace, acusaram publicamente nesta sexta (30) o presidente Jair Bolsonaro de permitir a devasta\u00e7\u00e3o da Amaz\u00f4nia e do Pantanal e pediram &#8220;a\u00e7\u00e3o imediata&#8221; para proibir a importa\u00e7\u00e3o de produtos ligados ao desmatamento. &#8220;O ano de 2020 foi marcado por inc\u00eandios que&hellip;","jetpack_sharing_enabled":true,"jetpack_likes_enabled":true,"_links":{"self":[{"href":"https:\/\/blogopara.com.br\/index.php\/wp-json\/wp\/v2\/posts\/26401","targetHints":{"allow":["GET"]}}],"collection":[{"href":"https:\/\/blogopara.com.br\/index.php\/wp-json\/wp\/v2\/posts"}],"about":[{"href":"https:\/\/blogopara.com.br\/index.php\/wp-json\/wp\/v2\/types\/post"}],"author":[{"embeddable":true,"href":"https:\/\/blogopara.com.br\/index.php\/wp-json\/wp\/v2\/users\/1"}],"replies":[{"embeddable":true,"href":"https:\/\/blogopara.com.br\/index.php\/wp-json\/wp\/v2\/comments?post=26401"}],"version-history":[{"count":1,"href":"https:\/\/blogopara.com.br\/index.php\/wp-json\/wp\/v2\/posts\/26401\/revisions"}],"predecessor-version":[{"id":26405,"href":"https:\/\/blogopara.com.br\/index.php\/wp-json\/wp\/v2\/posts\/26401\/revisions\/26405"}],"wp:featuredmedia":[{"embeddable":true,"href":"https:\/\/blogopara.com.br\/index.php\/wp-json\/wp\/v2\/media\/26404"}],"wp:attachment":[{"href":"https:\/\/blogopara.com.br\/index.php\/wp-json\/wp\/v2\/media?parent=26401"}],"wp:term":[{"taxonomy":"category","embeddable":true,"href":"https:\/\/blogopara.com.br\/index.php\/wp-json\/wp\/v2\/categories?post=26401"},{"taxonomy":"post_tag","embeddable":true,"href":"https:\/\/blogopara.com.br\/index.php\/wp-json\/wp\/v2\/tags?post=26401"}],"curies":[{"name":"wp","href":"https:\/\/api.w.org\/{rel}","templated":true}]}}