{"id":26538,"date":"2021-08-04T07:53:00","date_gmt":"2021-08-04T10:53:00","guid":{"rendered":"https:\/\/blogopara.com.br\/?p=26538"},"modified":"2021-08-04T09:03:23","modified_gmt":"2021-08-04T12:03:23","slug":"petista-repudia-agressao-de-fabio-vilas-boas-contra-uma-mulher","status":"publish","type":"post","link":"https:\/\/blogopara.com.br\/index.php\/2021\/08\/04\/petista-repudia-agressao-de-fabio-vilas-boas-contra-uma-mulher","title":{"rendered":"Petista repudia agress\u00e3o de F\u00e1bio Vilas-Boas contra uma mulher"},"content":{"rendered":"<div class=\"ZyFrc\" tabindex=\"0\" role=\"button\">\n<div class=\"P9YgZ\">\n<div class=\"C7I1f X7jCj\">\n<div style=\"text-align: justify;\"><a href=\"https:\/\/blogopara.com.br\/index.php\/2021\/08\/03\/bahia-secretario-de-saude-chama-mulher-de-vagabunda-apos-ter-reserva-cancelada\">Conforme publicado<\/a>, A chef de cozinha Angeluci Figueiredo, do tradicional restaurante Preta, revelou na segunda-feira (2) que foi xingada de \u201cvagabunda\u201d pelo secret\u00e1rio estadual da Sa\u00fade da Bahia, F\u00e1bio Vilas-Boas. O restaurante fica na Ilha dos Frades, na Ba\u00eda de Todos-os-Santos, em Salvador.<\/div>\n<div style=\"text-align: justify;\">\u00a0<\/div>\n<div style=\"text-align: justify;\">Houve uma onda de rep\u00fadios e protestos, alguns velados outros declarados nas redes sociais. Como foi o caso da vice-presidente do PT na Bahia, C\u00e9lia Arouca, que usou as suas redes sociais para destilar toda a sua indigna\u00e7\u00e3o contra o secret\u00e1rio e o governador, que segundo ela, insisti em manter Vilas-Boas a frente da SESAU.<\/div>\n<div style=\"text-align: justify;\">\u00a0<\/div>\n<div>Confira:<\/div>\n<div>\u00a0<\/div>\n<div class=\"C4VMK\" style=\"text-align: justify;\"><span class=\"\"><span class=\"\"><strong>CARTA ABERTA AO GOVERNADOR RUI COSTA<\/strong><\/span><\/span>\n<p>\u00a0<\/p>\n<p>O comportamento de\u00a0<a class=\"notranslate\" tabindex=\"0\" href=\"https:\/\/www.instagram.com\/fabio_vboas\/\">@fabio_vboas<\/a>\u00a0com\u00a0<a class=\"notranslate\" tabindex=\"0\" href=\"https:\/\/www.instagram.com\/anjapreta\/\">@anjapreta<\/a> propriet\u00e1ria do\u00a0<a class=\"notranslate\" tabindex=\"0\" href=\"https:\/\/www.instagram.com\/restaurantepreta\/\">@restaurantepreta<\/a>\u00a0\u00e9 a fotografia perfeita do comportamento de machos brancos h\u00e9teros racistas mis\u00f3ginos lgbtf\u00f3bicos e classistas viciados no poder.<\/p>\n<p>A arrog\u00e2ncia \u00e9 sua principal arma. \u00c9 a fotografia da elite escravocrata. Condiz com a supremacia branca. Est\u00e1 de acordo com o governo genocida que F\u00e1bio Vilas Boas apoiou quando foi \u00e0s ruas de verde e amarelo pedir o impeachment de Dilma.<\/p>\n<p>E por alguma raz\u00e3o tamb\u00e9m machista e pessoal do governador Rui Costa, F\u00e1bio Vilas Boas \u00e9 mantido como secret\u00e1rio para tratar exatamente da Sa\u00fade dessa mesma popula\u00e7\u00e3o odiada por Vilas Boas.<\/p>\n<p>O nome disso tamb\u00e9m \u00e9 abuso de poder, governador\u00a0<a class=\"notranslate\" tabindex=\"0\" href=\"https:\/\/www.instagram.com\/ruicosta\/\">@ruicosta<\/a>. N\u00e3o \u00e9 a primeira vez que esse senhor fere a dignidade humana, a Bahia pede a exonera\u00e7\u00e3o desse fascista travestido de petista e, mesmo assim o senhor o mant\u00e9m no cargo.<\/p>\n<p>Seu comportamento em manter um agressor de mulheres no seu primeiro escal\u00e3o denota semelhan\u00e7a de atitude.<\/p>\n<p>Repense suas pr\u00e1ticas porque ano que vem, eu e milh\u00f5es de outas mulheres temos um candidato do PT para eleger.<\/p>\n<p>C\u00e9lia Regina Carvalho Arouca<br \/>Vice presidenta estadual do PT na Bahia<\/p>\n<\/div>\n<\/div>\n<\/div>\n<\/div>\n<div>\u00a0<\/div>\n<div><img loading=\"lazy\" decoding=\"async\" class=\"alignnone size-medium wp-image-26540\" src=\"https:\/\/blogopara.com.br\/wp-content\/uploads\/2021\/08\/Captura-de-tela-2021-08-03-170716-300x190.jpg\" alt=\"\" width=\"300\" height=\"190\" srcset=\"https:\/\/blogopara.com.br\/wp-content\/uploads\/2021\/08\/Captura-de-tela-2021-08-03-170716-300x190.jpg 300w, https:\/\/blogopara.com.br\/wp-content\/uploads\/2021\/08\/Captura-de-tela-2021-08-03-170716-768x487.jpg 768w, https:\/\/blogopara.com.br\/wp-content\/uploads\/2021\/08\/Captura-de-tela-2021-08-03-170716.jpg 935w\" sizes=\"auto, (max-width: 300px) 100vw, 300px\" \/><\/div>\n<div class=\"ZyFrc\" tabindex=\"0\" role=\"button\">\n<div class=\"P9YgZ\">\n<div>\u00a0<\/div>\n<\/div>\n<\/div>\n\n\n<p class=\"has-text-align-justify\">Ap\u00f3s a repercuss\u00e3o negativa das ofensas contra a chef de cozinha Angeluci,o secret\u00e1rio F\u00e1bio Vilas-Boas pediu exonera\u00e7\u00e3o ao governador, que aceitou o pedido. (<a href=\"https:\/\/blogopara.com.br\/index.php\/2021\/08\/03\/bahia-secretario-fabio-vilas-boas-pede-exoneracao-da-sesau-apos-ofender-uma-mulher\" data-type=\"post\" data-id=\"26542\">Bahia: Secret\u00e1rio F\u00e1bio Vilas-Boas pede exonera\u00e7\u00e3o da SESAU, ap\u00f3s ofender uma mulher<\/a> )<\/p>\n\n\n\n<p><\/p>\n\n\n\n<p><\/p>\n\n\n\n<p><\/p>\n","protected":false},"excerpt":{"rendered":"<p>Conforme publicado, A chef de cozinha Angeluci Figueiredo, do tradicional restaurante Preta, revelou na segunda-feira (2) que foi xingada de \u201cvagabunda\u201d pelo secret\u00e1rio estadual da Sa\u00fade da Bahia, F\u00e1bio Vilas-Boas. O restaurante fica na Ilha dos Frades, na Ba\u00eda de Todos-os-Santos, em Salvador. \u00a0 Houve uma onda de rep\u00fadios e protestos, alguns velados outros declarados [&hellip;]<\/p>\n","protected":false},"author":1,"featured_media":26539,"comment_status":"closed","ping_status":"open","sticky":false,"template":"","format":"standard","meta":{"_uag_custom_page_level_css":"","_monsterinsights_skip_tracking":false,"_monsterinsights_sitenote_active":false,"_monsterinsights_sitenote_note":"","_monsterinsights_sitenote_category":0,"jetpack_post_was_ever_published":false,"_jetpack_newsletter_access":"","_jetpack_dont_email_post_to_subs":false,"_jetpack_newsletter_tier_id":0,"_jetpack_memberships_contains_paywalled_content":false,"_jetpack_memberships_contains_paid_content":false,"footnotes":"","jetpack_publicize_message":"","jetpack_publicize_feature_enabled":true,"jetpack_social_post_already_shared":true,"jetpack_social_options":{"image_generator_settings":{"template":"highway","default_image_id":0,"font":"","enabled":false},"version":2}},"categories":[199],"tags":[253,4447,4448,4446,693,289,536],"class_list":["post-26538","post","type-post","status-publish","format-standard","has-post-thumbnail","hentry","category-bahia","tag-agressao","tag-celia-arouca","tag-fabio-vilas-boas","tag-misoginia","tag-mulher","tag-rui-costa-pt","tag-sesau"],"jetpack_publicize_connections":[],"jetpack_featured_media_url":"https:\/\/blogopara.com.br\/wp-content\/uploads\/2021\/08\/WhatsApp-Image-2021-08-03-at-16.54.37.jpeg","uagb_featured_image_src":{"full":["https:\/\/blogopara.com.br\/wp-content\/uploads\/2021\/08\/WhatsApp-Image-2021-08-03-at-16.54.37.jpeg",500,500,false],"thumbnail":["https:\/\/blogopara.com.br\/wp-content\/uploads\/2021\/08\/WhatsApp-Image-2021-08-03-at-16.54.37-150x150.jpeg",150,150,true],"medium":["https:\/\/blogopara.com.br\/wp-content\/uploads\/2021\/08\/WhatsApp-Image-2021-08-03-at-16.54.37-300x300.jpeg",300,300,true],"medium_large":["https:\/\/blogopara.com.br\/wp-content\/uploads\/2021\/08\/WhatsApp-Image-2021-08-03-at-16.54.37.jpeg",500,500,false],"large":["https:\/\/blogopara.com.br\/wp-content\/uploads\/2021\/08\/WhatsApp-Image-2021-08-03-at-16.54.37.jpeg",500,500,false],"1536x1536":["https:\/\/blogopara.com.br\/wp-content\/uploads\/2021\/08\/WhatsApp-Image-2021-08-03-at-16.54.37.jpeg",500,500,false],"2048x2048":["https:\/\/blogopara.com.br\/wp-content\/uploads\/2021\/08\/WhatsApp-Image-2021-08-03-at-16.54.37.jpeg",500,500,false],"mantranews-slider-large":["https:\/\/blogopara.com.br\/wp-content\/uploads\/2021\/08\/WhatsApp-Image-2021-08-03-at-16.54.37.jpeg",500,500,false],"mantranews-featured-medium":["https:\/\/blogopara.com.br\/wp-content\/uploads\/2021\/08\/WhatsApp-Image-2021-08-03-at-16.54.37-420x307.jpeg",420,307,true],"mantranews-featured-long":["https:\/\/blogopara.com.br\/wp-content\/uploads\/2021\/08\/WhatsApp-Image-2021-08-03-at-16.54.37-300x443.jpeg",300,443,true],"mantranews-block-medium":["https:\/\/blogopara.com.br\/wp-content\/uploads\/2021\/08\/WhatsApp-Image-2021-08-03-at-16.54.37-464x290.jpeg",464,290,true],"mantranews-carousel-image":["https:\/\/blogopara.com.br\/wp-content\/uploads\/2021\/08\/WhatsApp-Image-2021-08-03-at-16.54.37.jpeg",500,500,false],"mantranews-block-thumb":["https:\/\/blogopara.com.br\/wp-content\/uploads\/2021\/08\/WhatsApp-Image-2021-08-03-at-16.54.37-322x230.jpeg",322,230,true],"mantranews-single-large":["https:\/\/blogopara.com.br\/wp-content\/uploads\/2021\/08\/WhatsApp-Image-2021-08-03-at-16.54.37.jpeg",500,500,false]},"uagb_author_info":{"display_name":"Reda\u00e7\u00e3o geral","author_link":"https:\/\/blogopara.com.br\/index.php\/author\/blogopara"},"uagb_comment_info":0,"uagb_excerpt":"Conforme publicado, A chef de cozinha Angeluci Figueiredo, do tradicional restaurante Preta, revelou na segunda-feira (2) que foi xingada de \u201cvagabunda\u201d pelo secret\u00e1rio estadual da Sa\u00fade da Bahia, F\u00e1bio Vilas-Boas. O restaurante fica na Ilha dos Frades, na Ba\u00eda de Todos-os-Santos, em Salvador. \u00a0 Houve uma onda de rep\u00fadios e protestos, alguns velados outros declarados&hellip;","jetpack_sharing_enabled":true,"jetpack_likes_enabled":true,"_links":{"self":[{"href":"https:\/\/blogopara.com.br\/index.php\/wp-json\/wp\/v2\/posts\/26538","targetHints":{"allow":["GET"]}}],"collection":[{"href":"https:\/\/blogopara.com.br\/index.php\/wp-json\/wp\/v2\/posts"}],"about":[{"href":"https:\/\/blogopara.com.br\/index.php\/wp-json\/wp\/v2\/types\/post"}],"author":[{"embeddable":true,"href":"https:\/\/blogopara.com.br\/index.php\/wp-json\/wp\/v2\/users\/1"}],"replies":[{"embeddable":true,"href":"https:\/\/blogopara.com.br\/index.php\/wp-json\/wp\/v2\/comments?post=26538"}],"version-history":[{"count":3,"href":"https:\/\/blogopara.com.br\/index.php\/wp-json\/wp\/v2\/posts\/26538\/revisions"}],"predecessor-version":[{"id":26557,"href":"https:\/\/blogopara.com.br\/index.php\/wp-json\/wp\/v2\/posts\/26538\/revisions\/26557"}],"wp:featuredmedia":[{"embeddable":true,"href":"https:\/\/blogopara.com.br\/index.php\/wp-json\/wp\/v2\/media\/26539"}],"wp:attachment":[{"href":"https:\/\/blogopara.com.br\/index.php\/wp-json\/wp\/v2\/media?parent=26538"}],"wp:term":[{"taxonomy":"category","embeddable":true,"href":"https:\/\/blogopara.com.br\/index.php\/wp-json\/wp\/v2\/categories?post=26538"},{"taxonomy":"post_tag","embeddable":true,"href":"https:\/\/blogopara.com.br\/index.php\/wp-json\/wp\/v2\/tags?post=26538"}],"curies":[{"name":"wp","href":"https:\/\/api.w.org\/{rel}","templated":true}]}}