{"id":26598,"date":"2021-08-05T09:43:00","date_gmt":"2021-08-05T12:43:00","guid":{"rendered":"https:\/\/blogopara.com.br\/?p=26598"},"modified":"2021-08-05T08:58:53","modified_gmt":"2021-08-05T11:58:53","slug":"portugal-e-brasil-analisam-restricoes-a-viagens","status":"publish","type":"post","link":"https:\/\/blogopara.com.br\/index.php\/2021\/08\/05\/portugal-e-brasil-analisam-restricoes-a-viagens","title":{"rendered":"Portugal e Brasil analisam restri\u00e7\u00f5es a viagens"},"content":{"rendered":"<p style=\"text-align: justify;\">Portugal e Brasil discutem a possibilidade de aliviar as restri\u00e7\u00f5es \u00e0 entrada de passageiros provenientes do pa\u00eds sul-americano devido \u00e0 pandemia de covid-19, anunciou hoje (4) o ministro dos Neg\u00f3cios Estrangeiros portugu\u00eas.<\/p>\n<p style=\"text-align: justify;\"><span style=\"font-size: inherit;\">\u201cIniciamos um trabalho conjunto com as autoridades brasileiras para ver em que condi\u00e7\u00f5es e quando poderemos reduzir algumas restri\u00e7\u00f5es que hoje vigoram sobre passageiros que chegam a Portugal provenientes do Brasil\u201d, disse Augusto Santos Silva.<\/span><\/p>\n<p style=\"text-align: justify;\">O chefe da diplomacia portuguesa falou em entrevista coletiva, juntamente com o chanceler espanhol, Jos\u00e9 Manuel Albares, que se deslocou a Lisboa para uma reuni\u00e3o de trabalho.<\/p>\n<p style=\"text-align: justify;\">Atualmente, os passageiros provenientes do Brasil s\u00f3 podem viajar para Portugal por raz\u00f5es familiares, profissionais, de estudo ou humanit\u00e1rias, t\u00eam de apresentar teste negativo \u00e0 covid-19 e cumprir um per\u00edodo de quarentena.<\/p>\n<p style=\"text-align: justify;\">Augusto Santos Silva disse que Portugal pode \u201cavaliar as restri\u00e7\u00f5es que est\u00e3o hoje em curso\u201d \u00e0 medida que a situa\u00e7\u00e3o da pandemia evoluir positivamente em cada um dos pa\u00edses.<\/p>\n<p style=\"text-align: justify;\">\u201cFoi esse trabalho que come\u00e7ou no dia 30 de julho, entre Portugal e o Brasil, e que continuar\u00e1 depois de f\u00e9rias\u201d, afirmou o ministro, ao ser questionado sobre a diferen\u00e7a de crit\u00e9rios entre Portugal e Espanha quanto ao reconhecimento da certifica\u00e7\u00e3o de vacinas contra a covid-19.<\/p>\n<p style=\"text-align: justify;\">Portugal s\u00f3 reconhece a vacina\u00e7\u00e3o feita com imunizantes aprovados pela Ag\u00eancia Europeia do Medicamento, enquanto a Espanha segue o crit\u00e9rio da Organiza\u00e7\u00e3o Mundial da Sa\u00fade, que inclui vacinas chinesas e indianas.<\/p>\n<p>Fonte: Informe Baiano<\/p>\n","protected":false},"excerpt":{"rendered":"<p>Portugal e Brasil discutem a possibilidade de aliviar as restri\u00e7\u00f5es \u00e0 entrada de passageiros provenientes do pa\u00eds sul-americano devido \u00e0 pandemia de covid-19, anunciou hoje (4) o ministro dos Neg\u00f3cios Estrangeiros portugu\u00eas. \u201cIniciamos um trabalho conjunto com as autoridades brasileiras para ver em que condi\u00e7\u00f5es e quando poderemos reduzir algumas restri\u00e7\u00f5es que hoje vigoram sobre [&hellip;]<\/p>\n","protected":false},"author":1,"featured_media":26599,"comment_status":"closed","ping_status":"open","sticky":false,"template":"","format":"standard","meta":{"_uag_custom_page_level_css":"","_monsterinsights_skip_tracking":false,"_monsterinsights_sitenote_active":false,"_monsterinsights_sitenote_note":"","_monsterinsights_sitenote_category":0,"jetpack_post_was_ever_published":false,"_jetpack_newsletter_access":"","_jetpack_dont_email_post_to_subs":false,"_jetpack_newsletter_tier_id":0,"_jetpack_memberships_contains_paywalled_content":false,"_jetpack_memberships_contains_paid_content":false,"footnotes":"","jetpack_publicize_message":"","jetpack_publicize_feature_enabled":true,"jetpack_social_post_already_shared":true,"jetpack_social_options":{"image_generator_settings":{"template":"highway","default_image_id":0,"font":"","enabled":false},"version":2}},"categories":[273],"tags":[4465,14,4464,2041,4466],"class_list":["post-26598","post","type-post","status-publish","format-standard","has-post-thumbnail","hentry","category-mundo","tag-analisam","tag-brasil","tag-portugal","tag-restricoes","tag-viagens"],"jetpack_publicize_connections":[],"jetpack_featured_media_url":"https:\/\/blogopara.com.br\/wp-content\/uploads\/2021\/08\/1085126-mcamgo_abr_280717_edt_28071705604-696x416-1.jpg","uagb_featured_image_src":{"full":["https:\/\/blogopara.com.br\/wp-content\/uploads\/2021\/08\/1085126-mcamgo_abr_280717_edt_28071705604-696x416-1.jpg",500,298,false],"thumbnail":["https:\/\/blogopara.com.br\/wp-content\/uploads\/2021\/08\/1085126-mcamgo_abr_280717_edt_28071705604-696x416-1-150x150.jpg",150,150,true],"medium":["https:\/\/blogopara.com.br\/wp-content\/uploads\/2021\/08\/1085126-mcamgo_abr_280717_edt_28071705604-696x416-1-300x179.jpg",300,179,true],"medium_large":["https:\/\/blogopara.com.br\/wp-content\/uploads\/2021\/08\/1085126-mcamgo_abr_280717_edt_28071705604-696x416-1.jpg",500,298,false],"large":["https:\/\/blogopara.com.br\/wp-content\/uploads\/2021\/08\/1085126-mcamgo_abr_280717_edt_28071705604-696x416-1.jpg",500,298,false],"1536x1536":["https:\/\/blogopara.com.br\/wp-content\/uploads\/2021\/08\/1085126-mcamgo_abr_280717_edt_28071705604-696x416-1.jpg",500,298,false],"2048x2048":["https:\/\/blogopara.com.br\/wp-content\/uploads\/2021\/08\/1085126-mcamgo_abr_280717_edt_28071705604-696x416-1.jpg",500,298,false],"mantranews-slider-large":["https:\/\/blogopara.com.br\/wp-content\/uploads\/2021\/08\/1085126-mcamgo_abr_280717_edt_28071705604-696x416-1.jpg",500,298,false],"mantranews-featured-medium":["https:\/\/blogopara.com.br\/wp-content\/uploads\/2021\/08\/1085126-mcamgo_abr_280717_edt_28071705604-696x416-1-420x298.jpg",420,298,true],"mantranews-featured-long":["https:\/\/blogopara.com.br\/wp-content\/uploads\/2021\/08\/1085126-mcamgo_abr_280717_edt_28071705604-696x416-1-300x298.jpg",300,298,true],"mantranews-block-medium":["https:\/\/blogopara.com.br\/wp-content\/uploads\/2021\/08\/1085126-mcamgo_abr_280717_edt_28071705604-696x416-1-464x290.jpg",464,290,true],"mantranews-carousel-image":["https:\/\/blogopara.com.br\/wp-content\/uploads\/2021\/08\/1085126-mcamgo_abr_280717_edt_28071705604-696x416-1.jpg",500,298,false],"mantranews-block-thumb":["https:\/\/blogopara.com.br\/wp-content\/uploads\/2021\/08\/1085126-mcamgo_abr_280717_edt_28071705604-696x416-1-322x230.jpg",322,230,true],"mantranews-single-large":["https:\/\/blogopara.com.br\/wp-content\/uploads\/2021\/08\/1085126-mcamgo_abr_280717_edt_28071705604-696x416-1.jpg",500,298,false]},"uagb_author_info":{"display_name":"Reda\u00e7\u00e3o geral","author_link":"https:\/\/blogopara.com.br\/index.php\/author\/blogopara"},"uagb_comment_info":0,"uagb_excerpt":"Portugal e Brasil discutem a possibilidade de aliviar as restri\u00e7\u00f5es \u00e0 entrada de passageiros provenientes do pa\u00eds sul-americano devido \u00e0 pandemia de covid-19, anunciou hoje (4) o ministro dos Neg\u00f3cios Estrangeiros portugu\u00eas. \u201cIniciamos um trabalho conjunto com as autoridades brasileiras para ver em que condi\u00e7\u00f5es e quando poderemos reduzir algumas restri\u00e7\u00f5es que hoje vigoram sobre&hellip;","jetpack_sharing_enabled":true,"jetpack_likes_enabled":true,"_links":{"self":[{"href":"https:\/\/blogopara.com.br\/index.php\/wp-json\/wp\/v2\/posts\/26598","targetHints":{"allow":["GET"]}}],"collection":[{"href":"https:\/\/blogopara.com.br\/index.php\/wp-json\/wp\/v2\/posts"}],"about":[{"href":"https:\/\/blogopara.com.br\/index.php\/wp-json\/wp\/v2\/types\/post"}],"author":[{"embeddable":true,"href":"https:\/\/blogopara.com.br\/index.php\/wp-json\/wp\/v2\/users\/1"}],"replies":[{"embeddable":true,"href":"https:\/\/blogopara.com.br\/index.php\/wp-json\/wp\/v2\/comments?post=26598"}],"version-history":[{"count":1,"href":"https:\/\/blogopara.com.br\/index.php\/wp-json\/wp\/v2\/posts\/26598\/revisions"}],"predecessor-version":[{"id":26600,"href":"https:\/\/blogopara.com.br\/index.php\/wp-json\/wp\/v2\/posts\/26598\/revisions\/26600"}],"wp:featuredmedia":[{"embeddable":true,"href":"https:\/\/blogopara.com.br\/index.php\/wp-json\/wp\/v2\/media\/26599"}],"wp:attachment":[{"href":"https:\/\/blogopara.com.br\/index.php\/wp-json\/wp\/v2\/media?parent=26598"}],"wp:term":[{"taxonomy":"category","embeddable":true,"href":"https:\/\/blogopara.com.br\/index.php\/wp-json\/wp\/v2\/categories?post=26598"},{"taxonomy":"post_tag","embeddable":true,"href":"https:\/\/blogopara.com.br\/index.php\/wp-json\/wp\/v2\/tags?post=26598"}],"curies":[{"name":"wp","href":"https:\/\/api.w.org\/{rel}","templated":true}]}}