{"id":26601,"date":"2021-08-05T10:44:00","date_gmt":"2021-08-05T13:44:00","guid":{"rendered":"https:\/\/blogopara.com.br\/?p=26601"},"modified":"2021-08-05T10:13:14","modified_gmt":"2021-08-05T13:13:14","slug":"pernambuco-anuncia-vacinacao-para-quem-vai-estudar-trabalhar-ou-fazer-tratamento-no-exterior","status":"publish","type":"post","link":"https:\/\/blogopara.com.br\/index.php\/2021\/08\/05\/pernambuco-anuncia-vacinacao-para-quem-vai-estudar-trabalhar-ou-fazer-tratamento-no-exterior","title":{"rendered":"Pernambuco anuncia vacina\u00e7\u00e3o para quem vai estudar, trabalhar ou fazer tratamento no exterior"},"content":{"rendered":"\n\n<p style=\"text-align: justify;\">O Governo de Pernambuco publicou, na edi\u00e7\u00e3o desta quinta-feira (5) do Di\u00e1rio Oficial do Estado, uma resolu\u00e7\u00e3o que pactua a vacina\u00e7\u00e3o contra a Covid-19 para estudantes, pesquisadores, pessoas que fazem tratamento de sa\u00fade com indica\u00e7\u00e3o m\u00e9dica e pessoas que trabalham em outros pa\u00edses.<\/p>\n<p style=\"text-align: justify;\">Segundo a Secretaria Estadual de Sa\u00fade (SES-PE), a imuniza\u00e7\u00e3o \u00e9 para pessoas desses grupos que precisam se deslocar para outros pa\u00edses que exigem vacina\u00e7\u00e3o para a entrada de estrangeiros em seus territ\u00f3rios.<\/p>\n<div id=\"ad-middle\" class=\" adRef\" style=\"text-align: justify;\" data-google-query-id=\"CKDcxIX3mfICFW8GuQYdjGEKoA\">\n<div id=\"google_ads_iframe_\/21867286880\/folhape\/middle_0__container__\"><span style=\"font-size: inherit;\">A libera\u00e7\u00e3o para vacina\u00e7\u00e3o dessas pessoas foi acertada em reuni\u00e3o com gestores municipais na Comiss\u00e3o Intergestores Bipartite (CIB). Para a imuniza\u00e7\u00e3o, a pessoa deve ter, obrigatoriamente, viagem marcada para o segundo semestre de 2021.\u00a0<\/span><\/div>\n<\/div>\n<div class=\"dn_noticiasRelacionadas\" style=\"text-align: justify;\">\n<div>\u00a0<\/div>\n<div class=\"spacer30\"><span style=\"font-size: inherit;\">De acordo com a SES-PE, est\u00e3o inclusos no grupo estudantes e pesquisadores vinculados a institui\u00e7\u00f5es de ensino que realizar\u00e3o interc\u00e2mbio acad\u00eamico em outros pa\u00edses; pessoas que necessitem realizar tratamento de sa\u00fade com indica\u00e7\u00e3o m\u00e9dica em outros pa\u00edses; pessoas, por ocasi\u00e3o de convoca\u00e7\u00e3o ou transfer\u00eancia de localidade de trabalho em outros pa\u00edses.\u00a0<\/span><\/div>\n<\/div>\n<p style=\"text-align: justify;\">A pasta lembra ainda que a orienta\u00e7\u00e3o da CIB vale para estudantes maiores de 18 anos, assim como para os demais grupos.\u00a0<a href=\"https:\/\/www.folhape.com.br\/noticias\/covid-19-vacinacao-de-adolescentes-entre-12-e-17-anos-em-pernambuco\/191847\/\" target=\"_blank\" rel=\"noopener\"><strong>A vacina\u00e7\u00e3o contra o coronav\u00edrus de adolescentes em Pernambuco deve ter in\u00edcio no pr\u00f3ximo m\u00eas<\/strong><\/a>, conforme anunciou na semana passada o secret\u00e1rio estadual de Sa\u00fade, Andr\u00e9 Longo.<\/p>\n<p style=\"text-align: justify;\">&#8220;\u00c9 importante destacar que, em todas as especificidades citadas, a pessoa deve apresentar comprova\u00e7\u00e3o expressa da necessidade da imuniza\u00e7\u00e3o em declara\u00e7\u00e3o emitida pela outra parte, seja a institui\u00e7\u00e3o de ensino, para estudantes e pesquisadores, o empregador (empresa), para demais trabalhadores, e o servi\u00e7o de sa\u00fade ou o m\u00e9dico que acompanha o paciente, em casos de necessidade m\u00e9dica&#8221;, alertou a SES-PE, em comunicado oficial.<\/p>\n<p>\u00a0<\/p>\n<section class=\"bannerBillboardDetalhe\">\n<div style=\"text-align: justify;\">Por:<strong>\u00a0Portal Folha de Pernambuco<\/strong><\/div>\n<\/section>\n\n\n<p><\/p>\n","protected":false},"excerpt":{"rendered":"<p>O Governo de Pernambuco publicou, na edi\u00e7\u00e3o desta quinta-feira (5) do Di\u00e1rio Oficial do Estado, uma resolu\u00e7\u00e3o que pactua a vacina\u00e7\u00e3o contra a Covid-19 para estudantes, pesquisadores, pessoas que fazem tratamento de sa\u00fade com indica\u00e7\u00e3o m\u00e9dica e pessoas que trabalham em outros pa\u00edses. Segundo a Secretaria Estadual de Sa\u00fade (SES-PE), a imuniza\u00e7\u00e3o \u00e9 para pessoas [&hellip;]<\/p>\n","protected":false},"author":1,"featured_media":26602,"comment_status":"closed","ping_status":"open","sticky":false,"template":"","format":"standard","meta":{"_uag_custom_page_level_css":"","_monsterinsights_skip_tracking":false,"_monsterinsights_sitenote_active":false,"_monsterinsights_sitenote_note":"","_monsterinsights_sitenote_category":0,"jetpack_post_was_ever_published":false,"_jetpack_newsletter_access":"","_jetpack_dont_email_post_to_subs":false,"_jetpack_newsletter_tier_id":0,"_jetpack_memberships_contains_paywalled_content":false,"_jetpack_memberships_contains_paid_content":false,"footnotes":"","jetpack_publicize_message":"","jetpack_publicize_feature_enabled":true,"jetpack_social_post_already_shared":true,"jetpack_social_options":{"image_generator_settings":{"template":"highway","default_image_id":0,"font":"","enabled":false},"version":2}},"categories":[1507],"tags":[3217,3155,532,3107],"class_list":["post-26601","post","type-post","status-publish","format-standard","has-post-thumbnail","hentry","category-pernambuco","tag-anuncio","tag-covid-19-2","tag-pernambuco","tag-vacinacao"],"jetpack_publicize_connections":[],"jetpack_featured_media_url":"https:\/\/blogopara.com.br\/wp-content\/uploads\/2021\/08\/vacina-olinda.jpeg","uagb_featured_image_src":{"full":["https:\/\/blogopara.com.br\/wp-content\/uploads\/2021\/08\/vacina-olinda.jpeg",500,332,false],"thumbnail":["https:\/\/blogopara.com.br\/wp-content\/uploads\/2021\/08\/vacina-olinda-150x150.jpeg",150,150,true],"medium":["https:\/\/blogopara.com.br\/wp-content\/uploads\/2021\/08\/vacina-olinda-300x199.jpeg",300,199,true],"medium_large":["https:\/\/blogopara.com.br\/wp-content\/uploads\/2021\/08\/vacina-olinda.jpeg",500,332,false],"large":["https:\/\/blogopara.com.br\/wp-content\/uploads\/2021\/08\/vacina-olinda.jpeg",500,332,false],"1536x1536":["https:\/\/blogopara.com.br\/wp-content\/uploads\/2021\/08\/vacina-olinda.jpeg",500,332,false],"2048x2048":["https:\/\/blogopara.com.br\/wp-content\/uploads\/2021\/08\/vacina-olinda.jpeg",500,332,false],"mantranews-slider-large":["https:\/\/blogopara.com.br\/wp-content\/uploads\/2021\/08\/vacina-olinda.jpeg",500,332,false],"mantranews-featured-medium":["https:\/\/blogopara.com.br\/wp-content\/uploads\/2021\/08\/vacina-olinda-420x307.jpeg",420,307,true],"mantranews-featured-long":["https:\/\/blogopara.com.br\/wp-content\/uploads\/2021\/08\/vacina-olinda-300x332.jpeg",300,332,true],"mantranews-block-medium":["https:\/\/blogopara.com.br\/wp-content\/uploads\/2021\/08\/vacina-olinda-464x290.jpeg",464,290,true],"mantranews-carousel-image":["https:\/\/blogopara.com.br\/wp-content\/uploads\/2021\/08\/vacina-olinda.jpeg",500,332,false],"mantranews-block-thumb":["https:\/\/blogopara.com.br\/wp-content\/uploads\/2021\/08\/vacina-olinda-322x230.jpeg",322,230,true],"mantranews-single-large":["https:\/\/blogopara.com.br\/wp-content\/uploads\/2021\/08\/vacina-olinda.jpeg",500,332,false]},"uagb_author_info":{"display_name":"Reda\u00e7\u00e3o geral","author_link":"https:\/\/blogopara.com.br\/index.php\/author\/blogopara"},"uagb_comment_info":0,"uagb_excerpt":"O Governo de Pernambuco publicou, na edi\u00e7\u00e3o desta quinta-feira (5) do Di\u00e1rio Oficial do Estado, uma resolu\u00e7\u00e3o que pactua a vacina\u00e7\u00e3o contra a Covid-19 para estudantes, pesquisadores, pessoas que fazem tratamento de sa\u00fade com indica\u00e7\u00e3o m\u00e9dica e pessoas que trabalham em outros pa\u00edses. Segundo a Secretaria Estadual de Sa\u00fade (SES-PE), a imuniza\u00e7\u00e3o \u00e9 para pessoas&hellip;","jetpack_sharing_enabled":true,"jetpack_likes_enabled":true,"_links":{"self":[{"href":"https:\/\/blogopara.com.br\/index.php\/wp-json\/wp\/v2\/posts\/26601","targetHints":{"allow":["GET"]}}],"collection":[{"href":"https:\/\/blogopara.com.br\/index.php\/wp-json\/wp\/v2\/posts"}],"about":[{"href":"https:\/\/blogopara.com.br\/index.php\/wp-json\/wp\/v2\/types\/post"}],"author":[{"embeddable":true,"href":"https:\/\/blogopara.com.br\/index.php\/wp-json\/wp\/v2\/users\/1"}],"replies":[{"embeddable":true,"href":"https:\/\/blogopara.com.br\/index.php\/wp-json\/wp\/v2\/comments?post=26601"}],"version-history":[{"count":1,"href":"https:\/\/blogopara.com.br\/index.php\/wp-json\/wp\/v2\/posts\/26601\/revisions"}],"predecessor-version":[{"id":26603,"href":"https:\/\/blogopara.com.br\/index.php\/wp-json\/wp\/v2\/posts\/26601\/revisions\/26603"}],"wp:featuredmedia":[{"embeddable":true,"href":"https:\/\/blogopara.com.br\/index.php\/wp-json\/wp\/v2\/media\/26602"}],"wp:attachment":[{"href":"https:\/\/blogopara.com.br\/index.php\/wp-json\/wp\/v2\/media?parent=26601"}],"wp:term":[{"taxonomy":"category","embeddable":true,"href":"https:\/\/blogopara.com.br\/index.php\/wp-json\/wp\/v2\/categories?post=26601"},{"taxonomy":"post_tag","embeddable":true,"href":"https:\/\/blogopara.com.br\/index.php\/wp-json\/wp\/v2\/tags?post=26601"}],"curies":[{"name":"wp","href":"https:\/\/api.w.org\/{rel}","templated":true}]}}