{"id":26914,"date":"2021-08-13T11:03:00","date_gmt":"2021-08-13T14:03:00","guid":{"rendered":"https:\/\/blogopara.com.br\/?p=26914"},"modified":"2021-08-12T16:21:45","modified_gmt":"2021-08-12T19:21:45","slug":"prefeitura-de-casa-nova-ilumina-poco-da-pedra","status":"publish","type":"post","link":"https:\/\/blogopara.com.br\/index.php\/2021\/08\/13\/prefeitura-de-casa-nova-ilumina-poco-da-pedra","title":{"rendered":"Prefeitura de Casa Nova ilumina Po\u00e7o da Pedra"},"content":{"rendered":"<p style=\"text-align: justify;\">Po\u00e7o da Pedra mais iluminada e mais bonita. A\u00e7\u00e3o concretizada pela Prefeitura de Casa Nova. Agora as pra\u00e7as da comunidade est\u00e3o recebendo uma nova ilumina\u00e7\u00e3o com L\u00e2mpadas de LED para garantir a seguran\u00e7a, mais comodidade e beleza<\/p>\n<p style=\"text-align: justify;\">O sistema LED possui mais luminosidade e \u00e9 mais vers\u00e1til, com maior foco em \u00e1reas mais perigosas, garante maior seguran\u00e7a em ruas, avenidas e pra\u00e7as p\u00fablicas.<\/p>\n<p style=\"text-align: justify;\">Resultados positivos em curto, m\u00e9dio e longo prazo.<br \/>\nAl\u00e9m de gerar uma economia de megawatts representando um grande benef\u00edcio para a cidade, cujo dinheiro pode ser usado para suprir outras demandas da popula\u00e7\u00e3o. A op\u00e7\u00e3o dos LEDs n\u00e3o \u00e9 apenas a mais barata, mas a que menos agride o meio ambiente e instaladas em ruas e avenidas, principalmente em horas de pouco movimento, esse fator pode ser decisivo para que se evitem assaltos, atropelamentos ou outros acidentes nas vias p\u00fablicas.<\/p>\n<p style=\"text-align: justify;\">Em Pau a Pique as lumin\u00e1rias de LED j\u00e1 foram instaladas no campo de Futebol e agora ser\u00e3o colocadas na Avenida e na Pra\u00e7a principal. Santana do Sobrado j\u00e1 est\u00e1 toda iluminada com LED. \u201cAs Lumin\u00e1rias Publica LED t\u00eam menor custo e benef\u00edcios excelentes para a popula\u00e7\u00e3o com alta pot\u00eancia de luminosidade, garantindo maior sensa\u00e7\u00e3o de seguran\u00e7a e conforto a nossa popula\u00e7\u00e3o. N\u00f3s n\u00e3o paramos de pensar em a\u00e7\u00f5es que levem mais comodidade aos casanovenses e sempre vamos trabalhar para garantir melhor qualidade de vida para o nosso povo\u201d, destaca Wilker do Posto, prefeito de Casa Nova.<\/p>\n<p style=\"text-align: justify;\"><em>M\u00f4nia Ramos Jornalista<\/em><\/p>\n<p style=\"text-align: justify;\"><em>Ascom de Casa Nova<\/em><\/p>\n","protected":false},"excerpt":{"rendered":"<p>Po\u00e7o da Pedra mais iluminada e mais bonita. A\u00e7\u00e3o concretizada pela Prefeitura de Casa Nova. Agora as pra\u00e7as da comunidade est\u00e3o recebendo uma nova ilumina\u00e7\u00e3o com L\u00e2mpadas de LED para garantir a seguran\u00e7a, mais comodidade e beleza O sistema LED possui mais luminosidade e \u00e9 mais vers\u00e1til, com maior foco em \u00e1reas mais perigosas, garante [&hellip;]<\/p>\n","protected":false},"author":1,"featured_media":26915,"comment_status":"closed","ping_status":"open","sticky":false,"template":"","format":"standard","meta":{"_uag_custom_page_level_css":"","_monsterinsights_skip_tracking":false,"_monsterinsights_sitenote_active":false,"_monsterinsights_sitenote_note":"","_monsterinsights_sitenote_category":0,"jetpack_post_was_ever_published":false,"_jetpack_newsletter_access":"","_jetpack_dont_email_post_to_subs":false,"_jetpack_newsletter_tier_id":0,"_jetpack_memberships_contains_paywalled_content":false,"_jetpack_memberships_contains_paid_content":false,"footnotes":"","jetpack_publicize_message":"","jetpack_publicize_feature_enabled":true,"jetpack_social_post_already_shared":true,"jetpack_social_options":{"image_generator_settings":{"template":"highway","default_image_id":0,"font":"","enabled":false},"version":2}},"categories":[199],"tags":[],"class_list":["post-26914","post","type-post","status-publish","format-standard","has-post-thumbnail","hentry","category-bahia"],"jetpack_publicize_connections":[],"jetpack_featured_media_url":"https:\/\/blogopara.com.br\/wp-content\/uploads\/2021\/08\/WhatsApp-Image-2021-08-12-at-15.50.11.jpeg","uagb_featured_image_src":{"full":["https:\/\/blogopara.com.br\/wp-content\/uploads\/2021\/08\/WhatsApp-Image-2021-08-12-at-15.50.11.jpeg",500,888,false],"thumbnail":["https:\/\/blogopara.com.br\/wp-content\/uploads\/2021\/08\/WhatsApp-Image-2021-08-12-at-15.50.11-150x150.jpeg",150,150,true],"medium":["https:\/\/blogopara.com.br\/wp-content\/uploads\/2021\/08\/WhatsApp-Image-2021-08-12-at-15.50.11-169x300.jpeg",169,300,true],"medium_large":["https:\/\/blogopara.com.br\/wp-content\/uploads\/2021\/08\/WhatsApp-Image-2021-08-12-at-15.50.11.jpeg",500,888,false],"large":["https:\/\/blogopara.com.br\/wp-content\/uploads\/2021\/08\/WhatsApp-Image-2021-08-12-at-15.50.11.jpeg",500,888,false],"1536x1536":["https:\/\/blogopara.com.br\/wp-content\/uploads\/2021\/08\/WhatsApp-Image-2021-08-12-at-15.50.11.jpeg",500,888,false],"2048x2048":["https:\/\/blogopara.com.br\/wp-content\/uploads\/2021\/08\/WhatsApp-Image-2021-08-12-at-15.50.11.jpeg",500,888,false],"mantranews-slider-large":["https:\/\/blogopara.com.br\/wp-content\/uploads\/2021\/08\/WhatsApp-Image-2021-08-12-at-15.50.11-500x741.jpeg",500,741,true],"mantranews-featured-medium":["https:\/\/blogopara.com.br\/wp-content\/uploads\/2021\/08\/WhatsApp-Image-2021-08-12-at-15.50.11-420x307.jpeg",420,307,true],"mantranews-featured-long":["https:\/\/blogopara.com.br\/wp-content\/uploads\/2021\/08\/WhatsApp-Image-2021-08-12-at-15.50.11-300x443.jpeg",300,443,true],"mantranews-block-medium":["https:\/\/blogopara.com.br\/wp-content\/uploads\/2021\/08\/WhatsApp-Image-2021-08-12-at-15.50.11-464x290.jpeg",464,290,true],"mantranews-carousel-image":["https:\/\/blogopara.com.br\/wp-content\/uploads\/2021\/08\/WhatsApp-Image-2021-08-12-at-15.50.11-500x500.jpeg",500,500,true],"mantranews-block-thumb":["https:\/\/blogopara.com.br\/wp-content\/uploads\/2021\/08\/WhatsApp-Image-2021-08-12-at-15.50.11-322x230.jpeg",322,230,true],"mantranews-single-large":["https:\/\/blogopara.com.br\/wp-content\/uploads\/2021\/08\/WhatsApp-Image-2021-08-12-at-15.50.11-500x642.jpeg",500,642,true]},"uagb_author_info":{"display_name":"Reda\u00e7\u00e3o geral","author_link":"https:\/\/blogopara.com.br\/index.php\/author\/blogopara"},"uagb_comment_info":0,"uagb_excerpt":"Po\u00e7o da Pedra mais iluminada e mais bonita. A\u00e7\u00e3o concretizada pela Prefeitura de Casa Nova. Agora as pra\u00e7as da comunidade est\u00e3o recebendo uma nova ilumina\u00e7\u00e3o com L\u00e2mpadas de LED para garantir a seguran\u00e7a, mais comodidade e beleza O sistema LED possui mais luminosidade e \u00e9 mais vers\u00e1til, com maior foco em \u00e1reas mais perigosas, garante&hellip;","jetpack_sharing_enabled":true,"jetpack_likes_enabled":true,"_links":{"self":[{"href":"https:\/\/blogopara.com.br\/index.php\/wp-json\/wp\/v2\/posts\/26914","targetHints":{"allow":["GET"]}}],"collection":[{"href":"https:\/\/blogopara.com.br\/index.php\/wp-json\/wp\/v2\/posts"}],"about":[{"href":"https:\/\/blogopara.com.br\/index.php\/wp-json\/wp\/v2\/types\/post"}],"author":[{"embeddable":true,"href":"https:\/\/blogopara.com.br\/index.php\/wp-json\/wp\/v2\/users\/1"}],"replies":[{"embeddable":true,"href":"https:\/\/blogopara.com.br\/index.php\/wp-json\/wp\/v2\/comments?post=26914"}],"version-history":[{"count":1,"href":"https:\/\/blogopara.com.br\/index.php\/wp-json\/wp\/v2\/posts\/26914\/revisions"}],"predecessor-version":[{"id":26916,"href":"https:\/\/blogopara.com.br\/index.php\/wp-json\/wp\/v2\/posts\/26914\/revisions\/26916"}],"wp:featuredmedia":[{"embeddable":true,"href":"https:\/\/blogopara.com.br\/index.php\/wp-json\/wp\/v2\/media\/26915"}],"wp:attachment":[{"href":"https:\/\/blogopara.com.br\/index.php\/wp-json\/wp\/v2\/media?parent=26914"}],"wp:term":[{"taxonomy":"category","embeddable":true,"href":"https:\/\/blogopara.com.br\/index.php\/wp-json\/wp\/v2\/categories?post=26914"},{"taxonomy":"post_tag","embeddable":true,"href":"https:\/\/blogopara.com.br\/index.php\/wp-json\/wp\/v2\/tags?post=26914"}],"curies":[{"name":"wp","href":"https:\/\/api.w.org\/{rel}","templated":true}]}}