{"id":27019,"date":"2021-08-15T11:05:00","date_gmt":"2021-08-15T14:05:00","guid":{"rendered":"https:\/\/blogopara.com.br\/?p=27019"},"modified":"2021-08-15T13:03:43","modified_gmt":"2021-08-15T16:03:43","slug":"boletim-epidemiologico-registra-dois-obitos-por-covid-19-em-juazeiro-neste-sabado","status":"publish","type":"post","link":"https:\/\/blogopara.com.br\/index.php\/2021\/08\/15\/boletim-epidemiologico-registra-dois-obitos-por-covid-19-em-juazeiro-neste-sabado","title":{"rendered":"Boletim epidemiol\u00f3gico registra dois \u00f3bitos por Covid-19 em Juazeiro neste s\u00e1bado"},"content":{"rendered":"<p style=\"font-weight: 400; text-align: justify;\">Juazeiro registrou dois \u00f3bitos por complica\u00e7\u00f5es do novo Coronav\u00edrus e oito novos casos da doen\u00e7a nas \u00faltimas 24 horas. A informa\u00e7\u00e3o est\u00e1 no boletim epidemiol\u00f3gico da Secretaria Municipal de Sa\u00fade (Sesau) deste s\u00e1bado (14).<\/p>\n<p style=\"font-weight: 400; text-align: justify;\">Os \u00f3bitos foram de duas pessoas do sexo feminino, ambas com 59 anos. Uma delas possu\u00eda hist\u00f3rico de comorbidade. O munic\u00edpio contabiliza 355 mortes provocadas pela doen\u00e7a.<\/p>\n<p style=\"font-weight: 400; text-align: justify;\">De acordo com o levantamento, 17.180 moradores foram infectados desde o in\u00edcio da pandemia na cidade, dos quais 16.757 j\u00e1 est\u00e3o recuperados. Os casos descartados somam 30.115. Juazeiro tem 68 casos ativos do novo coronav\u00edrus.<\/p>\n<p style=\"font-weight: 400; text-align: justify;\">\n<\/p><p style=\"font-weight: 400; text-align: justify;\"><strong>Testes<\/strong><\/p>\n<p style=\"font-weight: 400; text-align: justify;\">\n<\/p><p style=\"font-weight: 400; text-align: justify;\">Foram realizados desde o in\u00edcio da pandemia 36.204 testes r\u00e1pidos pela prefeitura e 2.724 pelo Lacen, em Salvador.<\/p>\n<p style=\"font-weight: 400; text-align: justify;\">\n<\/p><p style=\"font-weight: 400; text-align: justify;\"><strong>Ocupa\u00e7\u00e3o de leitos<\/strong><\/p>\n<p style=\"font-weight: 400; text-align: justify;\">\n<\/p><p style=\"font-weight: 400; text-align: justify;\">Na rede hospitalar, o percentual de ocupa\u00e7\u00e3o dos leitos de UTI para Juazeiro na rede PEBA (hospitais de Pernambuco e Bahia) \u00e9 de 20%, com 171 leitos dispon\u00edveis. Somente em Juazeiro, 0% dos leitos de UTI para pacientes com Covid-19 est\u00e3o ocupados, com 30 leitos dispon\u00edveis.<\/p>\n<p style=\"font-weight: 400; text-align: justify;\">\n<\/p><p style=\"font-weight: 400; text-align: justify;\">ASCOM\/PMJ<\/p>\n\n\n<p><\/p>\n","protected":false},"excerpt":{"rendered":"<p>Juazeiro registrou dois \u00f3bitos por complica\u00e7\u00f5es do novo Coronav\u00edrus e oito novos casos da doen\u00e7a nas \u00faltimas 24 horas. A informa\u00e7\u00e3o est\u00e1 no boletim epidemiol\u00f3gico da Secretaria Municipal de Sa\u00fade (Sesau) deste s\u00e1bado (14). Os \u00f3bitos foram de duas pessoas do sexo feminino, ambas com 59 anos. Uma delas possu\u00eda hist\u00f3rico de comorbidade. O munic\u00edpio [&hellip;]<\/p>\n","protected":false},"author":1,"featured_media":27020,"comment_status":"closed","ping_status":"open","sticky":false,"template":"","format":"standard","meta":{"_uag_custom_page_level_css":"","_monsterinsights_skip_tracking":false,"_monsterinsights_sitenote_active":false,"_monsterinsights_sitenote_note":"","_monsterinsights_sitenote_category":0,"jetpack_post_was_ever_published":false,"_jetpack_newsletter_access":"","_jetpack_dont_email_post_to_subs":false,"_jetpack_newsletter_tier_id":0,"_jetpack_memberships_contains_paywalled_content":false,"_jetpack_memberships_contains_paid_content":false,"footnotes":"","jetpack_publicize_message":"","jetpack_publicize_feature_enabled":true,"jetpack_social_post_already_shared":true,"jetpack_social_options":{"image_generator_settings":{"template":"highway","default_image_id":0,"font":"","enabled":false},"version":2}},"categories":[2801,203],"tags":[3699,3155,2496,1622,1684],"class_list":["post-27019","post","type-post","status-publish","format-standard","has-post-thumbnail","hentry","category-covid19","category-juazeiro","tag-boletim-epidemiologico","tag-covid-19-2","tag-dois-obitos","tag-juazeiro-bahia","tag-registro"],"jetpack_publicize_connections":[],"jetpack_featured_media_url":"https:\/\/blogopara.com.br\/wp-content\/uploads\/2021\/08\/Boletim-covid-14.08-Juazeiro.jpg","uagb_featured_image_src":{"full":["https:\/\/blogopara.com.br\/wp-content\/uploads\/2021\/08\/Boletim-covid-14.08-Juazeiro.jpg",500,500,false],"thumbnail":["https:\/\/blogopara.com.br\/wp-content\/uploads\/2021\/08\/Boletim-covid-14.08-Juazeiro-150x150.jpg",150,150,true],"medium":["https:\/\/blogopara.com.br\/wp-content\/uploads\/2021\/08\/Boletim-covid-14.08-Juazeiro-300x300.jpg",300,300,true],"medium_large":["https:\/\/blogopara.com.br\/wp-content\/uploads\/2021\/08\/Boletim-covid-14.08-Juazeiro.jpg",500,500,false],"large":["https:\/\/blogopara.com.br\/wp-content\/uploads\/2021\/08\/Boletim-covid-14.08-Juazeiro.jpg",500,500,false],"1536x1536":["https:\/\/blogopara.com.br\/wp-content\/uploads\/2021\/08\/Boletim-covid-14.08-Juazeiro.jpg",500,500,false],"2048x2048":["https:\/\/blogopara.com.br\/wp-content\/uploads\/2021\/08\/Boletim-covid-14.08-Juazeiro.jpg",500,500,false],"mantranews-slider-large":["https:\/\/blogopara.com.br\/wp-content\/uploads\/2021\/08\/Boletim-covid-14.08-Juazeiro.jpg",500,500,false],"mantranews-featured-medium":["https:\/\/blogopara.com.br\/wp-content\/uploads\/2021\/08\/Boletim-covid-14.08-Juazeiro-420x307.jpg",420,307,true],"mantranews-featured-long":["https:\/\/blogopara.com.br\/wp-content\/uploads\/2021\/08\/Boletim-covid-14.08-Juazeiro-300x443.jpg",300,443,true],"mantranews-block-medium":["https:\/\/blogopara.com.br\/wp-content\/uploads\/2021\/08\/Boletim-covid-14.08-Juazeiro-464x290.jpg",464,290,true],"mantranews-carousel-image":["https:\/\/blogopara.com.br\/wp-content\/uploads\/2021\/08\/Boletim-covid-14.08-Juazeiro.jpg",500,500,false],"mantranews-block-thumb":["https:\/\/blogopara.com.br\/wp-content\/uploads\/2021\/08\/Boletim-covid-14.08-Juazeiro-322x230.jpg",322,230,true],"mantranews-single-large":["https:\/\/blogopara.com.br\/wp-content\/uploads\/2021\/08\/Boletim-covid-14.08-Juazeiro.jpg",500,500,false]},"uagb_author_info":{"display_name":"Reda\u00e7\u00e3o geral","author_link":"https:\/\/blogopara.com.br\/index.php\/author\/blogopara"},"uagb_comment_info":0,"uagb_excerpt":"Juazeiro registrou dois \u00f3bitos por complica\u00e7\u00f5es do novo Coronav\u00edrus e oito novos casos da doen\u00e7a nas \u00faltimas 24 horas. A informa\u00e7\u00e3o est\u00e1 no boletim epidemiol\u00f3gico da Secretaria Municipal de Sa\u00fade (Sesau) deste s\u00e1bado (14). Os \u00f3bitos foram de duas pessoas do sexo feminino, ambas com 59 anos. Uma delas possu\u00eda hist\u00f3rico de comorbidade. O munic\u00edpio&hellip;","jetpack_sharing_enabled":true,"jetpack_likes_enabled":true,"_links":{"self":[{"href":"https:\/\/blogopara.com.br\/index.php\/wp-json\/wp\/v2\/posts\/27019","targetHints":{"allow":["GET"]}}],"collection":[{"href":"https:\/\/blogopara.com.br\/index.php\/wp-json\/wp\/v2\/posts"}],"about":[{"href":"https:\/\/blogopara.com.br\/index.php\/wp-json\/wp\/v2\/types\/post"}],"author":[{"embeddable":true,"href":"https:\/\/blogopara.com.br\/index.php\/wp-json\/wp\/v2\/users\/1"}],"replies":[{"embeddable":true,"href":"https:\/\/blogopara.com.br\/index.php\/wp-json\/wp\/v2\/comments?post=27019"}],"version-history":[{"count":2,"href":"https:\/\/blogopara.com.br\/index.php\/wp-json\/wp\/v2\/posts\/27019\/revisions"}],"predecessor-version":[{"id":27022,"href":"https:\/\/blogopara.com.br\/index.php\/wp-json\/wp\/v2\/posts\/27019\/revisions\/27022"}],"wp:featuredmedia":[{"embeddable":true,"href":"https:\/\/blogopara.com.br\/index.php\/wp-json\/wp\/v2\/media\/27020"}],"wp:attachment":[{"href":"https:\/\/blogopara.com.br\/index.php\/wp-json\/wp\/v2\/media?parent=27019"}],"wp:term":[{"taxonomy":"category","embeddable":true,"href":"https:\/\/blogopara.com.br\/index.php\/wp-json\/wp\/v2\/categories?post=27019"},{"taxonomy":"post_tag","embeddable":true,"href":"https:\/\/blogopara.com.br\/index.php\/wp-json\/wp\/v2\/tags?post=27019"}],"curies":[{"name":"wp","href":"https:\/\/api.w.org\/{rel}","templated":true}]}}