{"id":27289,"date":"2021-08-21T10:40:00","date_gmt":"2021-08-21T13:40:00","guid":{"rendered":"https:\/\/blogopara.com.br\/?p=27289"},"modified":"2021-08-21T15:13:51","modified_gmt":"2021-08-21T18:13:51","slug":"jordavio-ramos-participa-da-entrega-de-tres-escolas-no-distrito-de-abobora","status":"publish","type":"post","link":"https:\/\/blogopara.com.br\/index.php\/2021\/08\/21\/jordavio-ramos-participa-da-entrega-de-tres-escolas-no-distrito-de-abobora","title":{"rendered":"Jord\u00e1vio Ramos participa da entrega de tr\u00eas escolas, no Distrito de Ab\u00f3bora"},"content":{"rendered":"<p style=\"text-align: justify;\">Na manh\u00e3 desta sexta-feira (20) Jord\u00e1vio Ramos acompanhou a prefeita de Juazeiro-BA, Suzana Ramos, na solenidade de entrega da reforma de tr\u00eas escolas, no Distrito de Ab\u00f3bora, interior do munic\u00edpio.<\/p>\n<p style=\"text-align: justify;\">A prefeitura de Juazeiro vem desenvolvendo um trabalho voltado para melhorar ainda mais a qualidade da educa\u00e7\u00e3o na cidade, al\u00e9m de investimentos em projetos educacionais, a gest\u00e3o tamb\u00e9m tem proporcionado reformas nas institui\u00e7\u00f5es, tanto da sede como nos interiores do munic\u00edpio. Hoje, foram entregues, totalmente reformadas, tr\u00eas unidades de ensino, a EMEI Am\u00e9rico Tanury a Escola municipal Manoel de Souza Bonfim e a extens\u00e3o da mesma.<\/p>\n<p style=\"text-align: justify;\">O jovem pol\u00edtico, Jord\u00e1vio Ramos, reconhece a relev\u00e2ncia da educa\u00e7\u00e3o na forma\u00e7\u00e3o dos jovens e expressa sua felicidade com a entrega das reformas. \u201c\u00c9 muito gratificante poder ver Juazeiro avan\u00e7ando na educa\u00e7\u00e3o e proporcionando melhores condi\u00e7\u00f5es, no ensino da nossa juventude. Fico muito Feliz!\u201d, frisou Jord\u00e1vio.<\/p>\n<p style=\"text-align: justify;\">Ascom Jordavio Ramos<\/p>\n","protected":false},"excerpt":{"rendered":"<p>Na manh\u00e3 desta sexta-feira (20) Jord\u00e1vio Ramos acompanhou a prefeita de Juazeiro-BA, Suzana Ramos, na solenidade de entrega da reforma de tr\u00eas escolas, no Distrito de Ab\u00f3bora, interior do munic\u00edpio. A prefeitura de Juazeiro vem desenvolvendo um trabalho voltado para melhorar ainda mais a qualidade da educa\u00e7\u00e3o na cidade, al\u00e9m de investimentos em projetos educacionais, [&hellip;]<\/p>\n","protected":false},"author":1,"featured_media":27290,"comment_status":"closed","ping_status":"open","sticky":false,"template":"","format":"standard","meta":{"_uag_custom_page_level_css":"","_monsterinsights_skip_tracking":false,"_monsterinsights_sitenote_active":false,"_monsterinsights_sitenote_note":"","_monsterinsights_sitenote_category":0,"jetpack_post_was_ever_published":false,"_jetpack_newsletter_access":"","_jetpack_dont_email_post_to_subs":false,"_jetpack_newsletter_tier_id":0,"_jetpack_memberships_contains_paywalled_content":false,"_jetpack_memberships_contains_paid_content":false,"footnotes":"","jetpack_publicize_message":"","jetpack_publicize_feature_enabled":true,"jetpack_social_post_already_shared":true,"jetpack_social_options":{"image_generator_settings":{"template":"highway","default_image_id":0,"font":"","enabled":false},"version":2}},"categories":[203],"tags":[3632,1327,1243,4793,4099],"class_list":["post-27289","post","type-post","status-publish","format-standard","has-post-thumbnail","hentry","category-juazeiro","tag-deputado-estadual","tag-eleicoes-2022","tag-escola","tag-inauguracoes","tag-jordavio-ramos"],"jetpack_publicize_connections":[],"jetpack_featured_media_url":"https:\/\/blogopara.com.br\/wp-content\/uploads\/2021\/08\/WhatsApp-Image-2021-08-20-at-16.39.31.jpeg","uagb_featured_image_src":{"full":["https:\/\/blogopara.com.br\/wp-content\/uploads\/2021\/08\/WhatsApp-Image-2021-08-20-at-16.39.31.jpeg",500,334,false],"thumbnail":["https:\/\/blogopara.com.br\/wp-content\/uploads\/2021\/08\/WhatsApp-Image-2021-08-20-at-16.39.31-150x150.jpeg",150,150,true],"medium":["https:\/\/blogopara.com.br\/wp-content\/uploads\/2021\/08\/WhatsApp-Image-2021-08-20-at-16.39.31-300x200.jpeg",300,200,true],"medium_large":["https:\/\/blogopara.com.br\/wp-content\/uploads\/2021\/08\/WhatsApp-Image-2021-08-20-at-16.39.31.jpeg",500,334,false],"large":["https:\/\/blogopara.com.br\/wp-content\/uploads\/2021\/08\/WhatsApp-Image-2021-08-20-at-16.39.31.jpeg",500,334,false],"1536x1536":["https:\/\/blogopara.com.br\/wp-content\/uploads\/2021\/08\/WhatsApp-Image-2021-08-20-at-16.39.31.jpeg",500,334,false],"2048x2048":["https:\/\/blogopara.com.br\/wp-content\/uploads\/2021\/08\/WhatsApp-Image-2021-08-20-at-16.39.31.jpeg",500,334,false],"mantranews-slider-large":["https:\/\/blogopara.com.br\/wp-content\/uploads\/2021\/08\/WhatsApp-Image-2021-08-20-at-16.39.31.jpeg",500,334,false],"mantranews-featured-medium":["https:\/\/blogopara.com.br\/wp-content\/uploads\/2021\/08\/WhatsApp-Image-2021-08-20-at-16.39.31-420x307.jpeg",420,307,true],"mantranews-featured-long":["https:\/\/blogopara.com.br\/wp-content\/uploads\/2021\/08\/WhatsApp-Image-2021-08-20-at-16.39.31-300x334.jpeg",300,334,true],"mantranews-block-medium":["https:\/\/blogopara.com.br\/wp-content\/uploads\/2021\/08\/WhatsApp-Image-2021-08-20-at-16.39.31-464x290.jpeg",464,290,true],"mantranews-carousel-image":["https:\/\/blogopara.com.br\/wp-content\/uploads\/2021\/08\/WhatsApp-Image-2021-08-20-at-16.39.31.jpeg",500,334,false],"mantranews-block-thumb":["https:\/\/blogopara.com.br\/wp-content\/uploads\/2021\/08\/WhatsApp-Image-2021-08-20-at-16.39.31-322x230.jpeg",322,230,true],"mantranews-single-large":["https:\/\/blogopara.com.br\/wp-content\/uploads\/2021\/08\/WhatsApp-Image-2021-08-20-at-16.39.31.jpeg",500,334,false]},"uagb_author_info":{"display_name":"Reda\u00e7\u00e3o geral","author_link":"https:\/\/blogopara.com.br\/index.php\/author\/blogopara"},"uagb_comment_info":0,"uagb_excerpt":"Na manh\u00e3 desta sexta-feira (20) Jord\u00e1vio Ramos acompanhou a prefeita de Juazeiro-BA, Suzana Ramos, na solenidade de entrega da reforma de tr\u00eas escolas, no Distrito de Ab\u00f3bora, interior do munic\u00edpio. A prefeitura de Juazeiro vem desenvolvendo um trabalho voltado para melhorar ainda mais a qualidade da educa\u00e7\u00e3o na cidade, al\u00e9m de investimentos em projetos educacionais,&hellip;","jetpack_sharing_enabled":true,"jetpack_likes_enabled":true,"_links":{"self":[{"href":"https:\/\/blogopara.com.br\/index.php\/wp-json\/wp\/v2\/posts\/27289","targetHints":{"allow":["GET"]}}],"collection":[{"href":"https:\/\/blogopara.com.br\/index.php\/wp-json\/wp\/v2\/posts"}],"about":[{"href":"https:\/\/blogopara.com.br\/index.php\/wp-json\/wp\/v2\/types\/post"}],"author":[{"embeddable":true,"href":"https:\/\/blogopara.com.br\/index.php\/wp-json\/wp\/v2\/users\/1"}],"replies":[{"embeddable":true,"href":"https:\/\/blogopara.com.br\/index.php\/wp-json\/wp\/v2\/comments?post=27289"}],"version-history":[{"count":3,"href":"https:\/\/blogopara.com.br\/index.php\/wp-json\/wp\/v2\/posts\/27289\/revisions"}],"predecessor-version":[{"id":27295,"href":"https:\/\/blogopara.com.br\/index.php\/wp-json\/wp\/v2\/posts\/27289\/revisions\/27295"}],"wp:featuredmedia":[{"embeddable":true,"href":"https:\/\/blogopara.com.br\/index.php\/wp-json\/wp\/v2\/media\/27290"}],"wp:attachment":[{"href":"https:\/\/blogopara.com.br\/index.php\/wp-json\/wp\/v2\/media?parent=27289"}],"wp:term":[{"taxonomy":"category","embeddable":true,"href":"https:\/\/blogopara.com.br\/index.php\/wp-json\/wp\/v2\/categories?post=27289"},{"taxonomy":"post_tag","embeddable":true,"href":"https:\/\/blogopara.com.br\/index.php\/wp-json\/wp\/v2\/tags?post=27289"}],"curies":[{"name":"wp","href":"https:\/\/api.w.org\/{rel}","templated":true}]}}