{"id":27346,"date":"2021-08-22T18:40:00","date_gmt":"2021-08-22T21:40:00","guid":{"rendered":"https:\/\/blogopara.com.br\/?p=27346"},"modified":"2021-08-22T14:47:53","modified_gmt":"2021-08-22T17:47:53","slug":"projeto-saude-em-vigor-finaliza-serie-de-eventos-no-interior-de-juazeiro-com-mais-de-860-atendimentos","status":"publish","type":"post","link":"https:\/\/blogopara.com.br\/index.php\/2021\/08\/22\/projeto-saude-em-vigor-finaliza-serie-de-eventos-no-interior-de-juazeiro-com-mais-de-860-atendimentos","title":{"rendered":"Projeto Sa\u00fade em Vigor finaliza s\u00e9rie de eventos no interior de Juazeiro com mais de 860 atendimentos"},"content":{"rendered":"<p style=\"text-align: justify;\">O Distrito de Massaroca recebeu o \u00faltimo dia da s\u00e9rie de atendimentos do Projeto Sa\u00fade em Vigor, no interior de Juazeiro. Ao todo, 863 pessoas foram beneficiadas pelos servi\u00e7os de aten\u00e7\u00e3o \u00e0 sa\u00fade visual.<br \/><br \/>O Evento \u00a0foi realizado atrav\u00e9s \u00a0de parceria entre o Instituto Francisco Sales, o m\u00e9dico Allan Jones e os vereadores Berg da Carnaiba e Cl\u00e9sio Alexandre. A a\u00e7\u00e3o ocorreu nos dias 17 no Distrito do Salitre, 18 em Itamotinga, 19 em Juremal, 20 em Carna\u00edba do Sert\u00e3o e 21 em Massaroca.<br \/><br \/>O senhor Raimundo Nonato de Macedo, mais conhecido como Mundinho apoiador da Carna\u00edba do Sert\u00e3o, aprovou a a\u00e7\u00e3o. \u201cVim fazer um exame de vista porque estava enxergando pouco. Achei muito boa a consulta, fomos bem atendidos, o pessoal todo gostou. Agrade\u00e7o a todos que fizeram isso por n\u00f3s\u201d, disse.<br \/><br \/>O m\u00e9dico Allan Jones, um dos idealizadores do projeto enfatizou o sucesso do trabalho em equipe. \u201cQueria agradecer a todos os usu\u00e1rios que participaram dessa grande iniciativa . Sem eles o evento n\u00e3o teria o sucesso que teve. Tamb\u00e9m quero enaltecer a nossa parceria com o Instituto Francisco Sales, atrav\u00e9s da presidente Carol Sales, e meus amigos vereadores Berg da Carna\u00edba e Cl\u00e9sio Alexandre, tenho certeza que alcan\u00e7amos muita gente e esse \u00e9 o nosso papel\u201d.<br \/><br \/><b>Futuro<br \/><\/b><br \/>\u201cDevido ao grande resultado alcan\u00e7ado, recebemos v\u00e1rios convites para realizar a a\u00e7\u00e3o em outras comunidades de Juazeiro. Agora vamos fazer um balan\u00e7o e posteriormente, com f\u00e9 em Deus, vamos dar mais respostas para a popula\u00e7\u00e3o de Juazeiro, em especial periferia e interior\u201d destacou Jones.<br \/><br \/>\u201cTamb\u00e9m gostaria de enfatizar as presen\u00e7as das lideran\u00e7as parceiras em todo o decorrer do evento: M\u00e1rcio \u00a0Luiz, Dr\u00b0 Ricardo Penalva, Juscelina Couto, F\u00e1bio do Salitre, Poliana de Itamotinga, Hamilton Gon\u00e7alves, C\u00e9sar Miller, Junior Mota, al\u00e9m de Ramon Carvalho, Rhavi Carvalho, Enzo e Belzinho Almeida\u201d, finalizou Allan Jones.<br \/><br \/><b>Servi\u00e7os<br \/><\/b><br \/>Foram disponibilizados servi\u00e7os de Exames de acuidade visual; Consultas oftalmol\u00f3gicas e optim\u00e9tricas; Exames de fundoscopia e retinoscopia.<\/p>\n<div class=\"yj6qo\" style=\"text-align: justify;\">\u00a0<\/div>\n<div class=\"adL\" style=\"text-align: justify;\">ASCOM Allan Jones<\/div>\n\n\n<p><\/p>\n","protected":false},"excerpt":{"rendered":"<p>O Distrito de Massaroca recebeu o \u00faltimo dia da s\u00e9rie de atendimentos do Projeto Sa\u00fade em Vigor, no interior de Juazeiro. Ao todo, 863 pessoas foram beneficiadas pelos servi\u00e7os de aten\u00e7\u00e3o \u00e0 sa\u00fade visual. O Evento \u00a0foi realizado atrav\u00e9s \u00a0de parceria entre o Instituto Francisco Sales, o m\u00e9dico Allan Jones e os vereadores Berg da [&hellip;]<\/p>\n","protected":false},"author":1,"featured_media":27347,"comment_status":"closed","ping_status":"open","sticky":false,"template":"","format":"standard","meta":{"_uag_custom_page_level_css":"","_monsterinsights_skip_tracking":false,"_monsterinsights_sitenote_active":false,"_monsterinsights_sitenote_note":"","_monsterinsights_sitenote_category":0,"jetpack_post_was_ever_published":false,"_jetpack_newsletter_access":"","_jetpack_dont_email_post_to_subs":false,"_jetpack_newsletter_tier_id":0,"_jetpack_memberships_contains_paywalled_content":false,"_jetpack_memberships_contains_paid_content":false,"footnotes":"","jetpack_publicize_message":"","jetpack_publicize_feature_enabled":true,"jetpack_social_post_already_shared":true,"jetpack_social_options":{"image_generator_settings":{"template":"highway","default_image_id":0,"font":"","enabled":false},"version":2}},"categories":[203,205],"tags":[4815,176,4816,3591],"class_list":["post-27346","post","type-post","status-publish","format-standard","has-post-thumbnail","hentry","category-juazeiro","category-saude","tag-atendimentos","tag-distrito-de-manicoba","tag-interior-de-juazeiro","tag-projeto-saude-em-vigor"],"jetpack_publicize_connections":[],"jetpack_featured_media_url":"https:\/\/blogopara.com.br\/wp-content\/uploads\/2021\/08\/SA8.jpeg","uagb_featured_image_src":{"full":["https:\/\/blogopara.com.br\/wp-content\/uploads\/2021\/08\/SA8.jpeg",500,666,false],"thumbnail":["https:\/\/blogopara.com.br\/wp-content\/uploads\/2021\/08\/SA8-150x150.jpeg",150,150,true],"medium":["https:\/\/blogopara.com.br\/wp-content\/uploads\/2021\/08\/SA8-225x300.jpeg",225,300,true],"medium_large":["https:\/\/blogopara.com.br\/wp-content\/uploads\/2021\/08\/SA8.jpeg",500,666,false],"large":["https:\/\/blogopara.com.br\/wp-content\/uploads\/2021\/08\/SA8.jpeg",500,666,false],"1536x1536":["https:\/\/blogopara.com.br\/wp-content\/uploads\/2021\/08\/SA8.jpeg",500,666,false],"2048x2048":["https:\/\/blogopara.com.br\/wp-content\/uploads\/2021\/08\/SA8.jpeg",500,666,false],"mantranews-slider-large":["https:\/\/blogopara.com.br\/wp-content\/uploads\/2021\/08\/SA8.jpeg",500,666,false],"mantranews-featured-medium":["https:\/\/blogopara.com.br\/wp-content\/uploads\/2021\/08\/SA8-420x307.jpeg",420,307,true],"mantranews-featured-long":["https:\/\/blogopara.com.br\/wp-content\/uploads\/2021\/08\/SA8-300x443.jpeg",300,443,true],"mantranews-block-medium":["https:\/\/blogopara.com.br\/wp-content\/uploads\/2021\/08\/SA8-464x290.jpeg",464,290,true],"mantranews-carousel-image":["https:\/\/blogopara.com.br\/wp-content\/uploads\/2021\/08\/SA8-500x500.jpeg",500,500,true],"mantranews-block-thumb":["https:\/\/blogopara.com.br\/wp-content\/uploads\/2021\/08\/SA8-322x230.jpeg",322,230,true],"mantranews-single-large":["https:\/\/blogopara.com.br\/wp-content\/uploads\/2021\/08\/SA8-500x642.jpeg",500,642,true]},"uagb_author_info":{"display_name":"Reda\u00e7\u00e3o geral","author_link":"https:\/\/blogopara.com.br\/index.php\/author\/blogopara"},"uagb_comment_info":0,"uagb_excerpt":"O Distrito de Massaroca recebeu o \u00faltimo dia da s\u00e9rie de atendimentos do Projeto Sa\u00fade em Vigor, no interior de Juazeiro. Ao todo, 863 pessoas foram beneficiadas pelos servi\u00e7os de aten\u00e7\u00e3o \u00e0 sa\u00fade visual. O Evento \u00a0foi realizado atrav\u00e9s \u00a0de parceria entre o Instituto Francisco Sales, o m\u00e9dico Allan Jones e os vereadores Berg da&hellip;","jetpack_sharing_enabled":true,"jetpack_likes_enabled":true,"_links":{"self":[{"href":"https:\/\/blogopara.com.br\/index.php\/wp-json\/wp\/v2\/posts\/27346","targetHints":{"allow":["GET"]}}],"collection":[{"href":"https:\/\/blogopara.com.br\/index.php\/wp-json\/wp\/v2\/posts"}],"about":[{"href":"https:\/\/blogopara.com.br\/index.php\/wp-json\/wp\/v2\/types\/post"}],"author":[{"embeddable":true,"href":"https:\/\/blogopara.com.br\/index.php\/wp-json\/wp\/v2\/users\/1"}],"replies":[{"embeddable":true,"href":"https:\/\/blogopara.com.br\/index.php\/wp-json\/wp\/v2\/comments?post=27346"}],"version-history":[{"count":2,"href":"https:\/\/blogopara.com.br\/index.php\/wp-json\/wp\/v2\/posts\/27346\/revisions"}],"predecessor-version":[{"id":27349,"href":"https:\/\/blogopara.com.br\/index.php\/wp-json\/wp\/v2\/posts\/27346\/revisions\/27349"}],"wp:featuredmedia":[{"embeddable":true,"href":"https:\/\/blogopara.com.br\/index.php\/wp-json\/wp\/v2\/media\/27347"}],"wp:attachment":[{"href":"https:\/\/blogopara.com.br\/index.php\/wp-json\/wp\/v2\/media?parent=27346"}],"wp:term":[{"taxonomy":"category","embeddable":true,"href":"https:\/\/blogopara.com.br\/index.php\/wp-json\/wp\/v2\/categories?post=27346"},{"taxonomy":"post_tag","embeddable":true,"href":"https:\/\/blogopara.com.br\/index.php\/wp-json\/wp\/v2\/tags?post=27346"}],"curies":[{"name":"wp","href":"https:\/\/api.w.org\/{rel}","templated":true}]}}