{"id":27363,"date":"2021-08-23T11:18:00","date_gmt":"2021-08-23T14:18:00","guid":{"rendered":"https:\/\/blogopara.com.br\/?p=27363"},"modified":"2021-08-23T08:25:02","modified_gmt":"2021-08-23T11:25:02","slug":"juazeiro-registra-dois-novos-casos-da-covid-19-nesse-domingo","status":"publish","type":"post","link":"https:\/\/blogopara.com.br\/index.php\/2021\/08\/23\/juazeiro-registra-dois-novos-casos-da-covid-19-nesse-domingo","title":{"rendered":"Juazeiro registra dois novos casos da Covid-19 nesse domingo"},"content":{"rendered":"<p style=\"text-align: justify;\">A Prefeitura de Juazeiro, atrav\u00e9s da Secretaria Municipal de Sa\u00fade (Sesau), registrou 2 novos casos da Covid-19, de acordo com o boletim epidemiol\u00f3gico desse domingo (22).<\/p>\n<p style=\"text-align: justify;\">O levantamento aponta que o percentual de ocupa\u00e7\u00e3o dos leitos de UTI para Juazeiro na rede PEBA (hospitais de Pernambuco e Bahia) \u00e9 de 33%, com 108 leitos dispon\u00edveis. Somente em Juazeiro, a ocupa\u00e7\u00e3o dos leitos de UTI para pacientes com Covid-19 \u00e9 de 35%, com 13 leitos dispon\u00edveis.<\/p>\n<p style=\"text-align: justify;\">\n<p style=\"text-align: justify;\"><strong>Casos<\/strong><\/p>\n<p style=\"text-align: justify;\">Desde o in\u00edcio da pandemia, 17.237 moradores foram infectados, dos quais 16.781 j\u00e1 est\u00e3o recuperados. Os casos descartados somam 30.556. O munic\u00edpio tem 87 casos ativos do novo coronav\u00edrus.<\/p>\n<p style=\"text-align: justify;\">Sem registro de mortes por Covid-19 neste domingo, Juazeiro permanece com 369 \u00f3bitos.<\/p>\n<p style=\"text-align: justify;\">\n<p style=\"text-align: justify;\"><strong>Testes<\/strong><\/p>\n<p style=\"text-align: justify;\">Foram realizados desde o in\u00edcio da pandemia 36.569 testes r\u00e1pidos pela prefeitura e 2.916 pelo Lacen, em Salvador.<\/p>\n<p style=\"text-align: justify;\">\n<p style=\"text-align: justify;\">ASCOM\/PMJ<\/p>\n<p style=\"text-align: justify;\">\n","protected":false},"excerpt":{"rendered":"<p>A Prefeitura de Juazeiro, atrav\u00e9s da Secretaria Municipal de Sa\u00fade (Sesau), registrou 2 novos casos da Covid-19, de acordo com o boletim epidemiol\u00f3gico desse domingo (22). O levantamento aponta que o percentual de ocupa\u00e7\u00e3o dos leitos de UTI para Juazeiro na rede PEBA (hospitais de Pernambuco e Bahia) \u00e9 de 33%, com 108 leitos dispon\u00edveis. [&hellip;]<\/p>\n","protected":false},"author":1,"featured_media":27364,"comment_status":"closed","ping_status":"open","sticky":false,"template":"","format":"standard","meta":{"_uag_custom_page_level_css":"","_monsterinsights_skip_tracking":false,"_monsterinsights_sitenote_active":false,"_monsterinsights_sitenote_note":"","_monsterinsights_sitenote_category":0,"jetpack_post_was_ever_published":false,"_jetpack_newsletter_access":"","_jetpack_dont_email_post_to_subs":false,"_jetpack_newsletter_tier_id":0,"_jetpack_memberships_contains_paywalled_content":false,"_jetpack_memberships_contains_paid_content":false,"footnotes":"","jetpack_publicize_message":"","jetpack_publicize_feature_enabled":true,"jetpack_social_post_already_shared":true,"jetpack_social_options":{"image_generator_settings":{"template":"highway","default_image_id":0,"font":"","enabled":false},"version":2}},"categories":[2801,203],"tags":[3155,4825,1622,1684],"class_list":["post-27363","post","type-post","status-publish","format-standard","has-post-thumbnail","hentry","category-covid19","category-juazeiro","tag-covid-19-2","tag-dois-novos-casos","tag-juazeiro-bahia","tag-registro"],"jetpack_publicize_connections":[],"jetpack_featured_media_url":"https:\/\/blogopara.com.br\/wp-content\/uploads\/2021\/08\/Boletim-covid-22.08-Juazeiro.jpg","uagb_featured_image_src":{"full":["https:\/\/blogopara.com.br\/wp-content\/uploads\/2021\/08\/Boletim-covid-22.08-Juazeiro.jpg",500,500,false],"thumbnail":["https:\/\/blogopara.com.br\/wp-content\/uploads\/2021\/08\/Boletim-covid-22.08-Juazeiro-150x150.jpg",150,150,true],"medium":["https:\/\/blogopara.com.br\/wp-content\/uploads\/2021\/08\/Boletim-covid-22.08-Juazeiro-300x300.jpg",300,300,true],"medium_large":["https:\/\/blogopara.com.br\/wp-content\/uploads\/2021\/08\/Boletim-covid-22.08-Juazeiro.jpg",500,500,false],"large":["https:\/\/blogopara.com.br\/wp-content\/uploads\/2021\/08\/Boletim-covid-22.08-Juazeiro.jpg",500,500,false],"1536x1536":["https:\/\/blogopara.com.br\/wp-content\/uploads\/2021\/08\/Boletim-covid-22.08-Juazeiro.jpg",500,500,false],"2048x2048":["https:\/\/blogopara.com.br\/wp-content\/uploads\/2021\/08\/Boletim-covid-22.08-Juazeiro.jpg",500,500,false],"mantranews-slider-large":["https:\/\/blogopara.com.br\/wp-content\/uploads\/2021\/08\/Boletim-covid-22.08-Juazeiro.jpg",500,500,false],"mantranews-featured-medium":["https:\/\/blogopara.com.br\/wp-content\/uploads\/2021\/08\/Boletim-covid-22.08-Juazeiro-420x307.jpg",420,307,true],"mantranews-featured-long":["https:\/\/blogopara.com.br\/wp-content\/uploads\/2021\/08\/Boletim-covid-22.08-Juazeiro-300x443.jpg",300,443,true],"mantranews-block-medium":["https:\/\/blogopara.com.br\/wp-content\/uploads\/2021\/08\/Boletim-covid-22.08-Juazeiro-464x290.jpg",464,290,true],"mantranews-carousel-image":["https:\/\/blogopara.com.br\/wp-content\/uploads\/2021\/08\/Boletim-covid-22.08-Juazeiro.jpg",500,500,false],"mantranews-block-thumb":["https:\/\/blogopara.com.br\/wp-content\/uploads\/2021\/08\/Boletim-covid-22.08-Juazeiro-322x230.jpg",322,230,true],"mantranews-single-large":["https:\/\/blogopara.com.br\/wp-content\/uploads\/2021\/08\/Boletim-covid-22.08-Juazeiro.jpg",500,500,false]},"uagb_author_info":{"display_name":"Reda\u00e7\u00e3o geral","author_link":"https:\/\/blogopara.com.br\/index.php\/author\/blogopara"},"uagb_comment_info":0,"uagb_excerpt":"A Prefeitura de Juazeiro, atrav\u00e9s da Secretaria Municipal de Sa\u00fade (Sesau), registrou 2 novos casos da Covid-19, de acordo com o boletim epidemiol\u00f3gico desse domingo (22). O levantamento aponta que o percentual de ocupa\u00e7\u00e3o dos leitos de UTI para Juazeiro na rede PEBA (hospitais de Pernambuco e Bahia) \u00e9 de 33%, com 108 leitos dispon\u00edveis.&hellip;","jetpack_sharing_enabled":true,"jetpack_likes_enabled":true,"_links":{"self":[{"href":"https:\/\/blogopara.com.br\/index.php\/wp-json\/wp\/v2\/posts\/27363","targetHints":{"allow":["GET"]}}],"collection":[{"href":"https:\/\/blogopara.com.br\/index.php\/wp-json\/wp\/v2\/posts"}],"about":[{"href":"https:\/\/blogopara.com.br\/index.php\/wp-json\/wp\/v2\/types\/post"}],"author":[{"embeddable":true,"href":"https:\/\/blogopara.com.br\/index.php\/wp-json\/wp\/v2\/users\/1"}],"replies":[{"embeddable":true,"href":"https:\/\/blogopara.com.br\/index.php\/wp-json\/wp\/v2\/comments?post=27363"}],"version-history":[{"count":1,"href":"https:\/\/blogopara.com.br\/index.php\/wp-json\/wp\/v2\/posts\/27363\/revisions"}],"predecessor-version":[{"id":27365,"href":"https:\/\/blogopara.com.br\/index.php\/wp-json\/wp\/v2\/posts\/27363\/revisions\/27365"}],"wp:featuredmedia":[{"embeddable":true,"href":"https:\/\/blogopara.com.br\/index.php\/wp-json\/wp\/v2\/media\/27364"}],"wp:attachment":[{"href":"https:\/\/blogopara.com.br\/index.php\/wp-json\/wp\/v2\/media?parent=27363"}],"wp:term":[{"taxonomy":"category","embeddable":true,"href":"https:\/\/blogopara.com.br\/index.php\/wp-json\/wp\/v2\/categories?post=27363"},{"taxonomy":"post_tag","embeddable":true,"href":"https:\/\/blogopara.com.br\/index.php\/wp-json\/wp\/v2\/tags?post=27363"}],"curies":[{"name":"wp","href":"https:\/\/api.w.org\/{rel}","templated":true}]}}