{"id":27509,"date":"2021-08-27T07:46:00","date_gmt":"2021-08-27T10:46:00","guid":{"rendered":"https:\/\/blogopara.com.br\/?p=27509"},"modified":"2021-08-26T20:38:51","modified_gmt":"2021-08-26T23:38:51","slug":"operacao-com-foco-no-transporte-clandestino-e-realizada-na-ponte-presidente-dutra","status":"publish","type":"post","link":"https:\/\/blogopara.com.br\/index.php\/2021\/08\/27\/operacao-com-foco-no-transporte-clandestino-e-realizada-na-ponte-presidente-dutra","title":{"rendered":"Opera\u00e7\u00e3o com foco no transporte clandestino \u00e9 realizada na ponte Presidente Dutra"},"content":{"rendered":"<div class=\"mc-column content-text active-extra-styles \" data-block-type=\"unstyled\" data-block-weight=\"62\" data-block-id=\"2\">\n<p class=\"content-text__container \" style=\"text-align: justify;\" data-track-category=\"Link no Texto\" data-track-links=\"\">O transporte clandestino de passageiros foi alvo de uma opera\u00e7\u00e3o realizada na BR-407, na ponte Presidente Dutra, que liga Petrolina, no Sert\u00e3o de Pernambuco, e Juazeiro, na Bahia. Participaram da a\u00e7\u00e3o, na ter\u00e7a (24 ) e quarta-feira (25), a Ag\u00eancia Nacional de Transportes Terrestres (ANTT), a Pol\u00edcia Rodovi\u00e1ria Federal (PRF) e o 2\u2070 Batalh\u00e3o Integrado Especializado da Pol\u00edcia Militar (BIEsp-PM).<\/p>\n<\/div>\n<div class=\"wall protected-content\">\n<div class=\"mc-column content-text active-extra-styles \" style=\"text-align: justify;\" data-block-type=\"unstyled\" data-block-weight=\"64\" data-block-id=\"3\">\n<p class=\"content-text__container \" data-track-category=\"Link no Texto\" data-track-links=\"\">Foram fiscalizados 63 ve\u00edculos durante a opera\u00e7\u00e3o, entre \u00f4nibus, micro-\u00f4nibus e vans. Desses, 22 coletivos foram autuados por infra\u00e7\u00f5es de tr\u00e2nsito e sete n\u00e3o possu\u00edam autoriza\u00e7\u00e3o da ANTT para realiza\u00e7\u00e3o de transporte interestadual remunerado de passageiros, caracterizados como transporte clandestino. Esses ve\u00edculos foram autuados e recolhidos ao dep\u00f3sito, s\u00f3 sendo liberados ap\u00f3s 72 horas mediante o pagamento das despesas referentes a p\u00e1tio e guincho.<\/p>\n<\/div>\n<div class=\"mc-column content-text active-extra-styles \" style=\"text-align: justify;\" data-block-type=\"unstyled\" data-block-weight=\"41\" data-block-id=\"4\">\n<p class=\"content-text__container \" data-track-category=\"Link no Texto\" data-track-links=\"\">A opera\u00e7\u00e3o traz um alerta para a utiliza\u00e7\u00e3o de transporte clandestino por passageiros, tanto pela precariedade dos ve\u00edculos como tamb\u00e9m pelo aumento no risco de cont\u00e1gio pela Covid-19, pois nesse tipo de transporte, geralmente n\u00e3o s\u00e3o seguidas os protocolos sanit\u00e1rios.<\/p>\n<\/div>\n<div class=\"mc-column content-text active-extra-styles \" data-block-type=\"unstyled\" data-block-weight=\"37\" data-block-id=\"5\">\n<p class=\"content-text__container \" style=\"text-align: justify;\" data-track-category=\"Link no Texto\" data-track-links=\"\">Para informa\u00e7\u00f5es sobre a legalidade da viagem e\/ou den\u00fancias de transporte clandestino \u00e9 poss\u00edvel entrar em contato com a ouvidoria da ANTT, atrav\u00e9s do Whatsapp (61) 99688-4306 ou telefone 166 (24 horas) ou ainda pelo e-mail: ouvidoria@antt.gov.br.<\/p>\n<p data-track-category=\"Link no Texto\" data-track-links=\"\">\u00a0<\/p>\n<p data-track-category=\"Link no Texto\" data-track-links=\"\">Por G1 Petrolina<\/p>\n<\/div>\n<\/div>\n\n\n<p><\/p>\n","protected":false},"excerpt":{"rendered":"<p>O transporte clandestino de passageiros foi alvo de uma opera\u00e7\u00e3o realizada na BR-407, na ponte Presidente Dutra, que liga Petrolina, no Sert\u00e3o de Pernambuco, e Juazeiro, na Bahia. Participaram da a\u00e7\u00e3o, na ter\u00e7a (24 ) e quarta-feira (25), a Ag\u00eancia Nacional de Transportes Terrestres (ANTT), a Pol\u00edcia Rodovi\u00e1ria Federal (PRF) e o 2\u2070 Batalh\u00e3o Integrado [&hellip;]<\/p>\n","protected":false},"author":1,"featured_media":27511,"comment_status":"closed","ping_status":"open","sticky":false,"template":"","format":"standard","meta":{"_uag_custom_page_level_css":"","_monsterinsights_skip_tracking":false,"_monsterinsights_sitenote_active":false,"_monsterinsights_sitenote_note":"","_monsterinsights_sitenote_category":0,"jetpack_post_was_ever_published":false,"_jetpack_newsletter_access":"","_jetpack_dont_email_post_to_subs":false,"_jetpack_newsletter_tier_id":0,"_jetpack_memberships_contains_paywalled_content":false,"_jetpack_memberships_contains_paid_content":false,"footnotes":"","jetpack_publicize_message":"","jetpack_publicize_feature_enabled":true,"jetpack_social_post_already_shared":true,"jetpack_social_options":{"image_generator_settings":{"template":"highway","default_image_id":0,"font":"","enabled":false},"version":2}},"categories":[203,851],"tags":[810,4906,4907,4872],"class_list":["post-27509","post","type-post","status-publish","format-standard","has-post-thumbnail","hentry","category-juazeiro","category-petrolina","tag-operacao","tag-policia-rodoviaria","tag-presidente-dutra","tag-transporte-clandestino"],"jetpack_publicize_connections":[],"jetpack_featured_media_url":"https:\/\/blogopara.com.br\/wp-content\/uploads\/2021\/08\/whatsapp-image-2021-08-26-at-15.43.21.jpeg","uagb_featured_image_src":{"full":["https:\/\/blogopara.com.br\/wp-content\/uploads\/2021\/08\/whatsapp-image-2021-08-26-at-15.43.21.jpeg",500,314,false],"thumbnail":["https:\/\/blogopara.com.br\/wp-content\/uploads\/2021\/08\/whatsapp-image-2021-08-26-at-15.43.21-150x150.jpeg",150,150,true],"medium":["https:\/\/blogopara.com.br\/wp-content\/uploads\/2021\/08\/whatsapp-image-2021-08-26-at-15.43.21-300x188.jpeg",300,188,true],"medium_large":["https:\/\/blogopara.com.br\/wp-content\/uploads\/2021\/08\/whatsapp-image-2021-08-26-at-15.43.21.jpeg",500,314,false],"large":["https:\/\/blogopara.com.br\/wp-content\/uploads\/2021\/08\/whatsapp-image-2021-08-26-at-15.43.21.jpeg",500,314,false],"1536x1536":["https:\/\/blogopara.com.br\/wp-content\/uploads\/2021\/08\/whatsapp-image-2021-08-26-at-15.43.21.jpeg",500,314,false],"2048x2048":["https:\/\/blogopara.com.br\/wp-content\/uploads\/2021\/08\/whatsapp-image-2021-08-26-at-15.43.21.jpeg",500,314,false],"mantranews-slider-large":["https:\/\/blogopara.com.br\/wp-content\/uploads\/2021\/08\/whatsapp-image-2021-08-26-at-15.43.21.jpeg",500,314,false],"mantranews-featured-medium":["https:\/\/blogopara.com.br\/wp-content\/uploads\/2021\/08\/whatsapp-image-2021-08-26-at-15.43.21-420x307.jpeg",420,307,true],"mantranews-featured-long":["https:\/\/blogopara.com.br\/wp-content\/uploads\/2021\/08\/whatsapp-image-2021-08-26-at-15.43.21-300x314.jpeg",300,314,true],"mantranews-block-medium":["https:\/\/blogopara.com.br\/wp-content\/uploads\/2021\/08\/whatsapp-image-2021-08-26-at-15.43.21-464x290.jpeg",464,290,true],"mantranews-carousel-image":["https:\/\/blogopara.com.br\/wp-content\/uploads\/2021\/08\/whatsapp-image-2021-08-26-at-15.43.21.jpeg",500,314,false],"mantranews-block-thumb":["https:\/\/blogopara.com.br\/wp-content\/uploads\/2021\/08\/whatsapp-image-2021-08-26-at-15.43.21-322x230.jpeg",322,230,true],"mantranews-single-large":["https:\/\/blogopara.com.br\/wp-content\/uploads\/2021\/08\/whatsapp-image-2021-08-26-at-15.43.21.jpeg",500,314,false]},"uagb_author_info":{"display_name":"Reda\u00e7\u00e3o geral","author_link":"https:\/\/blogopara.com.br\/index.php\/author\/blogopara"},"uagb_comment_info":0,"uagb_excerpt":"O transporte clandestino de passageiros foi alvo de uma opera\u00e7\u00e3o realizada na BR-407, na ponte Presidente Dutra, que liga Petrolina, no Sert\u00e3o de Pernambuco, e Juazeiro, na Bahia. Participaram da a\u00e7\u00e3o, na ter\u00e7a (24 ) e quarta-feira (25), a Ag\u00eancia Nacional de Transportes Terrestres (ANTT), a Pol\u00edcia Rodovi\u00e1ria Federal (PRF) e o 2\u2070 Batalh\u00e3o Integrado&hellip;","jetpack_sharing_enabled":true,"jetpack_likes_enabled":true,"_links":{"self":[{"href":"https:\/\/blogopara.com.br\/index.php\/wp-json\/wp\/v2\/posts\/27509","targetHints":{"allow":["GET"]}}],"collection":[{"href":"https:\/\/blogopara.com.br\/index.php\/wp-json\/wp\/v2\/posts"}],"about":[{"href":"https:\/\/blogopara.com.br\/index.php\/wp-json\/wp\/v2\/types\/post"}],"author":[{"embeddable":true,"href":"https:\/\/blogopara.com.br\/index.php\/wp-json\/wp\/v2\/users\/1"}],"replies":[{"embeddable":true,"href":"https:\/\/blogopara.com.br\/index.php\/wp-json\/wp\/v2\/comments?post=27509"}],"version-history":[{"count":2,"href":"https:\/\/blogopara.com.br\/index.php\/wp-json\/wp\/v2\/posts\/27509\/revisions"}],"predecessor-version":[{"id":27513,"href":"https:\/\/blogopara.com.br\/index.php\/wp-json\/wp\/v2\/posts\/27509\/revisions\/27513"}],"wp:featuredmedia":[{"embeddable":true,"href":"https:\/\/blogopara.com.br\/index.php\/wp-json\/wp\/v2\/media\/27511"}],"wp:attachment":[{"href":"https:\/\/blogopara.com.br\/index.php\/wp-json\/wp\/v2\/media?parent=27509"}],"wp:term":[{"taxonomy":"category","embeddable":true,"href":"https:\/\/blogopara.com.br\/index.php\/wp-json\/wp\/v2\/categories?post=27509"},{"taxonomy":"post_tag","embeddable":true,"href":"https:\/\/blogopara.com.br\/index.php\/wp-json\/wp\/v2\/tags?post=27509"}],"curies":[{"name":"wp","href":"https:\/\/api.w.org\/{rel}","templated":true}]}}