{"id":27515,"date":"2021-08-27T09:23:00","date_gmt":"2021-08-27T12:23:00","guid":{"rendered":"https:\/\/blogopara.com.br\/?p=27515"},"modified":"2021-08-27T08:36:47","modified_gmt":"2021-08-27T11:36:47","slug":"lula-fragmenta-base-de-bolsonaro-e-deixa-nordeste-com-apoio-de-lideres-de-pp-e-psd","status":"publish","type":"post","link":"https:\/\/blogopara.com.br\/index.php\/2021\/08\/27\/lula-fragmenta-base-de-bolsonaro-e-deixa-nordeste-com-apoio-de-lideres-de-pp-e-psd","title":{"rendered":"Lula fragmenta base de Bolsonaro e deixa Nordeste com apoio de l\u00edderes de PP e PSD"},"content":{"rendered":"<p style=\"text-align: justify;\">O ex-presidente Luiz In\u00e1cio Lula da Silva (PT) encerrou nesta quinta-feira (26) sua viagem de 12 dias por seis estados do Nordeste e deixou a regi\u00e3o com o apoio p\u00fablico de l\u00edderes locais de siglas como PP e PSD j\u00e1 no primeiro turno das elei\u00e7\u00f5es presidenciais de 2022.<\/p>\n<p style=\"text-align: justify;\">As costuras foram realizadas de forma independente aos diret\u00f3rios nacionais destes partidos, que tendem a tomar caminhos distintos na corrida presidencial, seja de apoio ao presidente Jair Bolsonaro, seja de sustenta\u00e7\u00e3o a uma candidatura da terceira via.<\/p>\n<p style=\"text-align: justify;\">Na c\u00fapula do PT, a avalia\u00e7\u00e3o \u00e9 que o ex-presidente cumpriu a miss\u00e3o a que se prop\u00f4s com a viagem: retomar contatos com antigos aliados, refazer pontes e pavimentar apoios para 2022, seja no primeiro ou no segundo turno.<\/p>\n<p style=\"text-align: justify;\">Legendas como PSB e MDB estiveram no centro das conversas pol\u00edticas no Nordeste. Mas tamb\u00e9m houve avan\u00e7o no di\u00e1logo com PSD e PP, al\u00e9m de tratativas pontuais com legendas como Cidadania, PV, Podemos e at\u00e9 mesmo com setores do PDT.<\/p>\n<p style=\"text-align: justify;\">Mirando o segundo turno, o petista dialogou com advers\u00e1rios como os senadores Tasso Jereissati (PSDB-CE) e Cid Gomes (PDT-CE), no Cear\u00e1. Tamb\u00e9m buscou pontes com empres\u00e1rios e evang\u00e9licos \u2014nesta quinta, foi presenteado com uma B\u00edblia pelo deputado federal Pastor Sargento Isid\u00f3rio (Avante-BA).<\/p>\n<p style=\"text-align: justify;\">\u200b\u201cN\u00f3s n\u00e3o negaremos di\u00e1logo com nenhum partido pol\u00edtico. Por isso eu tenho viajado. J\u00e1 encontrei com muita gente que era oposi\u00e7\u00e3o e que quer conversar\u201d, disse Lula em entrevista \u00e0 imprensa em Salvador.<\/p>\n<p style=\"text-align: justify;\">Na Bahia, tanto PP e PSD aproveitaram a visita para anunciar publicamente apoio ao petista. Caciques dos dois partidos participaram na quarta-feira (25) de um jantar com o ex-presidente na resid\u00eancia oficial do governador Rui Costa (PT).<\/p>\n<p style=\"text-align: justify;\">O senador Otto Alencar (PSD-BA) foi perempt\u00f3rio e disse que estar\u00e1 no palanque de Lula mesmo que seu partido tenha candidato \u00e0 Presid\u00eancia: \u201cO PSD da Bahia vai caminhar com Luiz In\u00e1cio Lula da Silva. Dou logo o nome completo\u201d.<\/p>\n<p style=\"text-align: justify;\">Ao discursar em um ato do ex-presidente com movimentos sociais, foi al\u00e9m e prometeu trabalhar para atrair o apoio do partido em outros estados.<\/p>\n<p style=\"text-align: justify;\">\u201cMeu trabalho no PSD n\u00e3o vai se resumir \u00e0 Bahia. Meu prop\u00f3sito \u00e9 reunir o PSD do Brasil para te apoiar em 2022. Sei de v\u00e1rias lideran\u00e7as no Brasil que s\u00e3o simp\u00e1ticas \u00e0 candidatura de vossa excel\u00eancia\u201d, afirmou.<\/p>\n<p style=\"text-align: justify;\">Na mesma linha, o vice-governador da Bahia, Jo\u00e3o Le\u00e3o (PP), anunciou apoio a Lula no pr\u00f3ximo ano a despeito de seu partido fazer parte da base aliada do governo Bolsonaro. \u201cEstamos juntos com Lula independente de qualquer condi\u00e7\u00e3o\u201d, disse Le\u00e3o, destacando que os diret\u00f3rios estaduais do PP tradicionalmente t\u00eam liberdade para formar suas pr\u00f3prias alian\u00e7as.<\/p>\n<p style=\"text-align: justify;\">Ainda na Bahia, nesta quinta, Lula voltou a afirmar que ir\u00e1 regular a m\u00eddia caso seja eleito.<\/p>\n<p style=\"text-align: justify;\">&#8220;Eu ainda n\u00e3o decidi se sou candidato. Eu estou com muita paci\u00eancia, estou conversando com muita gente, estou ouvindo muito desaforo, leio muito a imprensa. Tem alguns setores da imprensa que n\u00e3o querem que eu volte a ser candidato. Porque se eu voltar [\u00e0 Presid\u00eancia] eu vou regular os meios de comunica\u00e7\u00e3o deste pa\u00eds&#8221;, disse, em entrevista \u00e0 R\u00e1dio Metr\u00f3pole Bahia.<\/p>\n<p style=\"text-align: justify;\">Nos demais estados onde houve conversas com Lula, l\u00edderes dos dois partidos foram menos enf\u00e1ticos e deixaram o apoio ao petista no campo das possibilidades.<\/p>\n<p style=\"text-align: justify;\">Na maioria dos casos, h\u00e1 uma esp\u00e9cie de jogo duplo. Enquanto estreitam as conversas com Lula e reafirmam as alian\u00e7as com governadores de partidos de esquerda, parlamentares atuam como linha auxiliar do Planalto em boa parte das pautas no Congresso.<\/p>\n<p style=\"text-align: justify;\">No PP baiano, por exemplo, enquanto Jo\u00e3o Le\u00e3o anuncia apoio a Lula, seu filho, o deputado federal Cac\u00e1 Le\u00e3o (PP-BA), tem votado alinhado com Bolsonaro na maioria das pautas, inclusive as mais pol\u00eamicas como a PEC do voto impresso.<\/p>\n<p style=\"text-align: justify;\">Em estados como Piau\u00ed, Rio Grande do Norte e Alagoas, contudo, o PP segue na base de apoio a Bolsonaro. Ainda assim, foi alvo de provoca\u00e7\u00f5es de Lula na \u00faltima semana.<\/p>\n<p style=\"text-align: justify;\">No Piau\u00ed, Lula disse crer em um rompimento entre o ministro da Casa Civil, Ciro Nogueira e Bolsonaro, afirmando que este \u201ccasamento ser\u00e1 mais curto do que se imagina\u201d. O ministro respondeu citando a f\u00e1bula da raposa e as uvas: \u201cN\u00e3o devemos desprezar nem criticar as coisas que n\u00e3o conseguimos conquistar\u201d.<\/p>\n<p style=\"text-align: justify;\">Entre os petistas, a avali\u00e7\u00e3o \u00e9 que ser\u00e1 poss\u00edvel consolidar apoios desses partidos na maior parte dos estados do Nordeste, mesmo sem o respaldo de uma alian\u00e7a nacional.<\/p>\n<p style=\"text-align: justify;\">A presidente do PT, Gleisi Hoffmann, disse ver o PP nacionalmente mais pr\u00f3ximo a Bolsonaro. Destacou o bom di\u00e1logo com o PSD de Gilberto Kassab, mas disse que a legenda deve ter candidatura pr\u00f3pria.<\/p>\n<p style=\"text-align: justify;\">O senador Jaques Wagner (PT-BA) admitiu que replicar as alian\u00e7as firmadas no Nordeste em n\u00edvel nacional ser\u00e1 \u201cum trabalho complexo\u201d, mas se disse otimista, citando o hist\u00f3rico de parcerias.<\/p>\n<p style=\"text-align: justify;\">Dentre todos os partidos fora do campo da esquerda, as conversas de Lula encontraram maior eco no MDB, legenda que tem rela\u00e7\u00e3o hist\u00f3rica com o PT no Nordeste e tem uma posi\u00e7\u00e3o de independ\u00eancia em rela\u00e7\u00e3o a Bolsonaro.<\/p>\n<p style=\"text-align: justify;\">Nesta viagem, houve conversas de Lula com l\u00edderes como Roseana Sarney no Maranh\u00e3o, Eun\u00edcio Oliveira no Cear\u00e1, Garibaldi Alves no Rio Grande do Norte e Raul Henry em Pernambuco.<\/p>\n<p style=\"text-align: justify;\">Em entrevistas, o petista disse que sempre teve rela\u00e7\u00e3o com o MDB, minimizou as fissuras que ficaram do impeachment da presidente Dilma Rousseff (PT) em 2016 e disse que n\u00e3o ir\u00e1 pensar com o f\u00edgado na hora de definir alian\u00e7as.<\/p>\n<p style=\"text-align: justify;\">O MDB nacional, por outro lado, mostrou demostrar um descolamento diante das investidas de Lula. Na quarta-feira, o partido lan\u00e7ou o documento \u201cTodos por um s\u00f3 Brasil\u201d, em Bras\u00edlia, e reiterou posi\u00e7\u00e3o em torno de uma terceira via.<\/p>\n<p style=\"text-align: justify;\">Tamb\u00e9m houve movimenta\u00e7\u00f5es no campo advers\u00e1rio a Lula. Em Pernambuco, o prefeito de Petrolina, Miguel Coelho, anunciou que trocar\u00e1 o MDB pelo DEM com o objetivo de concorrer ao governo do estado. Ele \u00e9 filho do l\u00edder do governo Bolsonaro no Senado, Fernando Bezerra Coelho (MDB-PE).<\/p>\n<p style=\"text-align: justify;\">O ato de filia\u00e7\u00e3o foi seguido de uma conversa com l\u00edderes locais do PDT, estreitando a rela\u00e7\u00e3o entre os dois partidos. O PDT \u00e9 aliado do PSB em Pernambuco, mas pode optar por outro palanque caso os pessebistas fechem uma alian\u00e7a nacional com Lula. PDT e DEM j\u00e1 s\u00e3o aliados no Maranh\u00e3o e na Bahia e ensaiam expandir a aproxima\u00e7\u00e3o para outros estados.<\/p>\n<p style=\"text-align: justify;\">Na Bahia, houve a primeira baixa na bancada estadual do PP \u2014um deputado com base no extremo-sul do estado, regi\u00e3o com forte presen\u00e7a bolsonarista, rompeu com o governador Rui Costa.<\/p>\n<p style=\"text-align: justify;\">Em geral, h\u00e1 uma preocupa\u00e7\u00e3o de parlamentares de oposi\u00e7\u00e3o a Bolsonaro com o avan\u00e7o da m\u00e1quina federal nas pequenas cidades do interior. Ancorados em recursos de emendas, parlamentares de partidos como PP, PL, DEM e Republicanos come\u00e7am a atrair o apoio de prefeitos.<\/p>\n<p style=\"text-align: justify;\">Ao mesmo tempo, h\u00e1 expectativa sobre o desenlace do Aux\u00edlio Brasil \u2014programa que substituir\u00e1 e ampliar\u00e1 o Bolsa Fam\u00edlia\u2014 e sobre qual ser\u00e1 o seu impacto entre os eleitores mais vulner\u00e1veis.<\/p>\n<p style=\"text-align: justify;\">Para contrapor o avan\u00e7o da m\u00e1quina federal, Lula e seus aliados trabalham para formar um cintur\u00e3o de aliados que inclua os nove governadores do Nordeste.<\/p>\n<p style=\"text-align: justify;\">Em agenda no Rio Grande do Norte, Lula esteve com governadores antes da reuni\u00e3o do Cons\u00f3rcio Nordeste. O petista aproveitou a oportunidade para conversar com gestores de estados que n\u00e3o visitou, caso de Jo\u00e3o Azev\u00eado (Cidadania), da Para\u00edba, e Renan Filho (MDB), de Alagoas.<\/p>\n<p>Por: BNews<\/p>\n","protected":false},"excerpt":{"rendered":"<p>O ex-presidente Luiz In\u00e1cio Lula da Silva (PT) encerrou nesta quinta-feira (26) sua viagem de 12 dias por seis estados do Nordeste e deixou a regi\u00e3o com o apoio p\u00fablico de l\u00edderes locais de siglas como PP e PSD j\u00e1 no primeiro turno das elei\u00e7\u00f5es presidenciais de 2022. As costuras foram realizadas de forma independente [&hellip;]<\/p>\n","protected":false},"author":1,"featured_media":27516,"comment_status":"closed","ping_status":"open","sticky":false,"template":"","format":"standard","meta":{"_uag_custom_page_level_css":"","_monsterinsights_skip_tracking":false,"_monsterinsights_sitenote_active":false,"_monsterinsights_sitenote_note":"","_monsterinsights_sitenote_category":0,"jetpack_post_was_ever_published":false,"_jetpack_newsletter_access":"","_jetpack_dont_email_post_to_subs":false,"_jetpack_newsletter_tier_id":0,"_jetpack_memberships_contains_paywalled_content":false,"_jetpack_memberships_contains_paid_content":false,"footnotes":"","jetpack_publicize_message":"","jetpack_publicize_feature_enabled":true,"jetpack_social_post_already_shared":true,"jetpack_social_options":{"image_generator_settings":{"template":"highway","default_image_id":0,"font":"","enabled":false},"version":2}},"categories":[200,197],"tags":[21,4909,4910,554,313],"class_list":["post-27515","post","type-post","status-publish","format-standard","has-post-thumbnail","hentry","category-brasil","category-politica","tag-bolsonaro","tag-fragmenta-base","tag-lideres-de-pp-e-psd","tag-lula","tag-nordeste"],"jetpack_publicize_connections":[],"jetpack_featured_media_url":"https:\/\/blogopara.com.br\/wp-content\/uploads\/2021\/08\/320374-IMAGEM_NOTICIA_0.jpg","uagb_featured_image_src":{"full":["https:\/\/blogopara.com.br\/wp-content\/uploads\/2021\/08\/320374-IMAGEM_NOTICIA_0.jpg",500,246,false],"thumbnail":["https:\/\/blogopara.com.br\/wp-content\/uploads\/2021\/08\/320374-IMAGEM_NOTICIA_0-150x150.jpg",150,150,true],"medium":["https:\/\/blogopara.com.br\/wp-content\/uploads\/2021\/08\/320374-IMAGEM_NOTICIA_0-300x148.jpg",300,148,true],"medium_large":["https:\/\/blogopara.com.br\/wp-content\/uploads\/2021\/08\/320374-IMAGEM_NOTICIA_0.jpg",500,246,false],"large":["https:\/\/blogopara.com.br\/wp-content\/uploads\/2021\/08\/320374-IMAGEM_NOTICIA_0.jpg",500,246,false],"1536x1536":["https:\/\/blogopara.com.br\/wp-content\/uploads\/2021\/08\/320374-IMAGEM_NOTICIA_0.jpg",500,246,false],"2048x2048":["https:\/\/blogopara.com.br\/wp-content\/uploads\/2021\/08\/320374-IMAGEM_NOTICIA_0.jpg",500,246,false],"mantranews-slider-large":["https:\/\/blogopara.com.br\/wp-content\/uploads\/2021\/08\/320374-IMAGEM_NOTICIA_0.jpg",500,246,false],"mantranews-featured-medium":["https:\/\/blogopara.com.br\/wp-content\/uploads\/2021\/08\/320374-IMAGEM_NOTICIA_0-420x246.jpg",420,246,true],"mantranews-featured-long":["https:\/\/blogopara.com.br\/wp-content\/uploads\/2021\/08\/320374-IMAGEM_NOTICIA_0-300x246.jpg",300,246,true],"mantranews-block-medium":["https:\/\/blogopara.com.br\/wp-content\/uploads\/2021\/08\/320374-IMAGEM_NOTICIA_0-464x246.jpg",464,246,true],"mantranews-carousel-image":["https:\/\/blogopara.com.br\/wp-content\/uploads\/2021\/08\/320374-IMAGEM_NOTICIA_0.jpg",500,246,false],"mantranews-block-thumb":["https:\/\/blogopara.com.br\/wp-content\/uploads\/2021\/08\/320374-IMAGEM_NOTICIA_0-322x230.jpg",322,230,true],"mantranews-single-large":["https:\/\/blogopara.com.br\/wp-content\/uploads\/2021\/08\/320374-IMAGEM_NOTICIA_0.jpg",500,246,false]},"uagb_author_info":{"display_name":"Reda\u00e7\u00e3o geral","author_link":"https:\/\/blogopara.com.br\/index.php\/author\/blogopara"},"uagb_comment_info":0,"uagb_excerpt":"O ex-presidente Luiz In\u00e1cio Lula da Silva (PT) encerrou nesta quinta-feira (26) sua viagem de 12 dias por seis estados do Nordeste e deixou a regi\u00e3o com o apoio p\u00fablico de l\u00edderes locais de siglas como PP e PSD j\u00e1 no primeiro turno das elei\u00e7\u00f5es presidenciais de 2022. As costuras foram realizadas de forma independente&hellip;","jetpack_sharing_enabled":true,"jetpack_likes_enabled":true,"_links":{"self":[{"href":"https:\/\/blogopara.com.br\/index.php\/wp-json\/wp\/v2\/posts\/27515","targetHints":{"allow":["GET"]}}],"collection":[{"href":"https:\/\/blogopara.com.br\/index.php\/wp-json\/wp\/v2\/posts"}],"about":[{"href":"https:\/\/blogopara.com.br\/index.php\/wp-json\/wp\/v2\/types\/post"}],"author":[{"embeddable":true,"href":"https:\/\/blogopara.com.br\/index.php\/wp-json\/wp\/v2\/users\/1"}],"replies":[{"embeddable":true,"href":"https:\/\/blogopara.com.br\/index.php\/wp-json\/wp\/v2\/comments?post=27515"}],"version-history":[{"count":1,"href":"https:\/\/blogopara.com.br\/index.php\/wp-json\/wp\/v2\/posts\/27515\/revisions"}],"predecessor-version":[{"id":27517,"href":"https:\/\/blogopara.com.br\/index.php\/wp-json\/wp\/v2\/posts\/27515\/revisions\/27517"}],"wp:featuredmedia":[{"embeddable":true,"href":"https:\/\/blogopara.com.br\/index.php\/wp-json\/wp\/v2\/media\/27516"}],"wp:attachment":[{"href":"https:\/\/blogopara.com.br\/index.php\/wp-json\/wp\/v2\/media?parent=27515"}],"wp:term":[{"taxonomy":"category","embeddable":true,"href":"https:\/\/blogopara.com.br\/index.php\/wp-json\/wp\/v2\/categories?post=27515"},{"taxonomy":"post_tag","embeddable":true,"href":"https:\/\/blogopara.com.br\/index.php\/wp-json\/wp\/v2\/tags?post=27515"}],"curies":[{"name":"wp","href":"https:\/\/api.w.org\/{rel}","templated":true}]}}