{"id":27545,"date":"2021-08-27T19:34:15","date_gmt":"2021-08-27T22:34:15","guid":{"rendered":"https:\/\/blogopara.com.br\/?p=27545"},"modified":"2021-08-27T19:34:19","modified_gmt":"2021-08-27T22:34:19","slug":"estado-confirma-mais-oito-casos-da-variante-delta-entre-pernambucanos","status":"publish","type":"post","link":"https:\/\/blogopara.com.br\/index.php\/2021\/08\/27\/estado-confirma-mais-oito-casos-da-variante-delta-entre-pernambucanos","title":{"rendered":"Estado confirma mais oito casos da variante Delta entre pernambucanos"},"content":{"rendered":"<p style=\"text-align: justify;\">A Secretaria Estadual de Sa\u00fade (SES-PE) recebeu, nesta sexta-feira (27), mais uma rodada de sequenciamento gen\u00e9tico de amostras de pacientes confirmados para a Covid-19 feito pelo Instituto Aggeu Magalh\u00e3es (IAM \/ Fiocruz PE). Das 148 amostras sequenciadas, 8 (5,4%) apresentaram a variante Delta.<\/p>\n<div id=\"ad-middle\" class=\" adRef\" style=\"text-align: justify;\" data-google-query-id=\"COyWteif0vICFRuHlQId__4OqQ\">\n<div id=\"google_ads_iframe_\/21867286880\/folhape\/middle_0__container__\"><span style=\"font-size: inherit; text-align: justify;\">Os pacientes infectados eram dos munic\u00edpios do Recife (5), Olinda (1), Cabo de Santo Agostinho (1) e Exu (1). As coletas dos materiais biol\u00f3gicos desse p\u00fablico ocorreram entre os dias 31 de julho e 5 de agosto.<\/span><\/div>\n<\/div>\n<p style=\"text-align: justify;\">Entre os oito casos da variante Delta, tr\u00eas foram em pessoas do sexo masculino e cinco, do sexo feminino, com idades entre 16 e 56 anos. Com isso, totalizam 10 casos de Delta em Pernambuco. Al\u00e9m das oito\u00a0informadas nesta sexta, duas j\u00e1 tinham sido divulgadas em meados deste m\u00eas, de pacientes de Abreu e Lima e Olinda que adoeceram em julho.<\/p>\n<p style=\"text-align: justify;\"><span style=\"font-size: inherit;\">&#8220;Na an\u00e1lise dos dois primeiros casos, a vigil\u00e2ncia em sa\u00fade n\u00e3o identificou v\u00ednculo epidemiol\u00f3gico dos pacientes com casos confirmados para a Delta ou viagem para \u00e1reas de circula\u00e7\u00e3o do v\u00edrus, o que mostrava que j\u00e1 h\u00e1 circula\u00e7\u00e3o comunit\u00e1ria da Delta em Pernambuco. Agora, os munic\u00edpios de ocorr\u00eancia desses novos casos, com o apoio do Estado, tamb\u00e9m far\u00e3o um trabalho de vigil\u00e2ncia com essas pessoas, para averiguar se h\u00e1 v\u00ednculo epidemiol\u00f3gico com os casos confirmados anteriormente, se h\u00e1 adoecimentos secund\u00e1rios e a necessidade de testagem de contatos&#8221;, afirma o secret\u00e1rio estadual de Sa\u00fade, Andr\u00e9 Longo.<\/span><\/p>\n<p style=\"text-align: justify;\">O secret\u00e1rio ainda ressalta que &#8220;esse achado da Fiocruz PE \u00e9 importante para sabermos a circula\u00e7\u00e3o das variantes em nosso territ\u00f3rio, mas refor\u00e7o que, independente do tipo, n\u00e3o podemos relaxar nas medidas sanit\u00e1rias e precisamos continuar avan\u00e7ando na vacina\u00e7\u00e3o, ofertando mais primeiras doses e concluindo os esquemas vacinais com a segunda dose&#8221;.\u00a0<\/p>\n<p style=\"text-align: justify;\">Durante a reuni\u00e3o da Comiss\u00e3o Intergestores Bipartite (CIB) da \u00faltima quinta-feira (26), a superintendente de Imuniza\u00e7\u00f5es da SES-PE, Ana Catarina de Melo, lembrou da necessidade dos munic\u00edpios fazerem busca ativa dos seus mun\u00edcipes com a segunda dose em atraso para que esses concluam o esquema, principalmente por causa do maior grau de transmiss\u00e3o da Delta.<\/p>\n<p>&#8220;Atualmente, s\u00e3o mais de 400 mil pessoas com a finaliza\u00e7\u00e3o do esquema vacinal em atraso, de acordo com sistema de informa\u00e7\u00e3o do Minist\u00e9rio da Sa\u00fade. Os munic\u00edpios precisam ficar atentos a isso, para que possamos chegar \u00e0s metas estabelecidas em cada grupo priorit\u00e1rio e tamb\u00e9m na popula\u00e7\u00e3o em geral. Os gestores precisam fazer busca ativa, ir at\u00e9 onde as pessoas est\u00e3o, para evitarmos bols\u00f5es suscet\u00edveis \u00e0 doen\u00e7a&#8221;, ratificou.<\/p>\n<p style=\"text-align: justify;\">O secret\u00e1rio Andr\u00e9 Longo ainda convoca aqueles que j\u00e1 podem iniciar o esquema vacinal a aderir \u00e0 campanha. &#8220;Os munic\u00edpios pernambucanos est\u00e3o avan\u00e7ando bastante na prote\u00e7\u00e3o por faixa et\u00e1ria. Verifique se sua cidade j\u00e1 est\u00e1 disponibilizando doses para o seu grupo e se vacine assim que poss\u00edvel. Quando antes tomar a primeira dose, mais r\u00e1pido chegar\u00e1 o tempo de fazer a segunda, garantindo uma prote\u00e7\u00e3o robusta contra a Covid-19. Esse \u00e9 um ato individual, mas que tem um impacto importante para a coletividade e para o enfrentamento desta pandemia&#8221;, frisou o secret\u00e1rio.<\/p>\n<p style=\"text-align: justify;\"><strong>Amostras<\/strong><br \/>Entre as outras amostras sequenciadas, 132 (89,1%) eram da linhagem ou sublinhagens Gama (P.1). As demais s\u00e3o linhagens de menor preocupa\u00e7\u00e3o. As amostras coletadas eram de pacientes dos munic\u00edpios de \u00c1guas Belas, Araripina, Arcoverde, Belo Jardim, Bet\u00e2nia, Bodoc\u00f3, Brejinho, Cabo de Santo Agostinho, Camaragibe, Caruaru, Ex\u00fa, Gravat\u00e1, Iguaraci, Itapetim, Jaboat\u00e3o dos Guararapes, Lagoa Grande, Limoeiro, , Machados, Olinda, Panelas, Paranatama, Parnamirim, Paulista, Pesqueira, Petrolina, Recife, Sanhar\u00f3, Santa Cruz do Capibaribe, Santa Maria da Boa Vista, S\u00e3o Bento do Una, S\u00e3o Jos\u00e9 do Egito, S\u00e3o Louren\u00e7o da Mata, Serra Talhada, Sert\u00e2nia, Tabira, Tacaimb\u00f3, Terezinha e Triunfo. Tamb\u00e9m tiveram amostras de residentes de Ananindeua (PA), Luis Gomes (RN), Salvador (BA) e Santar\u00e9m (PA) que fizeram coleta em territ\u00f3rio pernambucano.<\/p>\n<section class=\"bannerBillboardDetalhe\">\n<div id=\"middle\">\u00a0<\/div>\n<\/section>\n<div class=\"clear\" style=\"text-align: justify;\">Por<strong>\u00a0Portal Folha de Pernambuco<\/strong><\/div>\n<div class=\"spacer30\" style=\"text-align: justify;\">\u00a0<\/div>\n<div class=\"spacer30\" style=\"text-align: justify;\">\u00a0<\/div>\n<div class=\"compartilhar\" style=\"text-align: justify;\">\u00a0<\/div>\n","protected":false},"excerpt":{"rendered":"<p>A Secretaria Estadual de Sa\u00fade (SES-PE) recebeu, nesta sexta-feira (27), mais uma rodada de sequenciamento gen\u00e9tico de amostras de pacientes confirmados para a Covid-19 feito pelo Instituto Aggeu Magalh\u00e3es (IAM \/ Fiocruz PE). Das 148 amostras sequenciadas, 8 (5,4%) apresentaram a variante Delta. Os pacientes infectados eram dos munic\u00edpios do Recife (5), Olinda (1), Cabo [&hellip;]<\/p>\n","protected":false},"author":1,"featured_media":27546,"comment_status":"closed","ping_status":"open","sticky":false,"template":"","format":"standard","meta":{"_uag_custom_page_level_css":"","_monsterinsights_skip_tracking":false,"_monsterinsights_sitenote_active":false,"_monsterinsights_sitenote_note":"","_monsterinsights_sitenote_category":0,"jetpack_post_was_ever_published":false,"_jetpack_newsletter_access":"","_jetpack_dont_email_post_to_subs":false,"_jetpack_newsletter_tier_id":0,"_jetpack_memberships_contains_paywalled_content":false,"_jetpack_memberships_contains_paid_content":false,"footnotes":"","jetpack_publicize_message":"","jetpack_publicize_feature_enabled":true,"jetpack_social_post_already_shared":true,"jetpack_social_options":{"image_generator_settings":{"template":"highway","default_image_id":0,"font":"","enabled":false},"version":2}},"categories":[1507],"tags":[3091,4927,532,3751],"class_list":["post-27545","post","type-post","status-publish","format-standard","has-post-thumbnail","hentry","category-pernambuco","tag-confirmacao","tag-mais-oito-casos","tag-pernambuco","tag-variante-delta"],"jetpack_publicize_connections":[],"jetpack_featured_media_url":"https:\/\/blogopara.com.br\/wp-content\/uploads\/2021\/08\/whatsapp-image-2021-06-10-at-182129.jpeg","uagb_featured_image_src":{"full":["https:\/\/blogopara.com.br\/wp-content\/uploads\/2021\/08\/whatsapp-image-2021-06-10-at-182129.jpeg",500,333,false],"thumbnail":["https:\/\/blogopara.com.br\/wp-content\/uploads\/2021\/08\/whatsapp-image-2021-06-10-at-182129-150x150.jpeg",150,150,true],"medium":["https:\/\/blogopara.com.br\/wp-content\/uploads\/2021\/08\/whatsapp-image-2021-06-10-at-182129-300x200.jpeg",300,200,true],"medium_large":["https:\/\/blogopara.com.br\/wp-content\/uploads\/2021\/08\/whatsapp-image-2021-06-10-at-182129.jpeg",500,333,false],"large":["https:\/\/blogopara.com.br\/wp-content\/uploads\/2021\/08\/whatsapp-image-2021-06-10-at-182129.jpeg",500,333,false],"1536x1536":["https:\/\/blogopara.com.br\/wp-content\/uploads\/2021\/08\/whatsapp-image-2021-06-10-at-182129.jpeg",500,333,false],"2048x2048":["https:\/\/blogopara.com.br\/wp-content\/uploads\/2021\/08\/whatsapp-image-2021-06-10-at-182129.jpeg",500,333,false],"mantranews-slider-large":["https:\/\/blogopara.com.br\/wp-content\/uploads\/2021\/08\/whatsapp-image-2021-06-10-at-182129.jpeg",500,333,false],"mantranews-featured-medium":["https:\/\/blogopara.com.br\/wp-content\/uploads\/2021\/08\/whatsapp-image-2021-06-10-at-182129-420x307.jpeg",420,307,true],"mantranews-featured-long":["https:\/\/blogopara.com.br\/wp-content\/uploads\/2021\/08\/whatsapp-image-2021-06-10-at-182129-300x333.jpeg",300,333,true],"mantranews-block-medium":["https:\/\/blogopara.com.br\/wp-content\/uploads\/2021\/08\/whatsapp-image-2021-06-10-at-182129-464x290.jpeg",464,290,true],"mantranews-carousel-image":["https:\/\/blogopara.com.br\/wp-content\/uploads\/2021\/08\/whatsapp-image-2021-06-10-at-182129.jpeg",500,333,false],"mantranews-block-thumb":["https:\/\/blogopara.com.br\/wp-content\/uploads\/2021\/08\/whatsapp-image-2021-06-10-at-182129-322x230.jpeg",322,230,true],"mantranews-single-large":["https:\/\/blogopara.com.br\/wp-content\/uploads\/2021\/08\/whatsapp-image-2021-06-10-at-182129.jpeg",500,333,false]},"uagb_author_info":{"display_name":"Reda\u00e7\u00e3o geral","author_link":"https:\/\/blogopara.com.br\/index.php\/author\/blogopara"},"uagb_comment_info":0,"uagb_excerpt":"A Secretaria Estadual de Sa\u00fade (SES-PE) recebeu, nesta sexta-feira (27), mais uma rodada de sequenciamento gen\u00e9tico de amostras de pacientes confirmados para a Covid-19 feito pelo Instituto Aggeu Magalh\u00e3es (IAM \/ Fiocruz PE). Das 148 amostras sequenciadas, 8 (5,4%) apresentaram a variante Delta. Os pacientes infectados eram dos munic\u00edpios do Recife (5), Olinda (1), Cabo&hellip;","jetpack_sharing_enabled":true,"jetpack_likes_enabled":true,"_links":{"self":[{"href":"https:\/\/blogopara.com.br\/index.php\/wp-json\/wp\/v2\/posts\/27545","targetHints":{"allow":["GET"]}}],"collection":[{"href":"https:\/\/blogopara.com.br\/index.php\/wp-json\/wp\/v2\/posts"}],"about":[{"href":"https:\/\/blogopara.com.br\/index.php\/wp-json\/wp\/v2\/types\/post"}],"author":[{"embeddable":true,"href":"https:\/\/blogopara.com.br\/index.php\/wp-json\/wp\/v2\/users\/1"}],"replies":[{"embeddable":true,"href":"https:\/\/blogopara.com.br\/index.php\/wp-json\/wp\/v2\/comments?post=27545"}],"version-history":[{"count":1,"href":"https:\/\/blogopara.com.br\/index.php\/wp-json\/wp\/v2\/posts\/27545\/revisions"}],"predecessor-version":[{"id":27547,"href":"https:\/\/blogopara.com.br\/index.php\/wp-json\/wp\/v2\/posts\/27545\/revisions\/27547"}],"wp:featuredmedia":[{"embeddable":true,"href":"https:\/\/blogopara.com.br\/index.php\/wp-json\/wp\/v2\/media\/27546"}],"wp:attachment":[{"href":"https:\/\/blogopara.com.br\/index.php\/wp-json\/wp\/v2\/media?parent=27545"}],"wp:term":[{"taxonomy":"category","embeddable":true,"href":"https:\/\/blogopara.com.br\/index.php\/wp-json\/wp\/v2\/categories?post=27545"},{"taxonomy":"post_tag","embeddable":true,"href":"https:\/\/blogopara.com.br\/index.php\/wp-json\/wp\/v2\/tags?post=27545"}],"curies":[{"name":"wp","href":"https:\/\/api.w.org\/{rel}","templated":true}]}}