{"id":2761,"date":"2019-08-26T08:15:21","date_gmt":"2019-08-26T11:15:21","guid":{"rendered":"http:\/\/blogopara.com.br\/?p=2761"},"modified":"2019-08-26T08:15:23","modified_gmt":"2019-08-26T11:15:23","slug":"grupo-usou-whatsapp-para-convocar-dia-do-fogo-no-para","status":"publish","type":"post","link":"https:\/\/blogopara.com.br\/index.php\/2019\/08\/26\/grupo-usou-whatsapp-para-convocar-dia-do-fogo-no-para","title":{"rendered":"Grupo usou whatsapp para convocar &#8220;dia do fogo&#8221; no Par\u00e1"},"content":{"rendered":"<p style=\"text-align: justify;\">Em Altamira, no Par\u00e1, munic\u00edpio que lidera o n\u00famero de inc\u00eandios e desmatamentos no Brasil, o Distrito de Cachoeira da Serra, um dos polos agr\u00edcolas mais disputados pelos agricultores, ainda repercute a maior\u00a0<a href=\"https:\/\/revistagloborural.globo.com\/Noticias\/noticia\/2019\/08\/globo-rural-no-meio-do-fogo-nossos-reporteres-flagram-queimada-na-floresta.html\"><strong>queimada<\/strong><\/a>\u00a0da hist\u00f3ria do Par\u00e1, que aconteceu no dia 10 de agosto. Essa data vai ficar lembrada para sempre por aqui como o \u201cDia do Fogo\u201d.<\/p>\n<p style=\"text-align: justify;\">J\u00e1 se sabe que mais de 70 pessoas \u2013 de Altamira e Novo Progresso &#8212;\u00a0 entre sindicalistas, produtores rurais, comerciantes e grileiros, combinaram atrav\u00e9s de um grupo de whatsApp incendiar as margens da\u00a0<a href=\"https:\/\/revistagloborural.globo.com\/Colunas\/caminhos-da-safra\/noticia\/2019\/06\/dnit-e-exercito-pavimentam-10-km-da-br-163-no-para.html\"><strong>BR-163<\/strong><\/a>, rodovia que liga essa regi\u00e3o do Par\u00e1 aos portos fluviais do Rio Tapaj\u00f3s e ao Estado de Mato Grosso. A inten\u00e7\u00e3o deles era mostrar ao presidente\u00a0<a href=\"https:\/\/revistagloborural.globo.com\/Noticias\/noticia\/2019\/08\/bolsonaro-manda-investigar-grupo-que-convocou-dia-do-fogo-no-para.html\"><strong>Jair Bolsonaro<\/strong><\/a>\u00a0que apoiam suas ideias de \u201cafrouxar\u201d a fiscaliza\u00e7\u00e3o do Ibama e quem sabe conseguir o perd\u00e3o das multas pelas infra\u00e7\u00f5es cometidas ao\u00a0<strong><a href=\"https:\/\/revistagloborural.globo.com\/Noticias\/Sustentabilidade\/noticia\/2019\/08\/abrafrutas-declara-apoio-ao-ministro-do-meio-ambiente.html\">Meio Ambiente<\/a><\/strong>.<\/p>\n<p style=\"text-align: justify;\">A pedido do Minist\u00e9rio P\u00fablico de Novo Progresso, o Delegado Daniel Mattos Pereira, da Pol\u00edcia Civil, j\u00e1 ouviu algumas pessoas ligadas ao \u201cDia do Fogo\u201d, at\u00e9 agora ningu\u00e9m foi preso.<\/p>\n<p style=\"text-align: justify;\">As delegacias dos munic\u00edpios de Castelo dos Sonhos e Novo Progresso receberam in\u00fameras den\u00fancias de produtores rurais que se dizem prejudicados pelas\u00a0<a href=\"https:\/\/revistagloborural.globo.com\/Colunas\/bruno-blecher\/noticia\/2019\/08\/o-aumento-das-queimadas-e-consequencia-do-desmatamento.html\"><strong>queimadas<\/strong><\/a>.<\/p>\n<p style=\"text-align: justify;\">Muitos perderam cercas, pastagens, lavouras e animais, tudo devorado pelo fogo. Depois que a den\u00fancia do \u201cDia do Fogo\u201d veio a p\u00fablico, uma nova vers\u00e3o circula por toda a regi\u00e3o. A pecuarista Nair Brizola, de Cachoeira da Serra, faz eco a uma hist\u00f3ria que ouvimos em toda parte. Ela nos procurou quando circulava pela estrada da \u201cBucha\u201d, onde nossa equipe documentava uma\u00a0<a href=\"https:\/\/revistagloborural.globo.com\/Noticias\/noticia\/2019\/08\/globo-rural-no-meio-do-fogo-nossos-reporteres-flagram-queimada-na-floresta.html\"><strong>queimada<\/strong><\/a>.<\/p>\n<p style=\"text-align: justify;\">\u2013\u201cVoc\u00eas s\u00e3o do meio ambiente?\u201d, gritou ela de dentro de sua caminhonete.<br \/>\n-\u201cN\u00e3o. Somos jornalistas.\u201d<br \/>\n\u2013 \u201cQue \u00f3timo. Que \u00f3timo,\u201c diz em seguida.<br \/>\n\u2013 \u201cQuem est\u00e1 colocando fogo por aqui?\u201d, pergunto a ela<br \/>\n\u2013\u00a0 \u201c\u00c9 o ICMBio [a sigla se refere ao Instituto Chico Mendes de Conserva\u00e7\u00e3o da Biodiversidade]. Tinha uma moto preta colocando fogo em tudo aqui. E eles foram na minha propriedade com essa moto amarrada em cima da caminhonete deles. Tava escrito l\u00e1 na porta\u201d<\/p>\n<p style=\"text-align: justify;\">Sem saber que nossa conversa estava sendo gravada, dona Nair continua:<\/p>\n<p style=\"text-align: justify;\">\u2013 \u201cEsse povo, se eles veem voc\u00ea, eles j\u00e1 v\u00eam armado, j\u00e1 manda voc\u00ea parar, j\u00e1 toma seu celular. Voc\u00ea n\u00e3o pode fazer nada. As caminhonetes que eles andam fazendo esse terror todo, est\u00e1 escrito ICMbio. O presidente Bolsonaro t\u00e1 certo quando diz que essas Ongs est\u00e3o botando fogo,\u201d completa ela.<br \/>\n&#8211; \u201cMas, ele andou falando tamb\u00e9m que pode ser os fazendeiros\u201d, interrogo.<br \/>\n-\u201cN\u00e3o vou dizer que um ou outro n\u00e3o est\u00e1 fazendo isso, mas esse fogo que colocaram ai na beira da estrada, n\u00e3o \u00e9 dos fazendeiros.\u201d<\/p>\n<p style=\"text-align: justify;\">A vegeta\u00e7\u00e3o muito seca das beiras das estradas continua com focos de inc\u00eandios que chegam a interromper o tr\u00e1fego na BR 163. Entrando pelas vicinais de terra deparamos uma enorme \u00e1rea de floresta ardendo em chamas.<\/p>\n<p style=\"text-align: justify;\">Uma enorme queimada colocada no entorno de uma \u00e1rea de floresta prim\u00e1ria. O fogo foi colocado estrategicamente circundando a floresta, bem no hor\u00e1rio em que o vento carrega as chamas para o interior dela. Ao lado o tratorista, Erisv\u00e3 da Concei\u00e7\u00e3o Silva, passa uma grade no terreno, que um dia j\u00e1 foi floresta,\u00a0 preparando a \u00e1rea\u00a0 para o plantio de gr\u00e3os.<\/p>\n<p style=\"text-align: justify;\">&#8211;\u201cQuem colocou fogo a\u00ed?&#8221;, pergunto a ele.<br \/>\n&#8212; \u201cEsse fogo veio l\u00e1 da estrada do outro lado.\u201d Aponta para o lado oposto da floresta onde seria praticamente imposs\u00edvel ter originado o fogo, por uma simples raz\u00e3o. N\u00e3o havia fogo nenhum por l\u00e1.<\/p>\n<p style=\"text-align: justify;\">Enquanto a gente conversava com ele, o fogo subia pelas \u00e1rvores. \u00c9 de chorar. P\u00e1ssaros e insetos emergiam desesperados de dentro da mata. Vamos continuar por aqui investigando o \u201cDia do Fogo\u201d data que ningu\u00e9m mais vai esquecer. Dez de Agosto de 2019, quando v\u00e1rios inc\u00eandios criminosos pipocaram pela Amaz\u00f4nia assustando o mundo inteiro: Os Estados de: Rond\u00f4nia, Acre, Amap\u00e1, Mato Grosso, Amazonas e Par\u00e1 arderam em chamas ao mesmo tempo. Queimadas que em geral acontecem espontaneamente na \u00e9poca de seca, mas n\u00e3o em propor\u00e7\u00f5es como essa.<\/p>\n<pre>Fonte: G1<\/pre>\n","protected":false},"excerpt":{"rendered":"<p>Pol\u00edcia investiga a\u00e7\u00e3o de incendi\u00e1rios, ao menos 70 pessoas participaram de grupo de mensagens; no dia 10 de agosto, n\u00famero de focos de inc\u00eandios cresceu repentinamente na Amaz\u00f4nia.<\/p>\n","protected":false},"author":1,"featured_media":2763,"comment_status":"open","ping_status":"open","sticky":false,"template":"","format":"standard","meta":{"_uag_custom_page_level_css":"","_monsterinsights_skip_tracking":false,"_monsterinsights_sitenote_active":false,"_monsterinsights_sitenote_note":"","_monsterinsights_sitenote_category":0,"jetpack_post_was_ever_published":false,"_jetpack_newsletter_access":"","_jetpack_dont_email_post_to_subs":false,"_jetpack_newsletter_tier_id":0,"_jetpack_memberships_contains_paywalled_content":false,"_jetpack_memberships_contains_paid_content":false,"footnotes":"","jetpack_publicize_message":"","jetpack_publicize_feature_enabled":true,"jetpack_social_post_already_shared":false,"jetpack_social_options":{"image_generator_settings":{"template":"highway","default_image_id":0,"font":"","enabled":false},"version":2}},"categories":[203],"tags":[573,21,640],"class_list":["post-2761","post","type-post","status-publish","format-standard","has-post-thumbnail","hentry","category-juazeiro","tag-amazonia","tag-bolsonaro","tag-queimadas"],"jetpack_publicize_connections":[],"jetpack_featured_media_url":"https:\/\/blogopara.com.br\/wp-content\/uploads\/2019\/08\/flores.jpg","uagb_featured_image_src":{"full":["https:\/\/blogopara.com.br\/wp-content\/uploads\/2019\/08\/flores.jpg",400,525,false],"thumbnail":["https:\/\/blogopara.com.br\/wp-content\/uploads\/2019\/08\/flores-150x150.jpg",150,150,true],"medium":["https:\/\/blogopara.com.br\/wp-content\/uploads\/2019\/08\/flores-229x300.jpg",229,300,true],"medium_large":["https:\/\/blogopara.com.br\/wp-content\/uploads\/2019\/08\/flores.jpg",400,525,false],"large":["https:\/\/blogopara.com.br\/wp-content\/uploads\/2019\/08\/flores.jpg",400,525,false],"1536x1536":["https:\/\/blogopara.com.br\/wp-content\/uploads\/2019\/08\/flores.jpg",400,525,false],"2048x2048":["https:\/\/blogopara.com.br\/wp-content\/uploads\/2019\/08\/flores.jpg",400,525,false],"mantranews-slider-large":["https:\/\/blogopara.com.br\/wp-content\/uploads\/2019\/08\/flores.jpg",400,525,false],"mantranews-featured-medium":["https:\/\/blogopara.com.br\/wp-content\/uploads\/2019\/08\/flores.jpg",234,307,false],"mantranews-featured-long":["https:\/\/blogopara.com.br\/wp-content\/uploads\/2019\/08\/flores.jpg",300,394,false],"mantranews-block-medium":["https:\/\/blogopara.com.br\/wp-content\/uploads\/2019\/08\/flores.jpg",221,290,false],"mantranews-carousel-image":["https:\/\/blogopara.com.br\/wp-content\/uploads\/2019\/08\/flores.jpg",381,500,false],"mantranews-block-thumb":["https:\/\/blogopara.com.br\/wp-content\/uploads\/2019\/08\/flores.jpg",175,230,false],"mantranews-single-large":["https:\/\/blogopara.com.br\/wp-content\/uploads\/2019\/08\/flores.jpg",400,525,false]},"uagb_author_info":{"display_name":"Reda\u00e7\u00e3o geral","author_link":"https:\/\/blogopara.com.br\/index.php\/author\/blogopara"},"uagb_comment_info":0,"uagb_excerpt":"Pol\u00edcia investiga a\u00e7\u00e3o de incendi\u00e1rios, ao menos 70 pessoas participaram de grupo de mensagens; no dia 10 de agosto, n\u00famero de focos de inc\u00eandios cresceu repentinamente na Amaz\u00f4nia.","jetpack_sharing_enabled":true,"jetpack_likes_enabled":true,"_links":{"self":[{"href":"https:\/\/blogopara.com.br\/index.php\/wp-json\/wp\/v2\/posts\/2761","targetHints":{"allow":["GET"]}}],"collection":[{"href":"https:\/\/blogopara.com.br\/index.php\/wp-json\/wp\/v2\/posts"}],"about":[{"href":"https:\/\/blogopara.com.br\/index.php\/wp-json\/wp\/v2\/types\/post"}],"author":[{"embeddable":true,"href":"https:\/\/blogopara.com.br\/index.php\/wp-json\/wp\/v2\/users\/1"}],"replies":[{"embeddable":true,"href":"https:\/\/blogopara.com.br\/index.php\/wp-json\/wp\/v2\/comments?post=2761"}],"version-history":[{"count":2,"href":"https:\/\/blogopara.com.br\/index.php\/wp-json\/wp\/v2\/posts\/2761\/revisions"}],"predecessor-version":[{"id":2764,"href":"https:\/\/blogopara.com.br\/index.php\/wp-json\/wp\/v2\/posts\/2761\/revisions\/2764"}],"wp:featuredmedia":[{"embeddable":true,"href":"https:\/\/blogopara.com.br\/index.php\/wp-json\/wp\/v2\/media\/2763"}],"wp:attachment":[{"href":"https:\/\/blogopara.com.br\/index.php\/wp-json\/wp\/v2\/media?parent=2761"}],"wp:term":[{"taxonomy":"category","embeddable":true,"href":"https:\/\/blogopara.com.br\/index.php\/wp-json\/wp\/v2\/categories?post=2761"},{"taxonomy":"post_tag","embeddable":true,"href":"https:\/\/blogopara.com.br\/index.php\/wp-json\/wp\/v2\/tags?post=2761"}],"curies":[{"name":"wp","href":"https:\/\/api.w.org\/{rel}","templated":true}]}}