{"id":27635,"date":"2021-08-30T11:09:00","date_gmt":"2021-08-30T14:09:00","guid":{"rendered":"https:\/\/blogopara.com.br\/?p=27635"},"modified":"2021-08-30T09:20:54","modified_gmt":"2021-08-30T12:20:54","slug":"pm-da-reserva-e-morto-a-tiros-em-bar-no-bairro-de-jardim-nova-esperanca","status":"publish","type":"post","link":"https:\/\/blogopara.com.br\/index.php\/2021\/08\/30\/pm-da-reserva-e-morto-a-tiros-em-bar-no-bairro-de-jardim-nova-esperanca","title":{"rendered":"PM da reserva \u00e9 morto a tiros em bar no bairro de Jardim Nova Esperan\u00e7a"},"content":{"rendered":"<p style=\"text-align: justify;\">Um policial militar da reserva, identificado como Izidio Monteiro Bulh\u00f5es J\u00fanior, de 52 anos foi morto a tiros em um, localizado no bairro de Jardim Nova Esperan\u00e7a, na regi\u00e3o da Estrada Velha do Aeroporto, em Salvador, na noite deste domingo (29).\u00a0<\/p>\n<p style=\"text-align: justify;\">Um v\u00eddeo do circuito interno de seguran\u00e7a do estabelecimento mostra a chegada do suspeito, sem m\u00e1scara e correndo, ele j\u00e1 mostra a arma em punho e vai em dire\u00e7\u00e3o ao policial. Testemunhas ouviram, pelo menos, sete tiros durante a a\u00e7\u00e3o criminosa.\u00a0<\/p>\n<p style=\"text-align: justify;\">Nas imagens \u00e9 poss\u00edvel ver a correria dos clientes do bar, a maioria se joga ao ch\u00e3o e acabam machucados para tentar escapar dos disparos. \u00a0<\/p>\n<p style=\"text-align: justify;\">De acordo com a Pol\u00edcia Civil, ele chegou a ser socorrido para o Hospital S\u00e3o Rafael, mas n\u00e3o resistiu aos ferimentos. O homic\u00eddio\u00a0ser\u00e1 investigado pela 2\u00aa DH\/Central.<\/p>\n<p style=\"text-align: justify;\">Esse \u00e9 o segundo caso envolvendo policiais baleados nas \u00faltimas 48h. Um PM foi atingido na \u00faltima sexta-feira (27)\u00a0<a href=\"https:\/\/www.bnews.com.br\/m\/noticias\/policia\/320446,policial-e-baleado-no-ceasa-em-simoes-filho.html\" target=\"_blank\" rel=\"noopener\">durante uma tentativa de assalto na BA-526, em Sim\u00f5es Filho<\/a>\u00a0na Regi\u00e3o Metropolitana (RMS) ele foi ferido no bra\u00e7o e levaram o celular dele.<\/p>\n<p>\u00a0<\/p>\n\n\n<p>Por: BNews<\/p>\n","protected":false},"excerpt":{"rendered":"<p>Um policial militar da reserva, identificado como Izidio Monteiro Bulh\u00f5es J\u00fanior, de 52 anos foi morto a tiros em um, localizado no bairro de Jardim Nova Esperan\u00e7a, na regi\u00e3o da Estrada Velha do Aeroporto, em Salvador, na noite deste domingo (29).\u00a0 Um v\u00eddeo do circuito interno de seguran\u00e7a do estabelecimento mostra a chegada do suspeito, [&hellip;]<\/p>\n","protected":false},"author":1,"featured_media":27636,"comment_status":"closed","ping_status":"open","sticky":false,"template":"","format":"standard","meta":{"_uag_custom_page_level_css":"","_monsterinsights_skip_tracking":false,"_monsterinsights_sitenote_active":false,"_monsterinsights_sitenote_note":"","_monsterinsights_sitenote_category":0,"jetpack_post_was_ever_published":false,"_jetpack_newsletter_access":"","_jetpack_dont_email_post_to_subs":false,"_jetpack_newsletter_tier_id":0,"_jetpack_memberships_contains_paywalled_content":false,"_jetpack_memberships_contains_paid_content":false,"footnotes":"","jetpack_publicize_message":"","jetpack_publicize_feature_enabled":true,"jetpack_social_post_already_shared":true,"jetpack_social_options":{"image_generator_settings":{"template":"highway","default_image_id":0,"font":"","enabled":false},"version":2}},"categories":[199,202],"tags":[4977,4978,4976,4975],"class_list":["post-27635","post","type-post","status-publish","format-standard","has-post-thumbnail","hentry","category-bahia","category-policia","tag-bar-no-bairro","tag-jardim-nova-esperanca","tag-morto-a-tiros","tag-pm-da-reserva"],"jetpack_publicize_connections":[],"jetpack_featured_media_url":"https:\/\/blogopara.com.br\/wp-content\/uploads\/2021\/08\/320763-IMAGEM_NOTICIA_0.jpg","uagb_featured_image_src":{"full":["https:\/\/blogopara.com.br\/wp-content\/uploads\/2021\/08\/320763-IMAGEM_NOTICIA_0.jpg",500,246,false],"thumbnail":["https:\/\/blogopara.com.br\/wp-content\/uploads\/2021\/08\/320763-IMAGEM_NOTICIA_0-150x150.jpg",150,150,true],"medium":["https:\/\/blogopara.com.br\/wp-content\/uploads\/2021\/08\/320763-IMAGEM_NOTICIA_0-300x148.jpg",300,148,true],"medium_large":["https:\/\/blogopara.com.br\/wp-content\/uploads\/2021\/08\/320763-IMAGEM_NOTICIA_0.jpg",500,246,false],"large":["https:\/\/blogopara.com.br\/wp-content\/uploads\/2021\/08\/320763-IMAGEM_NOTICIA_0.jpg",500,246,false],"1536x1536":["https:\/\/blogopara.com.br\/wp-content\/uploads\/2021\/08\/320763-IMAGEM_NOTICIA_0.jpg",500,246,false],"2048x2048":["https:\/\/blogopara.com.br\/wp-content\/uploads\/2021\/08\/320763-IMAGEM_NOTICIA_0.jpg",500,246,false],"mantranews-slider-large":["https:\/\/blogopara.com.br\/wp-content\/uploads\/2021\/08\/320763-IMAGEM_NOTICIA_0.jpg",500,246,false],"mantranews-featured-medium":["https:\/\/blogopara.com.br\/wp-content\/uploads\/2021\/08\/320763-IMAGEM_NOTICIA_0-420x246.jpg",420,246,true],"mantranews-featured-long":["https:\/\/blogopara.com.br\/wp-content\/uploads\/2021\/08\/320763-IMAGEM_NOTICIA_0-300x246.jpg",300,246,true],"mantranews-block-medium":["https:\/\/blogopara.com.br\/wp-content\/uploads\/2021\/08\/320763-IMAGEM_NOTICIA_0-464x246.jpg",464,246,true],"mantranews-carousel-image":["https:\/\/blogopara.com.br\/wp-content\/uploads\/2021\/08\/320763-IMAGEM_NOTICIA_0.jpg",500,246,false],"mantranews-block-thumb":["https:\/\/blogopara.com.br\/wp-content\/uploads\/2021\/08\/320763-IMAGEM_NOTICIA_0-322x230.jpg",322,230,true],"mantranews-single-large":["https:\/\/blogopara.com.br\/wp-content\/uploads\/2021\/08\/320763-IMAGEM_NOTICIA_0.jpg",500,246,false]},"uagb_author_info":{"display_name":"Reda\u00e7\u00e3o geral","author_link":"https:\/\/blogopara.com.br\/index.php\/author\/blogopara"},"uagb_comment_info":0,"uagb_excerpt":"Um policial militar da reserva, identificado como Izidio Monteiro Bulh\u00f5es J\u00fanior, de 52 anos foi morto a tiros em um, localizado no bairro de Jardim Nova Esperan\u00e7a, na regi\u00e3o da Estrada Velha do Aeroporto, em Salvador, na noite deste domingo (29).\u00a0 Um v\u00eddeo do circuito interno de seguran\u00e7a do estabelecimento mostra a chegada do suspeito,&hellip;","jetpack_sharing_enabled":true,"jetpack_likes_enabled":true,"_links":{"self":[{"href":"https:\/\/blogopara.com.br\/index.php\/wp-json\/wp\/v2\/posts\/27635","targetHints":{"allow":["GET"]}}],"collection":[{"href":"https:\/\/blogopara.com.br\/index.php\/wp-json\/wp\/v2\/posts"}],"about":[{"href":"https:\/\/blogopara.com.br\/index.php\/wp-json\/wp\/v2\/types\/post"}],"author":[{"embeddable":true,"href":"https:\/\/blogopara.com.br\/index.php\/wp-json\/wp\/v2\/users\/1"}],"replies":[{"embeddable":true,"href":"https:\/\/blogopara.com.br\/index.php\/wp-json\/wp\/v2\/comments?post=27635"}],"version-history":[{"count":1,"href":"https:\/\/blogopara.com.br\/index.php\/wp-json\/wp\/v2\/posts\/27635\/revisions"}],"predecessor-version":[{"id":27637,"href":"https:\/\/blogopara.com.br\/index.php\/wp-json\/wp\/v2\/posts\/27635\/revisions\/27637"}],"wp:featuredmedia":[{"embeddable":true,"href":"https:\/\/blogopara.com.br\/index.php\/wp-json\/wp\/v2\/media\/27636"}],"wp:attachment":[{"href":"https:\/\/blogopara.com.br\/index.php\/wp-json\/wp\/v2\/media?parent=27635"}],"wp:term":[{"taxonomy":"category","embeddable":true,"href":"https:\/\/blogopara.com.br\/index.php\/wp-json\/wp\/v2\/categories?post=27635"},{"taxonomy":"post_tag","embeddable":true,"href":"https:\/\/blogopara.com.br\/index.php\/wp-json\/wp\/v2\/tags?post=27635"}],"curies":[{"name":"wp","href":"https:\/\/api.w.org\/{rel}","templated":true}]}}