{"id":27660,"date":"2021-08-31T07:47:00","date_gmt":"2021-08-31T10:47:00","guid":{"rendered":"https:\/\/blogopara.com.br\/?p=27660"},"modified":"2021-08-30T19:46:09","modified_gmt":"2021-08-30T22:46:09","slug":"bolsonaro-busca-esvaziar-raiz-golpista-do-7-de-setembro-e-diz-que-pauta-sera-liberdade-de-expressao","status":"publish","type":"post","link":"https:\/\/blogopara.com.br\/index.php\/2021\/08\/31\/bolsonaro-busca-esvaziar-raiz-golpista-do-7-de-setembro-e-diz-que-pauta-sera-liberdade-de-expressao","title":{"rendered":"Bolsonaro busca esvaziar raiz golpista do 7 de Setembro e diz que pauta ser\u00e1 liberdade de express\u00e3o"},"content":{"rendered":"\n\n\n\n\n\n\n\n\n\n<article class=\"articlecontent allowvig loaded\" data-id=\"106\" data-m=\"{&quot;i&quot;:106,&quot;p&quot;:103,&quot;n&quot;:&quot;article&quot;,&quot;y&quot;:6,&quot;o&quot;:3}\" data-nativead-placements=\"article_aside:3;singlecard1:1;singlecard2:1;singlecard3:1;singlecard4:1;singlecard5:1;singlecard6:1;singlecard7:1;singlecard8:1;singlecard9:1;singlecard10:1;singlecard11:1;\">\n<section class=\"flexarticle\" data-id=\"107\" data-m=\"{&quot;i&quot;:107,&quot;p&quot;:106,&quot;n&quot;:&quot;flexarticle&quot;,&quot;y&quot;:6,&quot;o&quot;:1}\">\n<section class=\"articlebody   \" data-id=\"108\" data-m=\"{&quot;i&quot;:108,&quot;p&quot;:107,&quot;n&quot;:&quot;articlebody&quot;,&quot;y&quot;:6,&quot;o&quot;:1}\">\n<p style=\"text-align: justify;\">Em uma nova convoca\u00e7\u00e3o para os atos bolsonaristas de 7 de Setembro, o presidente Jair Bolsonaro (sem partido) disse nesta segunda-feira (30) que as manifesta\u00e7\u00f5es programadas para o feriado ter\u00e3o como pauta a &#8220;liberdade de express\u00e3o&#8221; e a defesa do voto impresso.<\/p>\n<p style=\"text-align: justify;\">Durante entrevista a uma r\u00e1dio de Goi\u00e1s, o presidente fez ainda novas cr\u00edticas aos ministros Alexandre de Moraes e Lu\u00eds Roberto Barroso, do STF (Supremo Tribunal Federal). Barroso tamb\u00e9m preside o TSE (Tribunal Superior Eleitoral).<\/p>\n<div id=\"aol_outstream_article\" style=\"text-align: justify;\" data-bcid=\"56603651bbe5bf10d057f868\" data-id=\"109\" data-m=\"{&quot;i&quot;:109,&quot;p&quot;:108,&quot;n&quot;:&quot;aol-article-inlineOutstreamAd&quot;,&quot;t&quot;:&quot;AolInlineOutstreamAd&quot;,&quot;o&quot;:1}\">\n<div id=\"590760c31de5a10537b6f1b3\" class=\"vdb_player \" data-height=\"351px\">\n<div><span style=\"font-size: inherit;\">&#8220;Essa [manifesta\u00e7\u00e3o] agora, a grande pauta vai ser a liberdade de express\u00e3o. N\u00e3o pode uma pessoa do STF e uma do TSE se arvorarem agora como as donas do mundo e que tudo decidem no tocante a esse ponto, liberdade de express\u00e3o&#8221;, disse Bolsonaro, durante a entrevista.<\/span><\/div>\n<\/div>\n<\/div>\n<p style=\"text-align: justify;\">Como mostrou a Folha de S.Paulo, as convoca\u00e7\u00f5es bolsonaristas para os atos de 7 de Setembro substitu\u00edram palavras de ordem com mensagens anticonstitucionais e autorit\u00e1rias por termos que d\u00e3o um verniz democr\u00e1tico \u00e0s manifesta\u00e7\u00f5es, mobilizadas a partir da ret\u00f3rica golpista de Bolsonaro.<\/p>\n<p style=\"text-align: justify;\">A mudan\u00e7a de tom na compara\u00e7\u00e3o com atos anteriores -alguns dos quais viraram alvos de investiga\u00e7\u00f5es do STF e de outros \u00f3rg\u00e3os- domina postagens em redes sociais e falas p\u00fablicas de organizadores analisadas pela Folha, o que sugere uma a\u00e7\u00e3o coordenada.<\/p>\n<p style=\"text-align: justify;\">Os protestos marcados para o Dia da Independ\u00eancia representam mais um passo na escalada da crise institucional alimentada por Bolsonaro e buscam dar uma demonstra\u00e7\u00e3o de for\u00e7a do mandat\u00e1rio, em meio a sinais que apontam para o risco de tentativa de ruptura institucional.<\/p>\n<p style=\"text-align: justify;\">Na entrevista desta segunda-feira, Bolsonaro fez ainda refer\u00eancia \u00e0s pris\u00f5es, por ordem do STF, do deputado bolsonarista Daniel Silveira (PSL-RJ) e do presidente do PTB, o ex-deputado Roberto Jefferson.<\/p>\n<p style=\"text-align: justify;\">&#8220;N\u00e3o podemos admitir um deputado federal preso, n\u00e3o interessa o que ele falou, bem como jornalista preso e presidente de partido preso tamb\u00e9m. N\u00e3o justifica isso da\u00ed&#8221;, declarou Bolsonaro.<\/p>\n<p style=\"text-align: justify;\">Em outro trecho, ele refor\u00e7ou o chamamento para as manifesta\u00e7\u00f5es ao dizer que a &#8220;nossa liberdade est\u00e1 sendo amea\u00e7ada novamente&#8221;.<\/p>\n<p style=\"text-align: justify;\">&#8220;Dia 7 [de setembro] \u00e9 uma data marcante para todos n\u00f3s. \u00c9 a nossa independ\u00eancia que est\u00e1 completando 199 anos. Agora, a nossa liberdade est\u00e1 sendo amea\u00e7a novamente por parte de um ou dois aqui de Bras\u00edlia. N\u00f3s n\u00e3o podemos nos submeter a um ou dois. Isso n\u00e3o \u00e9 uma ditadura&#8221;, disse.<\/p>\n<p style=\"text-align: justify;\">As convocat\u00f3rias para as manifesta\u00e7\u00f5es de 7 de Setembro t\u00eam gerado apreens\u00e3o entre cr\u00edticos do presidente e governadores.<\/p>\n<p style=\"text-align: justify;\">Ela ocorre em meio a uma crise entre o Planalto e o Judici\u00e1rio, ap\u00f3s reiterados ataques de Bolsonaro ao sistema eletr\u00f4nico de vota\u00e7\u00e3o e a dissemina\u00e7\u00e3o de falsas teorias sobre fraudes em pleitos passados.<\/p>\n<p style=\"text-align: justify;\">Al\u00e9m do mais, o presidente tem investido contra Barroso e a Moraes. Em resposta, o presidente do STF, Luiz Fux, cancelou uma reuni\u00e3o entre os chefes dos tr\u00eas Poderes.<\/p>\n<p style=\"text-align: justify;\">O encontro estava sendo costurado para tentar reduzir a temperatura da crise, mas a avalia\u00e7\u00e3o \u00e9 que ele n\u00e3o pode ocorrer enquanto n\u00e3o cessarem os ataques de Bolsonaro contra integrantes do tribunal.<\/p>\n<p style=\"text-align: justify;\">Bolsonaro ainda n\u00e3o deu mostras de que pretende reduzir a ofensiva contra seus alvos no Supremo. Pelo contr\u00e1rio, ele chegou a apresentar no Senado um pedido de impeachment contra Moraes.<\/p>\n<p style=\"text-align: justify;\">Os governadores, por sua vez, t\u00eam manifestado preocupa\u00e7\u00e3o com a esperada participa\u00e7\u00e3o nas manifesta\u00e7\u00f5es de 7 de Setembro de membros das for\u00e7as de seguran\u00e7a. O medo \u00e9 que exista insubordina\u00e7\u00e3o nas PMs, onde h\u00e1 forte penetra\u00e7\u00e3o do bolsonarismo.<\/p>\n<p style=\"text-align: justify;\">Na entrevista nesta segunda, Bolsonaro afirmou ainda que a defesa do voto impresso deve estar na pauta dos atos do feriado da Independ\u00eancia.<\/p>\n<p style=\"text-align: justify;\">&#8220;Muitos v\u00e3o falar tamb\u00e9m do voto impresso, do voto audit\u00e1vel com a contagem p\u00fablica. Est\u00e3o pedindo muita coisa? N\u00e3o est\u00e3o pedindo nada al\u00e9m do normal, nada al\u00e9m daquilo que os pr\u00f3prios Poderes da Rep\u00fablica deveriam atender essas pessoas&#8221;, disse.<\/p>\n<p style=\"text-align: justify;\">A defesa do voto impresso por Bolsonaro esteve no centro da crise do presidente do Barroso e o TSE.<\/p>\n<p style=\"text-align: justify;\">Ao atacar a urna eletr\u00f4nica, ele propagou teorias sobre a suposta fragilidade do atual sistema de vota\u00e7\u00e3o e disse que s\u00f3 perder\u00e1 o pleito do ano que vem caso haja fraude.<\/p>\n<p style=\"text-align: justify;\">Ele tamb\u00e9m chegou a colocar em d\u00favida a realiza\u00e7\u00e3o das elei\u00e7\u00f5es de 2022 caso n\u00e3o haja a ado\u00e7\u00e3o do voto impresso.<\/p>\n<p style=\"text-align: justify;\">O teor golpista das falas de Bolsonaro geraram preocupa\u00e7\u00e3o de um poss\u00edvel questionamento dos resultados eleitorais na disputa presidencial caso ele n\u00e3o consiga se reeleger.<\/p>\n<p style=\"text-align: justify;\">Em 10 de agosto, a C\u00e2mara dos Deputados rejeitou uma PEC (Proposta de Emenda \u00e0 Constitui\u00e7\u00e3o) do voto impresso. Apesar de derrota no Parlamento, o presidente n\u00e3o abandonou a bandeira.<\/p>\n<\/section>\n<\/section>\n<\/article>\n<div class=\"sameoab_ad_container loaded\" data-nativead-2call-placements=\"post-article:2\" data-nativead-postarticle-count=\"2\" data-id=\"118\" data-m=\"{&quot;i&quot;:118,&quot;p&quot;:103,&quot;n&quot;:&quot;sameoab_ad&quot;,&quot;y&quot;:8,&quot;o&quot;:4}\">\n<div style=\"text-align: justify;\" data-json=\"\" data-provider=\"\" data-viewability=\"\">Fonte: MSN Not\u00edcias\u00a0<\/div>\n<\/div>\n\n\n<p><\/p>\n","protected":false},"excerpt":{"rendered":"<p>Em uma nova convoca\u00e7\u00e3o para os atos bolsonaristas de 7 de Setembro, o presidente Jair Bolsonaro (sem partido) disse nesta segunda-feira (30) que as manifesta\u00e7\u00f5es programadas para o feriado ter\u00e3o como pauta a &#8220;liberdade de express\u00e3o&#8221; e a defesa do voto impresso. Durante entrevista a uma r\u00e1dio de Goi\u00e1s, o presidente fez ainda novas cr\u00edticas [&hellip;]<\/p>\n","protected":false},"author":1,"featured_media":27661,"comment_status":"closed","ping_status":"open","sticky":false,"template":"","format":"standard","meta":{"_uag_custom_page_level_css":"","_monsterinsights_skip_tracking":false,"_monsterinsights_sitenote_active":false,"_monsterinsights_sitenote_note":"","_monsterinsights_sitenote_category":0,"jetpack_post_was_ever_published":false,"_jetpack_newsletter_access":"","_jetpack_dont_email_post_to_subs":false,"_jetpack_newsletter_tier_id":0,"_jetpack_memberships_contains_paywalled_content":false,"_jetpack_memberships_contains_paid_content":false,"footnotes":"","jetpack_publicize_message":"","jetpack_publicize_feature_enabled":true,"jetpack_social_post_already_shared":true,"jetpack_social_options":{"image_generator_settings":{"template":"highway","default_image_id":0,"font":"","enabled":false},"version":2}},"categories":[200],"tags":[4995,21,4992,4994,4996],"class_list":["post-27660","post","type-post","status-publish","format-standard","has-post-thumbnail","hentry","category-brasil","tag-07-de-setembro","tag-bolsonaro","tag-busca-esvaziar-raiz","tag-golpista","tag-liberta-de-expressao"],"jetpack_publicize_connections":[],"jetpack_featured_media_url":"https:\/\/blogopara.com.br\/wp-content\/uploads\/2021\/08\/BOLSONARO-98.jpg","uagb_featured_image_src":{"full":["https:\/\/blogopara.com.br\/wp-content\/uploads\/2021\/08\/BOLSONARO-98.jpg",500,309,false],"thumbnail":["https:\/\/blogopara.com.br\/wp-content\/uploads\/2021\/08\/BOLSONARO-98-150x150.jpg",150,150,true],"medium":["https:\/\/blogopara.com.br\/wp-content\/uploads\/2021\/08\/BOLSONARO-98-300x185.jpg",300,185,true],"medium_large":["https:\/\/blogopara.com.br\/wp-content\/uploads\/2021\/08\/BOLSONARO-98.jpg",500,309,false],"large":["https:\/\/blogopara.com.br\/wp-content\/uploads\/2021\/08\/BOLSONARO-98.jpg",500,309,false],"1536x1536":["https:\/\/blogopara.com.br\/wp-content\/uploads\/2021\/08\/BOLSONARO-98.jpg",500,309,false],"2048x2048":["https:\/\/blogopara.com.br\/wp-content\/uploads\/2021\/08\/BOLSONARO-98.jpg",500,309,false],"mantranews-slider-large":["https:\/\/blogopara.com.br\/wp-content\/uploads\/2021\/08\/BOLSONARO-98.jpg",500,309,false],"mantranews-featured-medium":["https:\/\/blogopara.com.br\/wp-content\/uploads\/2021\/08\/BOLSONARO-98-420x307.jpg",420,307,true],"mantranews-featured-long":["https:\/\/blogopara.com.br\/wp-content\/uploads\/2021\/08\/BOLSONARO-98-300x309.jpg",300,309,true],"mantranews-block-medium":["https:\/\/blogopara.com.br\/wp-content\/uploads\/2021\/08\/BOLSONARO-98-464x290.jpg",464,290,true],"mantranews-carousel-image":["https:\/\/blogopara.com.br\/wp-content\/uploads\/2021\/08\/BOLSONARO-98.jpg",500,309,false],"mantranews-block-thumb":["https:\/\/blogopara.com.br\/wp-content\/uploads\/2021\/08\/BOLSONARO-98-322x230.jpg",322,230,true],"mantranews-single-large":["https:\/\/blogopara.com.br\/wp-content\/uploads\/2021\/08\/BOLSONARO-98.jpg",500,309,false]},"uagb_author_info":{"display_name":"Reda\u00e7\u00e3o geral","author_link":"https:\/\/blogopara.com.br\/index.php\/author\/blogopara"},"uagb_comment_info":0,"uagb_excerpt":"Em uma nova convoca\u00e7\u00e3o para os atos bolsonaristas de 7 de Setembro, o presidente Jair Bolsonaro (sem partido) disse nesta segunda-feira (30) que as manifesta\u00e7\u00f5es programadas para o feriado ter\u00e3o como pauta a &#8220;liberdade de express\u00e3o&#8221; e a defesa do voto impresso. Durante entrevista a uma r\u00e1dio de Goi\u00e1s, o presidente fez ainda novas cr\u00edticas&hellip;","jetpack_sharing_enabled":true,"jetpack_likes_enabled":true,"_links":{"self":[{"href":"https:\/\/blogopara.com.br\/index.php\/wp-json\/wp\/v2\/posts\/27660","targetHints":{"allow":["GET"]}}],"collection":[{"href":"https:\/\/blogopara.com.br\/index.php\/wp-json\/wp\/v2\/posts"}],"about":[{"href":"https:\/\/blogopara.com.br\/index.php\/wp-json\/wp\/v2\/types\/post"}],"author":[{"embeddable":true,"href":"https:\/\/blogopara.com.br\/index.php\/wp-json\/wp\/v2\/users\/1"}],"replies":[{"embeddable":true,"href":"https:\/\/blogopara.com.br\/index.php\/wp-json\/wp\/v2\/comments?post=27660"}],"version-history":[{"count":1,"href":"https:\/\/blogopara.com.br\/index.php\/wp-json\/wp\/v2\/posts\/27660\/revisions"}],"predecessor-version":[{"id":27662,"href":"https:\/\/blogopara.com.br\/index.php\/wp-json\/wp\/v2\/posts\/27660\/revisions\/27662"}],"wp:featuredmedia":[{"embeddable":true,"href":"https:\/\/blogopara.com.br\/index.php\/wp-json\/wp\/v2\/media\/27661"}],"wp:attachment":[{"href":"https:\/\/blogopara.com.br\/index.php\/wp-json\/wp\/v2\/media?parent=27660"}],"wp:term":[{"taxonomy":"category","embeddable":true,"href":"https:\/\/blogopara.com.br\/index.php\/wp-json\/wp\/v2\/categories?post=27660"},{"taxonomy":"post_tag","embeddable":true,"href":"https:\/\/blogopara.com.br\/index.php\/wp-json\/wp\/v2\/tags?post=27660"}],"curies":[{"name":"wp","href":"https:\/\/api.w.org\/{rel}","templated":true}]}}