{"id":27667,"date":"2021-08-31T09:32:00","date_gmt":"2021-08-31T12:32:00","guid":{"rendered":"https:\/\/blogopara.com.br\/?p=27667"},"modified":"2021-08-31T08:53:01","modified_gmt":"2021-08-31T11:53:01","slug":"exercito-americano-destroi-avioes-e-blindados-antes-de-deixar-cabul","status":"publish","type":"post","link":"https:\/\/blogopara.com.br\/index.php\/2021\/08\/31\/exercito-americano-destroi-avioes-e-blindados-antes-de-deixar-cabul","title":{"rendered":"Ex\u00e9rcito americano destr\u00f3i avi\u00f5es e blindados antes de deixar Cabul"},"content":{"rendered":"<p style=\"text-align: justify;\">O Ex\u00e9rcito americano destruiu avi\u00f5es, blindados e o sistema de defesa antim\u00edsseis antes de\u00a0<a href=\"https:\/\/g1.globo.com\/mundo\/noticia\/2021\/08\/30\/eua-concluem-retirada-das-tropas-do-afeganistao.ghtml\">deixar o aeroporto de Cabul<\/a>, capital do\u00a0<a href=\"https:\/\/g1.globo.com\/tudo-sobre\/afeganistao\/\">Afeganist\u00e3o<\/a>, e encerrar na madrugada desta ter\u00e7a-feira (31) a guerra mais longa da hist\u00f3ria dos\u00a0<a href=\"https:\/\/g1.globo.com\/tudo-sobre\/estados-unidos\/\">Estados Unidos<\/a>.<\/p>\n<p style=\"text-align: justify;\">Foram &#8220;inabilitados&#8221; 73 avi\u00f5es, 70 ve\u00edculos blindados resistentes a minas terrestres \u2014 que valem US$ 1 milh\u00e3o cada um \u2014 e 27 Humvees, disse o general Kenneth McKenzie, chefe do Comando Central dos EUA, \u00f3rg\u00e3o respons\u00e1vel pelas opera\u00e7\u00f5es militares do pa\u00eds no Oriente M\u00e9dio.<\/p>\n<p style=\"text-align: justify;\">McKenzie afirmou que o \u00faltimo aparelho a ser inutilizado foi o sistema de defesa antim\u00edsseis, que na segunda-feira (30)\u00a0<a href=\"https:\/\/g1.globo.com\/mundo\/noticia\/2021\/08\/30\/sistema-antimisseis-dos-eua-intercepta-foguetes-lancados-contra-o-aeroporto-de-cabul.ghtml\">deteve cinco foguetes disparados pelo Estado Isl\u00e2mico contra o aeroporto<\/a>. &#8220;Decidimos deixar esses sistemas funcionando at\u00e9 o \u00faltimo minuto&#8221;.<\/p>\n<p style=\"text-align: justify;\"><a href=\"https:\/\/g1.globo.com\/mundo\/noticia\/2021\/08\/30\/major-general-foi-o-ultimo-soldado-americano-a-deixar-o-afeganistao-diz-departamento-de-defesa-dos-eua.ghtml\">O \u00faltimo soldado americano a deixar o pa\u00eds foi o major-general Christopher Donahue<\/a>, segundo o Departamento de Defesa americana. Sua patente \u00e9 equivalente \u00e0 de general de brigada no Brasil.<\/p>\n<p style=\"text-align: justify;\">Talib\u00e3 comemora<\/p>\n<p style=\"text-align: justify;\">O fim da &#8220;Guerra sem fim&#8221; (&#8220;Endless war&#8221;, como a Guerra do Afeganist\u00e3o \u00e9 conhecida nos EUA) acontece depois de quase 20 anos de ocupa\u00e7\u00e3o do pa\u00eds, que foi invadido meses ap\u00f3s os ataques terroristas de 11 de Setembro de 2001.<\/p>\n<p style=\"text-align: justify;\">O\u00a0<a href=\"https:\/\/g1.globo.com\/tudo-sobre\/taliba\/\">Talib\u00e3<\/a>\u00a0comandava o pa\u00eds desde 1996 e foi acusado pelos americanos de esconder e financiar membros da\u00a0<a href=\"https:\/\/g1.globo.com\/tudo-sobre\/al-qaeda\/\">Al-Qaeda<\/a>, grupo terrorista comandado por\u00a0<a href=\"https:\/\/g1.globo.com\/tudo-sobre\/osama-bin-laden\/\">Osama bin Laden<\/a>\u00a0e respons\u00e1vel pelo atentado.<\/p>\n<p style=\"text-align: justify;\">O Talib\u00e3 foi expulso do poder com a invas\u00e3o americana, mas voltou a comandar o Afeganist\u00e3o no dia 15, antes mesmo do fim da ocupa\u00e7\u00e3o, ap\u00f3s\u00a0<a href=\"https:\/\/g1.globo.com\/mundo\/noticia\/2021\/08\/15\/taliba-cabul-afeganistao.ghtml\">o presidente Ashraf Ghani, fugir do pa\u00eds<\/a>\u00a0e o grupo extremista\u00a0<a href=\"https:\/\/g1.globo.com\/mundo\/noticia\/2021\/08\/15\/taliba-cabul-20-anos-depois.ghtml\">tomar a capital Cabul<\/a>.<\/p>\n<p style=\"text-align: justify;\">Ap\u00f3s a retirada americana, talib\u00e3s tomaram o controle do aeroporto e comemoraram o fim da ocupa\u00e7\u00e3o americana com tiros para o alto\u00a0(veja no v\u00eddeo abaixo). &#8220;Parab\u00e9ns ao Afeganist\u00e3o. Esta vit\u00f3ria pertence a todos n\u00f3s&#8221;, afirmou o porta-voz do grupo, Zabihullah Mujahid.<\/p>\n<p style=\"text-align: justify;\">Mujahid afirmou que\u00a0<a href=\"https:\/\/g1.globo.com\/mundo\/noticia\/2021\/08\/31\/taliba-diz-querer-relacoes-diplomaticas-com-os-eua.ghtml\">o Talib\u00e3 deseja ter &#8220;boas rela\u00e7\u00f5es com os EUA e com o mundo&#8221;<\/a>, mas fez um alerta: &#8220;A derrota dos EUA \u00e9 uma grande li\u00e7\u00e3o para outros invasores e para nossas gera\u00e7\u00f5es futuras&#8221;.<\/p>\n<p style=\"text-align: justify;\">Fim tumultuado da ocupa\u00e7\u00e3o<\/p>\n<p style=\"text-align: justify;\">A sa\u00edda das tropas americanas e aliadas do Afeganist\u00e3o foram marcadas por cenas de desespero no aeroporto internacional Hamid Karzai \u2014 a \u00fanica porta de sa\u00edda de estrangeiros e afeg\u00e3os que tentavam fugir do Talib\u00e3 \u2014, um atentado terrorista e v\u00e1rias tentativas de ataque ao local.<\/p>\n<p style=\"text-align: justify;\">Os EUA mobilizaram 6 mil soldados para ocupar e manter o funcionamento do aeroporto desde que\u00a0<a href=\"https:\/\/g1.globo.com\/mundo\/noticia\/2021\/08\/16\/taliba-afeganistao-cabul.ghtml\">uma multid\u00e3o invadiu o aeroporto e o tumulto deixar mortos<\/a>.<\/p>\n<p style=\"text-align: justify;\">Em meio ao caos, afeg\u00e3os chegaram a subir em um avi\u00e3o da For\u00e7a A\u00e9rea americana que estava taxiando na pista e ca\u00edram ap\u00f3s a decolagem e morreram\u00a0<\/p>\n<p style=\"text-align: justify;\">Ataques terroritas e resposta dos EUA<\/p>\n<p style=\"text-align: justify;\">Na quinta-feira (26),\u00a0<a href=\"https:\/\/g1.globo.com\/mundo\/noticia\/2021\/08\/27\/mortes-atentado-aeroporto-cabul.ghtml\">um ataque terrorista com um homem-bomba em um dos port\u00f5es do aeroporto deixou mais de 180 mortos<\/a>, inclusive 13 soldados americanos. O atentado foi reivindicado pelo\u00a0<a href=\"https:\/\/g1.globo.com\/mundo\/noticia\/2021\/08\/26\/estado-islamico-khorasan-conheca-o-grupo-extremista-rival-do-taliba-que-espalha-terror-no-afeganistao.ghtml\">Estado Isl\u00e2mico-Khorasan<\/a>\u00a0(EI-K), bra\u00e7o afeg\u00e3o do do grupo terrorista, que \u00e9 inimigo do Talib\u00e3.<\/p>\n<p style=\"text-align: justify;\">No s\u00e1bado (28), a primeira resposta dos EUA:\u00a0<a href=\"https:\/\/g1.globo.com\/mundo\/noticia\/2021\/08\/28\/ataque-com-drones-matou-dois-membros-do-estado-islamico-e-deixou-um-terceiro-ferido-no-afeganistao-diz-exercito-dos-eua.ghtml\">dois integrantes do EI-K foram mortos e um ficou ferido em um ataque com drone<\/a>. Militares americanos dizem que os tr\u00eas estavam envolvidos no planejamento e execu\u00e7\u00e3o do atentado.<\/p>\n<p style=\"text-align: justify;\">No domingo (29),\u00a0<a href=\"https:\/\/g1.globo.com\/mundo\/noticia\/2021\/08\/29\/testemunhas-afirmam-ter-ouvido-uma-explosao-perto-de-aeroporto-em-cabul-no-afeganistao.ghtml\">os EUA fizeram um novo ataque com drone<\/a>\u00a0e disseram ter atingido um carro que levava um homem-bomba ao aeroporto.\u00a0<a href=\"https:\/\/g1.globo.com\/mundo\/noticia\/2021\/08\/30\/ataque-com-drone-dos-eua-matou-civis-em-cabul-dizem-afegaos.ghtml\">Afeg\u00e3os afirmam que o ataque matou tamb\u00e9m civis<\/a>.<\/p>\n<p style=\"text-align: justify;\">Na segunda (30),\u00a0<a href=\"https:\/\/g1.globo.com\/mundo\/noticia\/2021\/08\/30\/sistema-antimisseis-dos-eua-intercepta-foguetes-lancados-contra-o-aeroporto-de-cabul.ghtml\">cinco foguetes lan\u00e7ados contra o aeroporto foram interceptados pelo sistema antim\u00edsseis americano<\/a>\u00a0e\u00a0<a href=\"https:\/\/g1.globo.com\/mundo\/noticia\/2021\/08\/30\/foguetes-disparados-contra-aeroporto-de-cabul-atingem-casas.ghtml\">outros ca\u00edram em bairro pr\u00f3ximo e atingiram casas<\/a>. O Estado Isl\u00e2mico-Khorasan assumiu a responsabilidade pelos ataques.<\/p>\n<p style=\"text-align: justify;\">Apesar dos diversos problemas na retirada, os voos de evacua\u00e7\u00e3o retiraram mais de 120 mil pessoas do pa\u00eds, segundo o Pent\u00e1gono.\u00a0Mas milhares de afeg\u00e3os que trabalharam para os EUA e pa\u00edses aliados ficaram para tr\u00e1s e correm o risco de sofrerem retalia\u00e7\u00e3o.<\/p>\n<p style=\"text-align: justify;\">O secret\u00e1rio de Estado dos EUA, Anthony Blinken, disse em pronunciamento ap\u00f3s o fim da opera\u00e7\u00e3o que &#8220;um novo cap\u00edtulo do envolvimento dos EUA com o Afeganist\u00e3o come\u00e7ou&#8221;. &#8220;Um [novo cap\u00edtulo] em que vamos liderar com diplomacia&#8221;.<\/p>\n<p style=\"text-align: justify;\">\u00a0<\/p>\n","protected":false},"excerpt":{"rendered":"<p>O Ex\u00e9rcito americano destruiu avi\u00f5es, blindados e o sistema de defesa antim\u00edsseis antes de\u00a0deixar o aeroporto de Cabul, capital do\u00a0Afeganist\u00e3o, e encerrar na madrugada desta ter\u00e7a-feira (31) a guerra mais longa da hist\u00f3ria dos\u00a0Estados Unidos. Foram &#8220;inabilitados&#8221; 73 avi\u00f5es, 70 ve\u00edculos blindados resistentes a minas terrestres \u2014 que valem US$ 1 milh\u00e3o cada um \u2014 [&hellip;]<\/p>\n","protected":false},"author":1,"featured_media":27669,"comment_status":"closed","ping_status":"open","sticky":false,"template":"","format":"standard","meta":{"_uag_custom_page_level_css":"","_monsterinsights_skip_tracking":false,"_monsterinsights_sitenote_active":false,"_monsterinsights_sitenote_note":"","_monsterinsights_sitenote_category":0,"jetpack_post_was_ever_published":false,"_jetpack_newsletter_access":"","_jetpack_dont_email_post_to_subs":false,"_jetpack_newsletter_tier_id":0,"_jetpack_memberships_contains_paywalled_content":false,"_jetpack_memberships_contains_paid_content":false,"footnotes":"","jetpack_publicize_message":"","jetpack_publicize_feature_enabled":true,"jetpack_social_post_already_shared":true,"jetpack_social_options":{"image_generator_settings":{"template":"highway","default_image_id":0,"font":"","enabled":false},"version":2}},"categories":[273],"tags":[5003,5002,5001,5000],"class_list":["post-27667","post","type-post","status-publish","format-standard","has-post-thumbnail","hentry","category-mundo","tag-antes-de-deixar-cabul","tag-blindados","tag-destroi-avioes","tag-exercito-americano"],"jetpack_publicize_connections":[],"jetpack_featured_media_url":"https:\/\/blogopara.com.br\/wp-content\/uploads\/2021\/08\/2021-08-31t094203z-1302264880-rc29gp977mzh-rtrmadp-3-afghanistan-conflict-airport-taliban.jpg","uagb_featured_image_src":{"full":["https:\/\/blogopara.com.br\/wp-content\/uploads\/2021\/08\/2021-08-31t094203z-1302264880-rc29gp977mzh-rtrmadp-3-afghanistan-conflict-airport-taliban.jpg",500,343,false],"thumbnail":["https:\/\/blogopara.com.br\/wp-content\/uploads\/2021\/08\/2021-08-31t094203z-1302264880-rc29gp977mzh-rtrmadp-3-afghanistan-conflict-airport-taliban-150x150.jpg",150,150,true],"medium":["https:\/\/blogopara.com.br\/wp-content\/uploads\/2021\/08\/2021-08-31t094203z-1302264880-rc29gp977mzh-rtrmadp-3-afghanistan-conflict-airport-taliban-300x206.jpg",300,206,true],"medium_large":["https:\/\/blogopara.com.br\/wp-content\/uploads\/2021\/08\/2021-08-31t094203z-1302264880-rc29gp977mzh-rtrmadp-3-afghanistan-conflict-airport-taliban.jpg",500,343,false],"large":["https:\/\/blogopara.com.br\/wp-content\/uploads\/2021\/08\/2021-08-31t094203z-1302264880-rc29gp977mzh-rtrmadp-3-afghanistan-conflict-airport-taliban.jpg",500,343,false],"1536x1536":["https:\/\/blogopara.com.br\/wp-content\/uploads\/2021\/08\/2021-08-31t094203z-1302264880-rc29gp977mzh-rtrmadp-3-afghanistan-conflict-airport-taliban.jpg",500,343,false],"2048x2048":["https:\/\/blogopara.com.br\/wp-content\/uploads\/2021\/08\/2021-08-31t094203z-1302264880-rc29gp977mzh-rtrmadp-3-afghanistan-conflict-airport-taliban.jpg",500,343,false],"mantranews-slider-large":["https:\/\/blogopara.com.br\/wp-content\/uploads\/2021\/08\/2021-08-31t094203z-1302264880-rc29gp977mzh-rtrmadp-3-afghanistan-conflict-airport-taliban.jpg",500,343,false],"mantranews-featured-medium":["https:\/\/blogopara.com.br\/wp-content\/uploads\/2021\/08\/2021-08-31t094203z-1302264880-rc29gp977mzh-rtrmadp-3-afghanistan-conflict-airport-taliban-420x307.jpg",420,307,true],"mantranews-featured-long":["https:\/\/blogopara.com.br\/wp-content\/uploads\/2021\/08\/2021-08-31t094203z-1302264880-rc29gp977mzh-rtrmadp-3-afghanistan-conflict-airport-taliban-300x343.jpg",300,343,true],"mantranews-block-medium":["https:\/\/blogopara.com.br\/wp-content\/uploads\/2021\/08\/2021-08-31t094203z-1302264880-rc29gp977mzh-rtrmadp-3-afghanistan-conflict-airport-taliban-464x290.jpg",464,290,true],"mantranews-carousel-image":["https:\/\/blogopara.com.br\/wp-content\/uploads\/2021\/08\/2021-08-31t094203z-1302264880-rc29gp977mzh-rtrmadp-3-afghanistan-conflict-airport-taliban.jpg",500,343,false],"mantranews-block-thumb":["https:\/\/blogopara.com.br\/wp-content\/uploads\/2021\/08\/2021-08-31t094203z-1302264880-rc29gp977mzh-rtrmadp-3-afghanistan-conflict-airport-taliban-322x230.jpg",322,230,true],"mantranews-single-large":["https:\/\/blogopara.com.br\/wp-content\/uploads\/2021\/08\/2021-08-31t094203z-1302264880-rc29gp977mzh-rtrmadp-3-afghanistan-conflict-airport-taliban.jpg",500,343,false]},"uagb_author_info":{"display_name":"Reda\u00e7\u00e3o geral","author_link":"https:\/\/blogopara.com.br\/index.php\/author\/blogopara"},"uagb_comment_info":0,"uagb_excerpt":"O Ex\u00e9rcito americano destruiu avi\u00f5es, blindados e o sistema de defesa antim\u00edsseis antes de\u00a0deixar o aeroporto de Cabul, capital do\u00a0Afeganist\u00e3o, e encerrar na madrugada desta ter\u00e7a-feira (31) a guerra mais longa da hist\u00f3ria dos\u00a0Estados Unidos. Foram &#8220;inabilitados&#8221; 73 avi\u00f5es, 70 ve\u00edculos blindados resistentes a minas terrestres \u2014 que valem US$ 1 milh\u00e3o cada um \u2014&hellip;","jetpack_sharing_enabled":true,"jetpack_likes_enabled":true,"_links":{"self":[{"href":"https:\/\/blogopara.com.br\/index.php\/wp-json\/wp\/v2\/posts\/27667","targetHints":{"allow":["GET"]}}],"collection":[{"href":"https:\/\/blogopara.com.br\/index.php\/wp-json\/wp\/v2\/posts"}],"about":[{"href":"https:\/\/blogopara.com.br\/index.php\/wp-json\/wp\/v2\/types\/post"}],"author":[{"embeddable":true,"href":"https:\/\/blogopara.com.br\/index.php\/wp-json\/wp\/v2\/users\/1"}],"replies":[{"embeddable":true,"href":"https:\/\/blogopara.com.br\/index.php\/wp-json\/wp\/v2\/comments?post=27667"}],"version-history":[{"count":1,"href":"https:\/\/blogopara.com.br\/index.php\/wp-json\/wp\/v2\/posts\/27667\/revisions"}],"predecessor-version":[{"id":27670,"href":"https:\/\/blogopara.com.br\/index.php\/wp-json\/wp\/v2\/posts\/27667\/revisions\/27670"}],"wp:featuredmedia":[{"embeddable":true,"href":"https:\/\/blogopara.com.br\/index.php\/wp-json\/wp\/v2\/media\/27669"}],"wp:attachment":[{"href":"https:\/\/blogopara.com.br\/index.php\/wp-json\/wp\/v2\/media?parent=27667"}],"wp:term":[{"taxonomy":"category","embeddable":true,"href":"https:\/\/blogopara.com.br\/index.php\/wp-json\/wp\/v2\/categories?post=27667"},{"taxonomy":"post_tag","embeddable":true,"href":"https:\/\/blogopara.com.br\/index.php\/wp-json\/wp\/v2\/tags?post=27667"}],"curies":[{"name":"wp","href":"https:\/\/api.w.org\/{rel}","templated":true}]}}