{"id":27675,"date":"2021-08-31T11:29:00","date_gmt":"2021-08-31T14:29:00","guid":{"rendered":"https:\/\/blogopara.com.br\/?p=27675"},"modified":"2021-08-31T09:38:07","modified_gmt":"2021-08-31T12:38:07","slug":"jordavio-ramos-visita-sebrae-de-juazeiro-e-acompanha-de-perto-o-trabalho-realizado-pela-instituicao","status":"publish","type":"post","link":"https:\/\/blogopara.com.br\/index.php\/2021\/08\/31\/jordavio-ramos-visita-sebrae-de-juazeiro-e-acompanha-de-perto-o-trabalho-realizado-pela-instituicao","title":{"rendered":"Jord\u00e1vio Ramos visita SEBRAE de Juazeiro e acompanha de perto o trabalho realizado pela institui\u00e7\u00e3o"},"content":{"rendered":"<p style=\"font-weight: 400; text-align: justify;\">Na tarde desta segunda-feira (30), Jord\u00e1vio Ramos, visitou o Servi\u00e7o Brasileiro de Apoio \u00e0s Micro e Pequenas Empresas (SEBRAE), de Juazeiro (BA). A a\u00e7\u00e3o teve como finalidade conhecer de perto a realidade do trabalho desenvolvido pela institui\u00e7\u00e3o para qualificar o setor empresarial da cidade.<\/p>\n<p style=\"font-weight: 400; text-align: justify;\">Durante o encontro, Jord\u00e1vio conversou com o gerente regional do SEBRAE, Carlos Cointeiro, que falou sobre a atua\u00e7\u00e3o da institui\u00e7\u00e3o em Juazeiro e os programas desenvolvidos no munic\u00edpio na \u00e1rea do empreendedorismo, dentre eles, um projeto comercial, que tem como objetivo melhorar o desenvolvimento econ\u00f4mico e a qualidade de vida das pessoas que vivem em Juazeiro.<\/p>\n<p style=\"font-weight: 400; text-align: justify;\">Sobre a visita, Jord\u00e1vio refor\u00e7ou o interesse em conhecer ainda mais o trabalho de uma institui\u00e7\u00e3o que contribui de maneira t\u00e3o positiva com a economia da cidade. \u201cN\u00e3o h\u00e1 d\u00favidas da import\u00e2ncia do SEBRAE para Juazeiro e do quanto essa institui\u00e7\u00e3o j\u00e1 transformou a realidade de micro e pequenos empreendedores. Aprender com eles e tra\u00e7ar caminhos para mais a\u00e7\u00f5es de transforma\u00e7\u00e3o \u00e9 muito gratificante para mim como cidad\u00e3o juazeirense\u201d, explicou.<\/p>\n<p style=\"font-weight: 400; text-align: justify;\">O gerente regional agradeceu a visita e o interesse de Jord\u00e1vio em conhecer os servi\u00e7os realizados pela institui\u00e7\u00e3o. \u201cFicamos muito honrados e agradecidos em receber Jord\u00e1vio. As realiza\u00e7\u00f5es do SEBRAE contribuem para a sociedade e precisam ser repassadas para que todos tenham acesso\u201d, enfatizou Carlos Cointeiro.<\/p>\n<p style=\"font-weight: 400; text-align: justify;\">O Servi\u00e7o de Apoio \u00e0s micro e Pequenas Empresas da Bahia foi criado h\u00e1 mais de 45 anos e atende 28 munic\u00edpios. O SEBRAE tem a miss\u00e3o de promover competitividade e o desenvolvimento sustent\u00e1vel de pequenos neg\u00f3cios. Em Juazeiro, a institui\u00e7\u00e3o \u00e9 pioneira na atividade do empreendedorismo.<\/p>\n","protected":false},"excerpt":{"rendered":"<p>Na tarde desta segunda-feira (30), Jord\u00e1vio Ramos, visitou o Servi\u00e7o Brasileiro de Apoio \u00e0s Micro e Pequenas Empresas (SEBRAE), de Juazeiro (BA). A a\u00e7\u00e3o teve como finalidade conhecer de perto a realidade do trabalho desenvolvido pela institui\u00e7\u00e3o para qualificar o setor empresarial da cidade. Durante o encontro, Jord\u00e1vio conversou com o gerente regional do SEBRAE, [&hellip;]<\/p>\n","protected":false},"author":1,"featured_media":27676,"comment_status":"closed","ping_status":"open","sticky":false,"template":"","format":"standard","meta":{"_uag_custom_page_level_css":"","_monsterinsights_skip_tracking":false,"_monsterinsights_sitenote_active":false,"_monsterinsights_sitenote_note":"","_monsterinsights_sitenote_category":0,"jetpack_post_was_ever_published":false,"_jetpack_newsletter_access":"","_jetpack_dont_email_post_to_subs":false,"_jetpack_newsletter_tier_id":0,"_jetpack_memberships_contains_paywalled_content":false,"_jetpack_memberships_contains_paid_content":false,"footnotes":"","jetpack_publicize_message":"","jetpack_publicize_feature_enabled":true,"jetpack_social_post_already_shared":true,"jetpack_social_options":{"image_generator_settings":{"template":"highway","default_image_id":0,"font":"","enabled":false},"version":2}},"categories":[203],"tags":[4779,1622,229,2967],"class_list":["post-27675","post","type-post","status-publish","format-standard","has-post-thumbnail","hentry","category-juazeiro","tag-jordavio-ramos-2","tag-juazeiro-bahia","tag-sebrae","tag-visita"],"jetpack_publicize_connections":[],"jetpack_featured_media_url":"https:\/\/blogopara.com.br\/wp-content\/uploads\/2021\/08\/WhatsApp-Image-2021-08-30-at-16.54.40.jpeg","uagb_featured_image_src":{"full":["https:\/\/blogopara.com.br\/wp-content\/uploads\/2021\/08\/WhatsApp-Image-2021-08-30-at-16.54.40.jpeg",1600,1200,false],"thumbnail":["https:\/\/blogopara.com.br\/wp-content\/uploads\/2021\/08\/WhatsApp-Image-2021-08-30-at-16.54.40-150x150.jpeg",150,150,true],"medium":["https:\/\/blogopara.com.br\/wp-content\/uploads\/2021\/08\/WhatsApp-Image-2021-08-30-at-16.54.40-300x225.jpeg",300,225,true],"medium_large":["https:\/\/blogopara.com.br\/wp-content\/uploads\/2021\/08\/WhatsApp-Image-2021-08-30-at-16.54.40-768x576.jpeg",640,480,true],"large":["https:\/\/blogopara.com.br\/wp-content\/uploads\/2021\/08\/WhatsApp-Image-2021-08-30-at-16.54.40-1024x768.jpeg",640,480,true],"1536x1536":["https:\/\/blogopara.com.br\/wp-content\/uploads\/2021\/08\/WhatsApp-Image-2021-08-30-at-16.54.40-1536x1152.jpeg",1536,1152,true],"2048x2048":["https:\/\/blogopara.com.br\/wp-content\/uploads\/2021\/08\/WhatsApp-Image-2021-08-30-at-16.54.40.jpeg",1600,1200,false],"mantranews-slider-large":["https:\/\/blogopara.com.br\/wp-content\/uploads\/2021\/08\/WhatsApp-Image-2021-08-30-at-16.54.40-1020x741.jpeg",1020,741,true],"mantranews-featured-medium":["https:\/\/blogopara.com.br\/wp-content\/uploads\/2021\/08\/WhatsApp-Image-2021-08-30-at-16.54.40-420x307.jpeg",420,307,true],"mantranews-featured-long":["https:\/\/blogopara.com.br\/wp-content\/uploads\/2021\/08\/WhatsApp-Image-2021-08-30-at-16.54.40-300x443.jpeg",300,443,true],"mantranews-block-medium":["https:\/\/blogopara.com.br\/wp-content\/uploads\/2021\/08\/WhatsApp-Image-2021-08-30-at-16.54.40-464x290.jpeg",464,290,true],"mantranews-carousel-image":["https:\/\/blogopara.com.br\/wp-content\/uploads\/2021\/08\/WhatsApp-Image-2021-08-30-at-16.54.40-600x500.jpeg",600,500,true],"mantranews-block-thumb":["https:\/\/blogopara.com.br\/wp-content\/uploads\/2021\/08\/WhatsApp-Image-2021-08-30-at-16.54.40-322x230.jpeg",322,230,true],"mantranews-single-large":["https:\/\/blogopara.com.br\/wp-content\/uploads\/2021\/08\/WhatsApp-Image-2021-08-30-at-16.54.40-1210x642.jpeg",1210,642,true]},"uagb_author_info":{"display_name":"Reda\u00e7\u00e3o geral","author_link":"https:\/\/blogopara.com.br\/index.php\/author\/blogopara"},"uagb_comment_info":0,"uagb_excerpt":"Na tarde desta segunda-feira (30), Jord\u00e1vio Ramos, visitou o Servi\u00e7o Brasileiro de Apoio \u00e0s Micro e Pequenas Empresas (SEBRAE), de Juazeiro (BA). A a\u00e7\u00e3o teve como finalidade conhecer de perto a realidade do trabalho desenvolvido pela institui\u00e7\u00e3o para qualificar o setor empresarial da cidade. Durante o encontro, Jord\u00e1vio conversou com o gerente regional do SEBRAE,&hellip;","jetpack_sharing_enabled":true,"jetpack_likes_enabled":true,"_links":{"self":[{"href":"https:\/\/blogopara.com.br\/index.php\/wp-json\/wp\/v2\/posts\/27675","targetHints":{"allow":["GET"]}}],"collection":[{"href":"https:\/\/blogopara.com.br\/index.php\/wp-json\/wp\/v2\/posts"}],"about":[{"href":"https:\/\/blogopara.com.br\/index.php\/wp-json\/wp\/v2\/types\/post"}],"author":[{"embeddable":true,"href":"https:\/\/blogopara.com.br\/index.php\/wp-json\/wp\/v2\/users\/1"}],"replies":[{"embeddable":true,"href":"https:\/\/blogopara.com.br\/index.php\/wp-json\/wp\/v2\/comments?post=27675"}],"version-history":[{"count":1,"href":"https:\/\/blogopara.com.br\/index.php\/wp-json\/wp\/v2\/posts\/27675\/revisions"}],"predecessor-version":[{"id":27677,"href":"https:\/\/blogopara.com.br\/index.php\/wp-json\/wp\/v2\/posts\/27675\/revisions\/27677"}],"wp:featuredmedia":[{"embeddable":true,"href":"https:\/\/blogopara.com.br\/index.php\/wp-json\/wp\/v2\/media\/27676"}],"wp:attachment":[{"href":"https:\/\/blogopara.com.br\/index.php\/wp-json\/wp\/v2\/media?parent=27675"}],"wp:term":[{"taxonomy":"category","embeddable":true,"href":"https:\/\/blogopara.com.br\/index.php\/wp-json\/wp\/v2\/categories?post=27675"},{"taxonomy":"post_tag","embeddable":true,"href":"https:\/\/blogopara.com.br\/index.php\/wp-json\/wp\/v2\/tags?post=27675"}],"curies":[{"name":"wp","href":"https:\/\/api.w.org\/{rel}","templated":true}]}}